{"id":1230,"date":"2017-04-19T13:18:43","date_gmt":"2017-04-19T16:18:43","guid":{"rendered":"http:\/\/www.semiaridos.org\/?p=1230\/"},"modified":"2017-04-20T00:45:02","modified_gmt":"2017-04-20T03:45:02","slug":"experiencias-semiarido-venezolano","status":"publish","type":"post","link":"https:\/\/www.semiaridos.org\/en\/noticias\/experiencias-semiarido-venezolano\/","title":{"rendered":"Experiencias en el semi\u00e1rido venezolano"},"content":{"rendered":"<p>En el marco de trabajo de esta Plataforma, <span style=\"color: #008080;\">FUNDAPAZ<\/span>, como instituci\u00f3n coordinadora a nivel regional, y Acci\u00f3n Campesina, firmaron un acuerdo para impulsar iniciativas en el semi\u00e1rido del estado de Lara, Venezuela.<\/p>\n<p>En ese acuerdo se contempl\u00f3 la realizaci\u00f3n de acciones en terreno en las comunidades La Palmita y Puz, y poner en marcha un Plan de Innovaci\u00f3n, que en el caso de Venezuela tiene como prop\u00f3sito \u201cRealizar acciones de fortalecimiento y coordinaci\u00f3n con las instituciones de los \u00e1mbitos nacional, regional y local (p\u00fablicas y privadas) con competencias en el desarrollo agr\u00edcola y de sostenibilidad ambiental, para establecer una estrategia de largo plazo que permita realizar acciones de apoyo a comunidades campesinas del semi\u00e1rido de Lara, aprovechando tanto los recursos de estas instituciones como la experiencia y recursos humanos, naturales y sociales existentes en esas comunidades\u201d.<\/p>\n<p><img loading=\"lazy\" decoding=\"async\" class=\"alignnone size-full wp-image-1233\" src=\"http:\/\/www.semiaridos.org\/files\/2017\/04\/13569013_834355700033069_5284674610242843244_o.jpg\" alt=\"\" width=\"1024\" height=\"576\" srcset=\"https:\/\/www.semiaridos.org\/\/files\/2017\/04\/13569013_834355700033069_5284674610242843244_o.jpg 1024w, https:\/\/www.semiaridos.org\/\/files\/2017\/04\/13569013_834355700033069_5284674610242843244_o-300x169.jpg 300w, https:\/\/www.semiaridos.org\/\/files\/2017\/04\/13569013_834355700033069_5284674610242843244_o-768x432.jpg 768w, https:\/\/www.semiaridos.org\/\/files\/2017\/04\/13569013_834355700033069_5284674610242843244_o-700x394.jpg 700w, https:\/\/www.semiaridos.org\/\/files\/2017\/04\/13569013_834355700033069_5284674610242843244_o-539x303.jpg 539w\" sizes=\"auto, (max-width: 1024px) 100vw, 1024px\" \/><\/p>\n<p>De esas iniciativas surgieron los documentos que encontrar\u00e1n publicados en la secci\u00f3n Casos: \u201cLa sistematizaci\u00f3n de las experiencias de la intervenci\u00f3n sobre terreno en las comunidades de La Palmita y Puz\u201d, \u201cUn estudio de caso realizado en la comunidad de Uriche\u201d, \u201cEl informe narrativo del foro <em>Experiencias de desarrollo rural en el semi\u00e1rido del estado Lara\u201d<\/em>, y el \u201cPlan estrat\u00e9gico para el semi\u00e1rido del estado Lara\u201d.<\/p>\n<p><a href=\"http:\/\/www.semiaridos.org\/files\/2017\/04\/13558934_834356440032995_7489416850931455805_o.jpg\" rel=\"wpdevart_lightbox\"><img loading=\"lazy\" decoding=\"async\" class=\"alignnone size-full wp-image-1231\" src=\"http:\/\/www.semiaridos.org\/files\/2017\/04\/13558934_834356440032995_7489416850931455805_o.jpg\" alt=\"\" width=\"1024\" height=\"576\" srcset=\"https:\/\/www.semiaridos.org\/\/files\/2017\/04\/13558934_834356440032995_7489416850931455805_o.jpg 1024w, https:\/\/www.semiaridos.org\/\/files\/2017\/04\/13558934_834356440032995_7489416850931455805_o-300x169.jpg 300w, https:\/\/www.semiaridos.org\/\/files\/2017\/04\/13558934_834356440032995_7489416850931455805_o-768x432.jpg 768w, https:\/\/www.semiaridos.org\/\/files\/2017\/04\/13558934_834356440032995_7489416850931455805_o-700x394.jpg 700w, https:\/\/www.semiaridos.org\/\/files\/2017\/04\/13558934_834356440032995_7489416850931455805_o-539x303.jpg 539w\" sizes=\"auto, (max-width: 1024px) 100vw, 1024px\" \/><\/a><\/p>\n","protected":false},"excerpt":{"rendered":"<p>En el marco de trabajo de esta Plataforma, FUNDAPAZ, como instituci\u00f3n coordinadora a nivel regional, y Acci\u00f3n Campesina, firmaron un acuerdo para impulsar iniciativas en el semi\u00e1rido del estado de Lara, Venezuela. En ese acuerdo se contempl\u00f3 la realizaci\u00f3n de acciones en terreno en las&#8230;<\/p>\n","protected":false},"author":4,"featured_media":1232,"comment_status":"open","ping_status":"open","sticky":false,"template":"","format":"standard","meta":{"footnotes":""},"categories":[14],"tags":[275,43,277,276,274,210,280,278,279,55],"class_list":["post-1230","post","type-post","status-publish","format-standard","has-post-thumbnail","hentry","category-noticias","tag-accion-campesina","tag-fundapaz","tag-la-palmita","tag-lara","tag-plataforma","tag-puz","tag-semiarido","tag-sostenibilidad-ambiental","tag-uriche","tag-venezuela"],"yoast_head":"<!-- This site is optimized with the Yoast SEO plugin v26.3 - https:\/\/yoast.com\/wordpress\/plugins\/seo\/ -->\n<title>Experiencias en el semi\u00e1rido venezolano - Semi\u00e1ridos<\/title>\n<meta name=\"robots\" content=\"index, follow, max-snippet:-1, max-image-preview:large, max-video-preview:-1\" \/>\n<link rel=\"canonical\" href=\"https:\/\/www.semiaridos.org\/noticias\/experiencias-semiarido-venezolano\/\" \/>\n<meta property=\"og:locale\" content=\"en_US\" \/>\n<meta property=\"og:type\" content=\"article\" \/>\n<meta property=\"og:title\" content=\"Experiencias en el semi\u00e1rido venezolano - Semi\u00e1ridos\" \/>\n<meta property=\"og:description\" content=\"En el marco de trabajo de esta Plataforma, FUNDAPAZ, como instituci\u00f3n coordinadora a nivel regional, y Acci\u00f3n Campesina, firmaron un acuerdo para impulsar iniciativas en el semi\u00e1rido del estado de Lara, Venezuela. En ese acuerdo se contempl\u00f3 la realizaci\u00f3n de acciones en terreno en las...\" \/>\n<meta property=\"og:url\" content=\"https:\/\/www.semiaridos.org\/noticias\/experiencias-semiarido-venezolano\/\" \/>\n<meta property=\"og:site_name\" content=\"Semi\u00e1ridos\" \/>\n<meta property=\"article:published_time\" content=\"2017-04-19T16:18:43+00:00\" \/>\n<meta property=\"article:modified_time\" content=\"2017-04-20T03:45:02+00:00\" \/>\n<meta property=\"og:image\" content=\"https:\/\/www.semiaridos.org\/\/files\/2017\/04\/13559120_834355870033052_8921938643834153851_o.jpg\" \/>\n\t<meta property=\"og:image:width\" content=\"1024\" \/>\n\t<meta property=\"og:image:height\" content=\"576\" \/>\n\t<meta property=\"og:image:type\" content=\"image\/jpeg\" \/>\n<meta name=\"author\" content=\"Semi\u00e1ridos Plataforma\" \/>\n<meta name=\"twitter:card\" content=\"summary_large_image\" \/>\n<meta name=\"twitter:label1\" content=\"Written by\" \/>\n\t<meta name=\"twitter:data1\" content=\"Semi\u00e1ridos Plataforma\" \/>\n\t<meta name=\"twitter:label2\" content=\"Est. reading time\" \/>\n\t<meta name=\"twitter:data2\" content=\"1 minute\" \/>\n<script type=\"application\/ld+json\" class=\"yoast-schema-graph\">{\"@context\":\"https:\/\/schema.org\",\"@graph\":[{\"@type\":\"WebPage\",\"@id\":\"https:\/\/www.semiaridos.org\/noticias\/experiencias-semiarido-venezolano\/\",\"url\":\"https:\/\/www.semiaridos.org\/noticias\/experiencias-semiarido-venezolano\/\",\"name\":\"Experiencias en el semi\u00e1rido venezolano - Semi\u00e1ridos\",\"isPartOf\":{\"@id\":\"https:\/\/www.semiaridos.org\/#website\"},\"primaryImageOfPage\":{\"@id\":\"https:\/\/www.semiaridos.org\/noticias\/experiencias-semiarido-venezolano\/#primaryimage\"},\"image\":{\"@id\":\"https:\/\/www.semiaridos.org\/noticias\/experiencias-semiarido-venezolano\/#primaryimage\"},\"thumbnailUrl\":\"https:\/\/www.semiaridos.org\/\/files\/2017\/04\/13559120_834355870033052_8921938643834153851_o.jpg\",\"datePublished\":\"2017-04-19T16:18:43+00:00\",\"dateModified\":\"2017-04-20T03:45:02+00:00\",\"author\":{\"@id\":\"https:\/\/www.semiaridos.org\/#\/schema\/person\/4c4cf6a3a8d1bd0c98c84259a5db4998\"},\"breadcrumb\":{\"@id\":\"https:\/\/www.semiaridos.org\/noticias\/experiencias-semiarido-venezolano\/#breadcrumb\"},\"inLanguage\":\"en-US\",\"potentialAction\":[{\"@type\":\"ReadAction\",\"target\":[\"https:\/\/www.semiaridos.org\/noticias\/experiencias-semiarido-venezolano\/\"]}]},{\"@type\":\"ImageObject\",\"inLanguage\":\"en-US\",\"@id\":\"https:\/\/www.semiaridos.org\/noticias\/experiencias-semiarido-venezolano\/#primaryimage\",\"url\":\"https:\/\/www.semiaridos.org\/\/files\/2017\/04\/13559120_834355870033052_8921938643834153851_o.jpg\",\"contentUrl\":\"https:\/\/www.semiaridos.org\/\/files\/2017\/04\/13559120_834355870033052_8921938643834153851_o.jpg\",\"width\":1024,\"height\":576},{\"@type\":\"BreadcrumbList\",\"@id\":\"https:\/\/www.semiaridos.org\/noticias\/experiencias-semiarido-venezolano\/#breadcrumb\",\"itemListElement\":[{\"@type\":\"ListItem\",\"position\":1,\"name\":\"Portada\",\"item\":\"https:\/\/www.semiaridos.org\/en\/\"},{\"@type\":\"ListItem\",\"position\":2,\"name\":\"Experiencias en el semi\u00e1rido venezolano\"}]},{\"@type\":\"WebSite\",\"@id\":\"https:\/\/www.semiaridos.org\/#website\",\"url\":\"https:\/\/www.semiaridos.org\/\",\"name\":\"Semi\u00e1ridos\",\"description\":\"Otro sitio realizado con WordPress\",\"potentialAction\":[{\"@type\":\"SearchAction\",\"target\":{\"@type\":\"EntryPoint\",\"urlTemplate\":\"https:\/\/www.semiaridos.org\/?s={search_term_string}\"},\"query-input\":{\"@type\":\"PropertyValueSpecification\",\"valueRequired\":true,\"valueName\":\"search_term_string\"}}],\"inLanguage\":\"en-US\"},{\"@type\":\"Person\",\"@id\":\"https:\/\/www.semiaridos.org\/#\/schema\/person\/4c4cf6a3a8d1bd0c98c84259a5db4998\",\"name\":\"Semi\u00e1ridos Plataforma\",\"image\":{\"@type\":\"ImageObject\",\"inLanguage\":\"en-US\",\"@id\":\"https:\/\/www.semiaridos.org\/#\/schema\/person\/image\/\",\"url\":\"https:\/\/secure.gravatar.com\/avatar\/5ebd2905bbcce14afe1f3d0b167c53a55585123b9a8ebca5a6aa909278711be1?s=96&d=identicon&r=g\",\"contentUrl\":\"https:\/\/secure.gravatar.com\/avatar\/5ebd2905bbcce14afe1f3d0b167c53a55585123b9a8ebca5a6aa909278711be1?s=96&d=identicon&r=g\",\"caption\":\"Semi\u00e1ridos Plataforma\"},\"description\":\"Semi\u00e1ridos, iniciativa desarrollada en el marco de la International Land Coalition. Busca atender las problem\u00e1ticas de las zonas semi\u00e1ridas de Am\u00e9ricaLatina\",\"sameAs\":[\"http:\/\/www.semiaridos.org\"]}]}<\/script>\n<!-- \/ Yoast SEO plugin. -->","yoast_head_json":{"title":"Experiencias en el semi\u00e1rido venezolano - Semi\u00e1ridos","robots":{"index":"index","follow":"follow","max-snippet":"max-snippet:-1","max-image-preview":"max-image-preview:large","max-video-preview":"max-video-preview:-1"},"canonical":"https:\/\/www.semiaridos.org\/noticias\/experiencias-semiarido-venezolano\/","og_locale":"en_US","og_type":"article","og_title":"Experiencias en el semi\u00e1rido venezolano - Semi\u00e1ridos","og_description":"En el marco de trabajo de esta Plataforma, FUNDAPAZ, como instituci\u00f3n coordinadora a nivel regional, y Acci\u00f3n Campesina, firmaron un acuerdo para impulsar iniciativas en el semi\u00e1rido del estado de Lara, Venezuela. En ese acuerdo se contempl\u00f3 la realizaci\u00f3n de acciones en terreno en las...","og_url":"https:\/\/www.semiaridos.org\/noticias\/experiencias-semiarido-venezolano\/","og_site_name":"Semi\u00e1ridos","article_published_time":"2017-04-19T16:18:43+00:00","article_modified_time":"2017-04-20T03:45:02+00:00","og_image":[{"width":1024,"height":576,"url":"https:\/\/www.semiaridos.org\/\/files\/2017\/04\/13559120_834355870033052_8921938643834153851_o.jpg","type":"image\/jpeg"}],"author":"Semi\u00e1ridos Plataforma","twitter_card":"summary_large_image","twitter_misc":{"Written by":"Semi\u00e1ridos Plataforma","Est. reading time":"1 minute"},"schema":{"@context":"https:\/\/schema.org","@graph":[{"@type":"WebPage","@id":"https:\/\/www.semiaridos.org\/noticias\/experiencias-semiarido-venezolano\/","url":"https:\/\/www.semiaridos.org\/noticias\/experiencias-semiarido-venezolano\/","name":"Experiencias en el semi\u00e1rido venezolano - Semi\u00e1ridos","isPartOf":{"@id":"https:\/\/www.semiaridos.org\/#website"},"primaryImageOfPage":{"@id":"https:\/\/www.semiaridos.org\/noticias\/experiencias-semiarido-venezolano\/#primaryimage"},"image":{"@id":"https:\/\/www.semiaridos.org\/noticias\/experiencias-semiarido-venezolano\/#primaryimage"},"thumbnailUrl":"https:\/\/www.semiaridos.org\/\/files\/2017\/04\/13559120_834355870033052_8921938643834153851_o.jpg","datePublished":"2017-04-19T16:18:43+00:00","dateModified":"2017-04-20T03:45:02+00:00","author":{"@id":"https:\/\/www.semiaridos.org\/#\/schema\/person\/4c4cf6a3a8d1bd0c98c84259a5db4998"},"breadcrumb":{"@id":"https:\/\/www.semiaridos.org\/noticias\/experiencias-semiarido-venezolano\/#breadcrumb"},"inLanguage":"en-US","potentialAction":[{"@type":"ReadAction","target":["https:\/\/www.semiaridos.org\/noticias\/experiencias-semiarido-venezolano\/"]}]},{"@type":"ImageObject","inLanguage":"en-US","@id":"https:\/\/www.semiaridos.org\/noticias\/experiencias-semiarido-venezolano\/#primaryimage","url":"https:\/\/www.semiaridos.org\/\/files\/2017\/04\/13559120_834355870033052_8921938643834153851_o.jpg","contentUrl":"https:\/\/www.semiaridos.org\/\/files\/2017\/04\/13559120_834355870033052_8921938643834153851_o.jpg","width":1024,"height":576},{"@type":"BreadcrumbList","@id":"https:\/\/www.semiaridos.org\/noticias\/experiencias-semiarido-venezolano\/#breadcrumb","itemListElement":[{"@type":"ListItem","position":1,"name":"Portada","item":"https:\/\/www.semiaridos.org\/en\/"},{"@type":"ListItem","position":2,"name":"Experiencias en el semi\u00e1rido venezolano"}]},{"@type":"WebSite","@id":"https:\/\/www.semiaridos.org\/#website","url":"https:\/\/www.semiaridos.org\/","name":"Semi\u00e1ridos","description":"Otro sitio realizado con WordPress","potentialAction":[{"@type":"SearchAction","target":{"@type":"EntryPoint","urlTemplate":"https:\/\/www.semiaridos.org\/?s={search_term_string}"},"query-input":{"@type":"PropertyValueSpecification","valueRequired":true,"valueName":"search_term_string"}}],"inLanguage":"en-US"},{"@type":"Person","@id":"https:\/\/www.semiaridos.org\/#\/schema\/person\/4c4cf6a3a8d1bd0c98c84259a5db4998","name":"Semi\u00e1ridos Plataforma","image":{"@type":"ImageObject","inLanguage":"en-US","@id":"https:\/\/www.semiaridos.org\/#\/schema\/person\/image\/","url":"https:\/\/secure.gravatar.com\/avatar\/5ebd2905bbcce14afe1f3d0b167c53a55585123b9a8ebca5a6aa909278711be1?s=96&d=identicon&r=g","contentUrl":"https:\/\/secure.gravatar.com\/avatar\/5ebd2905bbcce14afe1f3d0b167c53a55585123b9a8ebca5a6aa909278711be1?s=96&d=identicon&r=g","caption":"Semi\u00e1ridos Plataforma"},"description":"Semi\u00e1ridos, iniciativa desarrollada en el marco de la International Land Coalition. Busca atender las problem\u00e1ticas de las zonas semi\u00e1ridas de Am\u00e9ricaLatina","sameAs":["http:\/\/www.semiaridos.org"]}]}},"_links":{"self":[{"href":"https:\/\/www.semiaridos.org\/en\/wp-json\/wp\/v2\/posts\/1230","targetHints":{"allow":["GET"]}}],"collection":[{"href":"https:\/\/www.semiaridos.org\/en\/wp-json\/wp\/v2\/posts"}],"about":[{"href":"https:\/\/www.semiaridos.org\/en\/wp-json\/wp\/v2\/types\/post"}],"author":[{"embeddable":true,"href":"https:\/\/www.semiaridos.org\/en\/wp-json\/wp\/v2\/users\/4"}],"replies":[{"embeddable":true,"href":"https:\/\/www.semiaridos.org\/en\/wp-json\/wp\/v2\/comments?post=1230"}],"version-history":[{"count":4,"href":"https:\/\/www.semiaridos.org\/en\/wp-json\/wp\/v2\/posts\/1230\/revisions"}],"predecessor-version":[{"id":1237,"href":"https:\/\/www.semiaridos.org\/en\/wp-json\/wp\/v2\/posts\/1230\/revisions\/1237"}],"wp:featuredmedia":[{"embeddable":true,"href":"https:\/\/www.semiaridos.org\/en\/wp-json\/wp\/v2\/media\/1232"}],"wp:attachment":[{"href":"https:\/\/www.semiaridos.org\/en\/wp-json\/wp\/v2\/media?parent=1230"}],"wp:term":[{"taxonomy":"category","embeddable":true,"href":"https:\/\/www.semiaridos.org\/en\/wp-json\/wp\/v2\/categories?post=1230"},{"taxonomy":"post_tag","embeddable":true,"href":"https:\/\/www.semiaridos.org\/en\/wp-json\/wp\/v2\/tags?post=1230"}],"curies":[{"name":"wp","href":"https:\/\/api.w.org\/{rel}","templated":true}]}}