{"id":1272,"date":"2017-06-19T16:38:34","date_gmt":"2017-06-19T19:38:34","guid":{"rendered":"http:\/\/www.semiaridos.org\/?p=1272\/"},"modified":"2017-06-19T17:34:07","modified_gmt":"2017-06-19T20:34:07","slug":"la-desertificacion-la-sequia","status":"publish","type":"post","link":"https:\/\/www.semiaridos.org\/en\/noticias\/la-desertificacion-la-sequia\/","title":{"rendered":"Contra la desertificaci\u00f3n y la sequ\u00eda"},"content":{"rendered":"<p>Los miembros de la Plataforma del Semi\u00e1rido del Estado de Lara, Venezuela, organizaron el 16 de junio \u00faltimo, una conferencia en conmemoraci\u00f3n al \u201cD\u00eda Mundial de la Lucha contra la Desertificaci\u00f3n y la Sequ\u00eda\u201d.<\/p>\n<p>El evento, que se desarroll\u00f3 en la biblioteca p\u00fablica P\u00edo Tamayo, cont\u00f3 con tres exposiciones principales. La primera, referida a la problem\u00e1tica a nivel mundial y a las acciones que se est\u00e1n llevando a cabo para enfrentarla; la segunda, abord\u00f3 el tema de los procesos clim\u00e1ticos y las acciones realizadas en la regi\u00f3n semi\u00e1rida del Estado Lara y, la \u00faltima, analiz\u00f3 el presente y futuro de las acciones de lucha contra la desertificaci\u00f3n en Lara.<\/p>\n<p>Dada la importancia de los procesos de desertificaci\u00f3n a nivel mundial y su incidencia negativa sobre la alimentaci\u00f3n humana, en 1994 la Asamblea General de Naciones Unidas proclam\u00f3 el 17 de junio como el D\u00eda Mundial de la Lucha contra la Desertificaci\u00f3n y la Sequ\u00eda. Se trata de un d\u00eda en el que se pretende sensibilizar a los ciudadanos para luchar contra esta problem\u00e1tica a nivel mundial.<\/p>\n<p>La celebraci\u00f3n de este a\u00f1o analiza la relaci\u00f3n entre la degradaci\u00f3n de la tierra y la migraci\u00f3n. Entre otras, la degradaci\u00f3n medioambiental, la inseguridad alimentaria y la pobreza son causas de la migraci\u00f3n y de las dificultades para el desarrollo.<\/p>\n<p>Seg\u00fan datos de Naciones Unidas, \u201cen tan solo 15 a\u00f1os, de 2000 a 2015, el n\u00famero de migrantes en el mundo ha aumentado de 173 a 244 millones. El objetivo es fortalecer la resiliencia de las comunidades frente a las m\u00faltiples dificultades del desarrollo mediante la gesti\u00f3n sostenible de la tierra. Este d\u00eda nos debe recordar a todos la importancia del suelo en la producci\u00f3n de alimentos y generaci\u00f3n de empleo, as\u00ed como su contribuci\u00f3n a la sostenibilidad, estabilidad y seguridad de las zonas afectadas por la desertificaci\u00f3n\u201d.<\/p>\n","protected":false},"excerpt":{"rendered":"<p>Los miembros de la Plataforma del Semi\u00e1rido del Estado de Lara, Venezuela, organizaron el 16 de junio \u00faltimo, una conferencia en conmemoraci\u00f3n al \u201cD\u00eda Mundial de la Lucha contra la Desertificaci\u00f3n y la Sequ\u00eda\u201d.<\/p>\n","protected":false},"author":4,"featured_media":1273,"comment_status":"open","ping_status":"open","sticky":false,"template":"","format":"standard","meta":{"footnotes":""},"categories":[14],"tags":[307,306,305,140,310,311,312,309,304,308,55],"class_list":["post-1272","post","type-post","status-publish","format-standard","has-post-thumbnail","hentry","category-noticias","tag-desertificacion","tag-dia-mundial","tag-estado-de-lara","tag-lucha","tag-migracion","tag-naciones-unidas","tag-onu","tag-pio-tamayo","tag-plataforma-del-semiarido","tag-sequia","tag-venezuela"],"yoast_head":"<!-- This site is optimized with the Yoast SEO plugin v26.3 - https:\/\/yoast.com\/wordpress\/plugins\/seo\/ -->\n<title>Contra la desertificaci\u00f3n y la sequ\u00eda - Semi\u00e1ridos<\/title>\n<meta name=\"robots\" content=\"index, follow, max-snippet:-1, max-image-preview:large, max-video-preview:-1\" \/>\n<link rel=\"canonical\" href=\"https:\/\/www.semiaridos.org\/noticias\/la-desertificacion-la-sequia\/\" \/>\n<meta property=\"og:locale\" content=\"en_US\" \/>\n<meta property=\"og:type\" content=\"article\" \/>\n<meta property=\"og:title\" content=\"Contra la desertificaci\u00f3n y la sequ\u00eda - Semi\u00e1ridos\" \/>\n<meta property=\"og:description\" content=\"Los miembros de la Plataforma del Semi\u00e1rido del Estado de Lara, Venezuela, organizaron el 16 de junio \u00faltimo, una conferencia en conmemoraci\u00f3n al \u201cD\u00eda Mundial de la Lucha contra la Desertificaci\u00f3n y la Sequ\u00eda\u201d.\" \/>\n<meta property=\"og:url\" content=\"https:\/\/www.semiaridos.org\/noticias\/la-desertificacion-la-sequia\/\" \/>\n<meta property=\"og:site_name\" content=\"Semi\u00e1ridos\" \/>\n<meta property=\"article:published_time\" content=\"2017-06-19T19:38:34+00:00\" \/>\n<meta property=\"article:modified_time\" content=\"2017-06-19T20:34:07+00:00\" \/>\n<meta property=\"og:image\" content=\"https:\/\/www.semiaridos.org\/\/files\/2017\/06\/IMG_5411.jpg\" \/>\n\t<meta property=\"og:image:width\" content=\"922\" \/>\n\t<meta property=\"og:image:height\" content=\"925\" \/>\n\t<meta property=\"og:image:type\" content=\"image\/jpeg\" \/>\n<meta name=\"author\" content=\"Semi\u00e1ridos Plataforma\" \/>\n<meta name=\"twitter:card\" content=\"summary_large_image\" \/>\n<meta name=\"twitter:label1\" content=\"Written by\" \/>\n\t<meta name=\"twitter:data1\" content=\"Semi\u00e1ridos Plataforma\" \/>\n\t<meta name=\"twitter:label2\" content=\"Est. reading time\" \/>\n\t<meta name=\"twitter:data2\" content=\"2 minutes\" \/>\n<script type=\"application\/ld+json\" class=\"yoast-schema-graph\">{\"@context\":\"https:\/\/schema.org\",\"@graph\":[{\"@type\":\"WebPage\",\"@id\":\"https:\/\/www.semiaridos.org\/noticias\/la-desertificacion-la-sequia\/\",\"url\":\"https:\/\/www.semiaridos.org\/noticias\/la-desertificacion-la-sequia\/\",\"name\":\"Contra la desertificaci\u00f3n y la sequ\u00eda - Semi\u00e1ridos\",\"isPartOf\":{\"@id\":\"https:\/\/www.semiaridos.org\/#website\"},\"primaryImageOfPage\":{\"@id\":\"https:\/\/www.semiaridos.org\/noticias\/la-desertificacion-la-sequia\/#primaryimage\"},\"image\":{\"@id\":\"https:\/\/www.semiaridos.org\/noticias\/la-desertificacion-la-sequia\/#primaryimage\"},\"thumbnailUrl\":\"https:\/\/www.semiaridos.org\/\/files\/2017\/06\/IMG_5411.jpg\",\"datePublished\":\"2017-06-19T19:38:34+00:00\",\"dateModified\":\"2017-06-19T20:34:07+00:00\",\"author\":{\"@id\":\"https:\/\/www.semiaridos.org\/#\/schema\/person\/4c4cf6a3a8d1bd0c98c84259a5db4998\"},\"breadcrumb\":{\"@id\":\"https:\/\/www.semiaridos.org\/noticias\/la-desertificacion-la-sequia\/#breadcrumb\"},\"inLanguage\":\"en-US\",\"potentialAction\":[{\"@type\":\"ReadAction\",\"target\":[\"https:\/\/www.semiaridos.org\/noticias\/la-desertificacion-la-sequia\/\"]}]},{\"@type\":\"ImageObject\",\"inLanguage\":\"en-US\",\"@id\":\"https:\/\/www.semiaridos.org\/noticias\/la-desertificacion-la-sequia\/#primaryimage\",\"url\":\"https:\/\/www.semiaridos.org\/\/files\/2017\/06\/IMG_5411.jpg\",\"contentUrl\":\"https:\/\/www.semiaridos.org\/\/files\/2017\/06\/IMG_5411.jpg\",\"width\":922,\"height\":925},{\"@type\":\"BreadcrumbList\",\"@id\":\"https:\/\/www.semiaridos.org\/noticias\/la-desertificacion-la-sequia\/#breadcrumb\",\"itemListElement\":[{\"@type\":\"ListItem\",\"position\":1,\"name\":\"Portada\",\"item\":\"https:\/\/www.semiaridos.org\/en\/\"},{\"@type\":\"ListItem\",\"position\":2,\"name\":\"Contra la desertificaci\u00f3n y la sequ\u00eda\"}]},{\"@type\":\"WebSite\",\"@id\":\"https:\/\/www.semiaridos.org\/#website\",\"url\":\"https:\/\/www.semiaridos.org\/\",\"name\":\"Semi\u00e1ridos\",\"description\":\"Otro sitio realizado con WordPress\",\"potentialAction\":[{\"@type\":\"SearchAction\",\"target\":{\"@type\":\"EntryPoint\",\"urlTemplate\":\"https:\/\/www.semiaridos.org\/?s={search_term_string}\"},\"query-input\":{\"@type\":\"PropertyValueSpecification\",\"valueRequired\":true,\"valueName\":\"search_term_string\"}}],\"inLanguage\":\"en-US\"},{\"@type\":\"Person\",\"@id\":\"https:\/\/www.semiaridos.org\/#\/schema\/person\/4c4cf6a3a8d1bd0c98c84259a5db4998\",\"name\":\"Semi\u00e1ridos Plataforma\",\"image\":{\"@type\":\"ImageObject\",\"inLanguage\":\"en-US\",\"@id\":\"https:\/\/www.semiaridos.org\/#\/schema\/person\/image\/\",\"url\":\"https:\/\/secure.gravatar.com\/avatar\/5ebd2905bbcce14afe1f3d0b167c53a55585123b9a8ebca5a6aa909278711be1?s=96&d=identicon&r=g\",\"contentUrl\":\"https:\/\/secure.gravatar.com\/avatar\/5ebd2905bbcce14afe1f3d0b167c53a55585123b9a8ebca5a6aa909278711be1?s=96&d=identicon&r=g\",\"caption\":\"Semi\u00e1ridos Plataforma\"},\"description\":\"Semi\u00e1ridos, iniciativa desarrollada en el marco de la International Land Coalition. Busca atender las problem\u00e1ticas de las zonas semi\u00e1ridas de Am\u00e9ricaLatina\",\"sameAs\":[\"http:\/\/www.semiaridos.org\"]}]}<\/script>\n<!-- \/ Yoast SEO plugin. -->","yoast_head_json":{"title":"Contra la desertificaci\u00f3n y la sequ\u00eda - Semi\u00e1ridos","robots":{"index":"index","follow":"follow","max-snippet":"max-snippet:-1","max-image-preview":"max-image-preview:large","max-video-preview":"max-video-preview:-1"},"canonical":"https:\/\/www.semiaridos.org\/noticias\/la-desertificacion-la-sequia\/","og_locale":"en_US","og_type":"article","og_title":"Contra la desertificaci\u00f3n y la sequ\u00eda - Semi\u00e1ridos","og_description":"Los miembros de la Plataforma del Semi\u00e1rido del Estado de Lara, Venezuela, organizaron el 16 de junio \u00faltimo, una conferencia en conmemoraci\u00f3n al \u201cD\u00eda Mundial de la Lucha contra la Desertificaci\u00f3n y la Sequ\u00eda\u201d.","og_url":"https:\/\/www.semiaridos.org\/noticias\/la-desertificacion-la-sequia\/","og_site_name":"Semi\u00e1ridos","article_published_time":"2017-06-19T19:38:34+00:00","article_modified_time":"2017-06-19T20:34:07+00:00","og_image":[{"width":922,"height":925,"url":"https:\/\/www.semiaridos.org\/\/files\/2017\/06\/IMG_5411.jpg","type":"image\/jpeg"}],"author":"Semi\u00e1ridos Plataforma","twitter_card":"summary_large_image","twitter_misc":{"Written by":"Semi\u00e1ridos Plataforma","Est. reading time":"2 minutes"},"schema":{"@context":"https:\/\/schema.org","@graph":[{"@type":"WebPage","@id":"https:\/\/www.semiaridos.org\/noticias\/la-desertificacion-la-sequia\/","url":"https:\/\/www.semiaridos.org\/noticias\/la-desertificacion-la-sequia\/","name":"Contra la desertificaci\u00f3n y la sequ\u00eda - Semi\u00e1ridos","isPartOf":{"@id":"https:\/\/www.semiaridos.org\/#website"},"primaryImageOfPage":{"@id":"https:\/\/www.semiaridos.org\/noticias\/la-desertificacion-la-sequia\/#primaryimage"},"image":{"@id":"https:\/\/www.semiaridos.org\/noticias\/la-desertificacion-la-sequia\/#primaryimage"},"thumbnailUrl":"https:\/\/www.semiaridos.org\/\/files\/2017\/06\/IMG_5411.jpg","datePublished":"2017-06-19T19:38:34+00:00","dateModified":"2017-06-19T20:34:07+00:00","author":{"@id":"https:\/\/www.semiaridos.org\/#\/schema\/person\/4c4cf6a3a8d1bd0c98c84259a5db4998"},"breadcrumb":{"@id":"https:\/\/www.semiaridos.org\/noticias\/la-desertificacion-la-sequia\/#breadcrumb"},"inLanguage":"en-US","potentialAction":[{"@type":"ReadAction","target":["https:\/\/www.semiaridos.org\/noticias\/la-desertificacion-la-sequia\/"]}]},{"@type":"ImageObject","inLanguage":"en-US","@id":"https:\/\/www.semiaridos.org\/noticias\/la-desertificacion-la-sequia\/#primaryimage","url":"https:\/\/www.semiaridos.org\/\/files\/2017\/06\/IMG_5411.jpg","contentUrl":"https:\/\/www.semiaridos.org\/\/files\/2017\/06\/IMG_5411.jpg","width":922,"height":925},{"@type":"BreadcrumbList","@id":"https:\/\/www.semiaridos.org\/noticias\/la-desertificacion-la-sequia\/#breadcrumb","itemListElement":[{"@type":"ListItem","position":1,"name":"Portada","item":"https:\/\/www.semiaridos.org\/en\/"},{"@type":"ListItem","position":2,"name":"Contra la desertificaci\u00f3n y la sequ\u00eda"}]},{"@type":"WebSite","@id":"https:\/\/www.semiaridos.org\/#website","url":"https:\/\/www.semiaridos.org\/","name":"Semi\u00e1ridos","description":"Otro sitio realizado con WordPress","potentialAction":[{"@type":"SearchAction","target":{"@type":"EntryPoint","urlTemplate":"https:\/\/www.semiaridos.org\/?s={search_term_string}"},"query-input":{"@type":"PropertyValueSpecification","valueRequired":true,"valueName":"search_term_string"}}],"inLanguage":"en-US"},{"@type":"Person","@id":"https:\/\/www.semiaridos.org\/#\/schema\/person\/4c4cf6a3a8d1bd0c98c84259a5db4998","name":"Semi\u00e1ridos Plataforma","image":{"@type":"ImageObject","inLanguage":"en-US","@id":"https:\/\/www.semiaridos.org\/#\/schema\/person\/image\/","url":"https:\/\/secure.gravatar.com\/avatar\/5ebd2905bbcce14afe1f3d0b167c53a55585123b9a8ebca5a6aa909278711be1?s=96&d=identicon&r=g","contentUrl":"https:\/\/secure.gravatar.com\/avatar\/5ebd2905bbcce14afe1f3d0b167c53a55585123b9a8ebca5a6aa909278711be1?s=96&d=identicon&r=g","caption":"Semi\u00e1ridos Plataforma"},"description":"Semi\u00e1ridos, iniciativa desarrollada en el marco de la International Land Coalition. Busca atender las problem\u00e1ticas de las zonas semi\u00e1ridas de Am\u00e9ricaLatina","sameAs":["http:\/\/www.semiaridos.org"]}]}},"_links":{"self":[{"href":"https:\/\/www.semiaridos.org\/en\/wp-json\/wp\/v2\/posts\/1272","targetHints":{"allow":["GET"]}}],"collection":[{"href":"https:\/\/www.semiaridos.org\/en\/wp-json\/wp\/v2\/posts"}],"about":[{"href":"https:\/\/www.semiaridos.org\/en\/wp-json\/wp\/v2\/types\/post"}],"author":[{"embeddable":true,"href":"https:\/\/www.semiaridos.org\/en\/wp-json\/wp\/v2\/users\/4"}],"replies":[{"embeddable":true,"href":"https:\/\/www.semiaridos.org\/en\/wp-json\/wp\/v2\/comments?post=1272"}],"version-history":[{"count":2,"href":"https:\/\/www.semiaridos.org\/en\/wp-json\/wp\/v2\/posts\/1272\/revisions"}],"predecessor-version":[{"id":1275,"href":"https:\/\/www.semiaridos.org\/en\/wp-json\/wp\/v2\/posts\/1272\/revisions\/1275"}],"wp:featuredmedia":[{"embeddable":true,"href":"https:\/\/www.semiaridos.org\/en\/wp-json\/wp\/v2\/media\/1273"}],"wp:attachment":[{"href":"https:\/\/www.semiaridos.org\/en\/wp-json\/wp\/v2\/media?parent=1272"}],"wp:term":[{"taxonomy":"category","embeddable":true,"href":"https:\/\/www.semiaridos.org\/en\/wp-json\/wp\/v2\/categories?post=1272"},{"taxonomy":"post_tag","embeddable":true,"href":"https:\/\/www.semiaridos.org\/en\/wp-json\/wp\/v2\/tags?post=1272"}],"curies":[{"name":"wp","href":"https:\/\/api.w.org\/{rel}","templated":true}]}}