{"id":1276,"date":"2017-06-19T17:45:52","date_gmt":"2017-06-19T20:45:52","guid":{"rendered":"http:\/\/www.semiaridos.org\/?p=1276\/"},"modified":"2017-06-19T17:45:52","modified_gmt":"2017-06-19T20:45:52","slug":"primera-conferencia-agricultura-familiar-del-mercosur","status":"publish","type":"post","link":"https:\/\/www.semiaridos.org\/en\/noticias\/primera-conferencia-agricultura-familiar-del-mercosur\/","title":{"rendered":"Primera conferencia sobre agricultura familiar del Mercosur"},"content":{"rendered":"<p>El an\u00e1lisis de las pol\u00edticas p\u00fablicas para la agricultura familiar, los riesgos del cambio clim\u00e1tico, el enfoque de una agricultura sostenible y las acciones que promueven la inclusi\u00f3n de los j\u00f3venes y mujeres rurales, as\u00ed como de los pueblos originarios, son los temas que \u00a0estar\u00e1n en la agenda de la Primera Conferencia sobre Agricultura Familiar del Mercosur Ampliado, que se desarrolla desde hoy lunes 19, hasta el viernes 23 de junio en la ciudad de Olmu\u00e9, Valpara\u00edso, Chile.<\/p>\n<p>La convocatoria se realiza en el marco de la XXVI Reuni\u00f3n Especializada en Agricultura Familiar (REAF), que involucra a los 7 pa\u00edses parte e invitados del Mercosur Ampliado y que re\u00fane a m\u00e1s de 60 delegados de la sociedad civil y de los gobiernos del bloque, en el cual Chile participa como invitado, junto a representantes de organizaciones campesinas chilenas.<\/p>\n<p>En representaci\u00f3n de la International Land Coalition (ILC-AL), el Director Ejecutivo de FUNDAPAZ, Gabriel Seghezzo, est\u00e1 participando de las actividades y de las reuniones de debate donde est\u00e1n presentes las organizaciones sociales y representantes de la sociedad civil.<\/p>\n<p>La REAF es reconocida como uno de los espacios m\u00e1s din\u00e1micos del proceso de integraci\u00f3n regional, y se ha convertido en un \u00e1mbito de discusi\u00f3n y generaci\u00f3n de pol\u00edticas, que aproxima las poblaciones rurales para superar las asimetr\u00edas a partir del di\u00e1logo pol\u00edtico entre representantes de los gobiernos y de la sociedad civil.<\/p>\n<p>Alrededor \u00a0de cinco millones de establecimientos de la agricultura familiar, que representan 83% del total de establecimientos agropecuarios de los pa\u00edses del MERCOSUR, producen la mayor\u00eda de los alimentos consumidos en la regi\u00f3n y son los principales responsables por la ocupaci\u00f3n de los territorios rurales.<\/p>\n<p>Al referirse a la importancia del evento, el Secretario t\u00e9cnico de la REAF, Lautaro Viscay, calific\u00f3 la realizaci\u00f3n de esta primera conferencia regional como un hito y se\u00f1al\u00f3 su expectativa en \u201cavanzar en la promoci\u00f3n de di\u00e1logos pol\u00edticos para lograr mejores pol\u00edticas p\u00fablicas y m\u00e1s y mejores plataformas de servicio para los agricultores. Esto habla de poder seguir institucionalizando el di\u00e1logo y creo que Olmu\u00e9 va a marcar una tendencia en ese sentido\u201d.<\/p>\n<p>El programa de esta primera conferencia regional de la agricultura familiar incluye importantes sesiones de discusi\u00f3n de los grupos t\u00e9cnicos nacionales dedicados a temas de equidad de g\u00e9nero, acceso a la tierra, juventud y comercializaci\u00f3n, y una sesi\u00f3n especial en la que se premiar\u00e1 a productores y cooperativas ganadores del II Concurso de Buenas Pr\u00e1cticas Para la Agricultura Familiar promovido por el Fondo Internacional de Desarrollo Agr\u00edcola FIDA-Mercosur-REAF.<\/p>\n<p>Fuente: prensa REAF<\/p>\n","protected":false},"excerpt":{"rendered":"<p>El an\u00e1lisis de las pol\u00edticas p\u00fablicas para la agricultura familiar, los riesgos del cambio clim\u00e1tico, el enfoque de una agricultura sostenible y las acciones que promueven la inclusi\u00f3n de los j\u00f3venes y mujeres rurales, as\u00ed como de los pueblos originarios<\/p>\n","protected":false},"author":4,"featured_media":1277,"comment_status":"open","ping_status":"open","sticky":false,"template":"","format":"standard","meta":{"footnotes":""},"categories":[14],"tags":[313,317,202,43,185,318,314,319,315,316],"class_list":["post-1276","post","type-post","status-publish","format-standard","has-post-thumbnail","hentry","category-noticias","tag-agricultura-familiar","tag-chile","tag-fida","tag-fundapaz","tag-gabriel-seghezzo","tag-ilc-al","tag-mercosur","tag-olmue","tag-reaf","tag-xxvi"],"yoast_head":"<!-- This site is optimized with the Yoast SEO plugin v26.3 - https:\/\/yoast.com\/wordpress\/plugins\/seo\/ -->\n<title>Primera conferencia sobre agricultura familiar del Mercosur - Semi\u00e1ridos<\/title>\n<meta name=\"robots\" content=\"index, follow, max-snippet:-1, max-image-preview:large, max-video-preview:-1\" \/>\n<link rel=\"canonical\" href=\"https:\/\/www.semiaridos.org\/noticias\/primera-conferencia-agricultura-familiar-del-mercosur\/\" \/>\n<meta property=\"og:locale\" content=\"en_US\" \/>\n<meta property=\"og:type\" content=\"article\" \/>\n<meta property=\"og:title\" content=\"Primera conferencia sobre agricultura familiar del Mercosur - Semi\u00e1ridos\" \/>\n<meta property=\"og:description\" content=\"El an\u00e1lisis de las pol\u00edticas p\u00fablicas para la agricultura familiar, los riesgos del cambio clim\u00e1tico, el enfoque de una agricultura sostenible y las acciones que promueven la inclusi\u00f3n de los j\u00f3venes y mujeres rurales, as\u00ed como de los pueblos originarios\" \/>\n<meta property=\"og:url\" content=\"https:\/\/www.semiaridos.org\/noticias\/primera-conferencia-agricultura-familiar-del-mercosur\/\" \/>\n<meta property=\"og:site_name\" content=\"Semi\u00e1ridos\" \/>\n<meta property=\"article:published_time\" content=\"2017-06-19T20:45:52+00:00\" \/>\n<meta property=\"og:image\" content=\"https:\/\/www.semiaridos.org\/\/files\/2017\/06\/banner-evento2.jpg\" \/>\n\t<meta property=\"og:image:width\" content=\"1250\" \/>\n\t<meta property=\"og:image:height\" content=\"329\" \/>\n\t<meta property=\"og:image:type\" content=\"image\/jpeg\" \/>\n<meta name=\"author\" content=\"Semi\u00e1ridos Plataforma\" \/>\n<meta name=\"twitter:card\" content=\"summary_large_image\" \/>\n<meta name=\"twitter:label1\" content=\"Written by\" \/>\n\t<meta name=\"twitter:data1\" content=\"Semi\u00e1ridos Plataforma\" \/>\n\t<meta name=\"twitter:label2\" content=\"Est. reading time\" \/>\n\t<meta name=\"twitter:data2\" content=\"2 minutes\" \/>\n<script type=\"application\/ld+json\" class=\"yoast-schema-graph\">{\"@context\":\"https:\/\/schema.org\",\"@graph\":[{\"@type\":\"WebPage\",\"@id\":\"https:\/\/www.semiaridos.org\/noticias\/primera-conferencia-agricultura-familiar-del-mercosur\/\",\"url\":\"https:\/\/www.semiaridos.org\/noticias\/primera-conferencia-agricultura-familiar-del-mercosur\/\",\"name\":\"Primera conferencia sobre agricultura familiar del Mercosur - Semi\u00e1ridos\",\"isPartOf\":{\"@id\":\"https:\/\/www.semiaridos.org\/#website\"},\"primaryImageOfPage\":{\"@id\":\"https:\/\/www.semiaridos.org\/noticias\/primera-conferencia-agricultura-familiar-del-mercosur\/#primaryimage\"},\"image\":{\"@id\":\"https:\/\/www.semiaridos.org\/noticias\/primera-conferencia-agricultura-familiar-del-mercosur\/#primaryimage\"},\"thumbnailUrl\":\"https:\/\/www.semiaridos.org\/\/files\/2017\/06\/banner-evento2.jpg\",\"datePublished\":\"2017-06-19T20:45:52+00:00\",\"author\":{\"@id\":\"https:\/\/www.semiaridos.org\/#\/schema\/person\/4c4cf6a3a8d1bd0c98c84259a5db4998\"},\"breadcrumb\":{\"@id\":\"https:\/\/www.semiaridos.org\/noticias\/primera-conferencia-agricultura-familiar-del-mercosur\/#breadcrumb\"},\"inLanguage\":\"en-US\",\"potentialAction\":[{\"@type\":\"ReadAction\",\"target\":[\"https:\/\/www.semiaridos.org\/noticias\/primera-conferencia-agricultura-familiar-del-mercosur\/\"]}]},{\"@type\":\"ImageObject\",\"inLanguage\":\"en-US\",\"@id\":\"https:\/\/www.semiaridos.org\/noticias\/primera-conferencia-agricultura-familiar-del-mercosur\/#primaryimage\",\"url\":\"https:\/\/www.semiaridos.org\/\/files\/2017\/06\/banner-evento2.jpg\",\"contentUrl\":\"https:\/\/www.semiaridos.org\/\/files\/2017\/06\/banner-evento2.jpg\",\"width\":1250,\"height\":329},{\"@type\":\"BreadcrumbList\",\"@id\":\"https:\/\/www.semiaridos.org\/noticias\/primera-conferencia-agricultura-familiar-del-mercosur\/#breadcrumb\",\"itemListElement\":[{\"@type\":\"ListItem\",\"position\":1,\"name\":\"Portada\",\"item\":\"https:\/\/www.semiaridos.org\/en\/\"},{\"@type\":\"ListItem\",\"position\":2,\"name\":\"Primera conferencia sobre agricultura familiar del Mercosur\"}]},{\"@type\":\"WebSite\",\"@id\":\"https:\/\/www.semiaridos.org\/#website\",\"url\":\"https:\/\/www.semiaridos.org\/\",\"name\":\"Semi\u00e1ridos\",\"description\":\"Otro sitio realizado con WordPress\",\"potentialAction\":[{\"@type\":\"SearchAction\",\"target\":{\"@type\":\"EntryPoint\",\"urlTemplate\":\"https:\/\/www.semiaridos.org\/?s={search_term_string}\"},\"query-input\":{\"@type\":\"PropertyValueSpecification\",\"valueRequired\":true,\"valueName\":\"search_term_string\"}}],\"inLanguage\":\"en-US\"},{\"@type\":\"Person\",\"@id\":\"https:\/\/www.semiaridos.org\/#\/schema\/person\/4c4cf6a3a8d1bd0c98c84259a5db4998\",\"name\":\"Semi\u00e1ridos Plataforma\",\"image\":{\"@type\":\"ImageObject\",\"inLanguage\":\"en-US\",\"@id\":\"https:\/\/www.semiaridos.org\/#\/schema\/person\/image\/\",\"url\":\"https:\/\/secure.gravatar.com\/avatar\/5ebd2905bbcce14afe1f3d0b167c53a55585123b9a8ebca5a6aa909278711be1?s=96&d=identicon&r=g\",\"contentUrl\":\"https:\/\/secure.gravatar.com\/avatar\/5ebd2905bbcce14afe1f3d0b167c53a55585123b9a8ebca5a6aa909278711be1?s=96&d=identicon&r=g\",\"caption\":\"Semi\u00e1ridos Plataforma\"},\"description\":\"Semi\u00e1ridos, iniciativa desarrollada en el marco de la International Land Coalition. Busca atender las problem\u00e1ticas de las zonas semi\u00e1ridas de Am\u00e9ricaLatina\",\"sameAs\":[\"http:\/\/www.semiaridos.org\"]}]}<\/script>\n<!-- \/ Yoast SEO plugin. -->","yoast_head_json":{"title":"Primera conferencia sobre agricultura familiar del Mercosur - Semi\u00e1ridos","robots":{"index":"index","follow":"follow","max-snippet":"max-snippet:-1","max-image-preview":"max-image-preview:large","max-video-preview":"max-video-preview:-1"},"canonical":"https:\/\/www.semiaridos.org\/noticias\/primera-conferencia-agricultura-familiar-del-mercosur\/","og_locale":"en_US","og_type":"article","og_title":"Primera conferencia sobre agricultura familiar del Mercosur - Semi\u00e1ridos","og_description":"El an\u00e1lisis de las pol\u00edticas p\u00fablicas para la agricultura familiar, los riesgos del cambio clim\u00e1tico, el enfoque de una agricultura sostenible y las acciones que promueven la inclusi\u00f3n de los j\u00f3venes y mujeres rurales, as\u00ed como de los pueblos originarios","og_url":"https:\/\/www.semiaridos.org\/noticias\/primera-conferencia-agricultura-familiar-del-mercosur\/","og_site_name":"Semi\u00e1ridos","article_published_time":"2017-06-19T20:45:52+00:00","og_image":[{"width":1250,"height":329,"url":"https:\/\/www.semiaridos.org\/\/files\/2017\/06\/banner-evento2.jpg","type":"image\/jpeg"}],"author":"Semi\u00e1ridos Plataforma","twitter_card":"summary_large_image","twitter_misc":{"Written by":"Semi\u00e1ridos Plataforma","Est. reading time":"2 minutes"},"schema":{"@context":"https:\/\/schema.org","@graph":[{"@type":"WebPage","@id":"https:\/\/www.semiaridos.org\/noticias\/primera-conferencia-agricultura-familiar-del-mercosur\/","url":"https:\/\/www.semiaridos.org\/noticias\/primera-conferencia-agricultura-familiar-del-mercosur\/","name":"Primera conferencia sobre agricultura familiar del Mercosur - Semi\u00e1ridos","isPartOf":{"@id":"https:\/\/www.semiaridos.org\/#website"},"primaryImageOfPage":{"@id":"https:\/\/www.semiaridos.org\/noticias\/primera-conferencia-agricultura-familiar-del-mercosur\/#primaryimage"},"image":{"@id":"https:\/\/www.semiaridos.org\/noticias\/primera-conferencia-agricultura-familiar-del-mercosur\/#primaryimage"},"thumbnailUrl":"https:\/\/www.semiaridos.org\/\/files\/2017\/06\/banner-evento2.jpg","datePublished":"2017-06-19T20:45:52+00:00","author":{"@id":"https:\/\/www.semiaridos.org\/#\/schema\/person\/4c4cf6a3a8d1bd0c98c84259a5db4998"},"breadcrumb":{"@id":"https:\/\/www.semiaridos.org\/noticias\/primera-conferencia-agricultura-familiar-del-mercosur\/#breadcrumb"},"inLanguage":"en-US","potentialAction":[{"@type":"ReadAction","target":["https:\/\/www.semiaridos.org\/noticias\/primera-conferencia-agricultura-familiar-del-mercosur\/"]}]},{"@type":"ImageObject","inLanguage":"en-US","@id":"https:\/\/www.semiaridos.org\/noticias\/primera-conferencia-agricultura-familiar-del-mercosur\/#primaryimage","url":"https:\/\/www.semiaridos.org\/\/files\/2017\/06\/banner-evento2.jpg","contentUrl":"https:\/\/www.semiaridos.org\/\/files\/2017\/06\/banner-evento2.jpg","width":1250,"height":329},{"@type":"BreadcrumbList","@id":"https:\/\/www.semiaridos.org\/noticias\/primera-conferencia-agricultura-familiar-del-mercosur\/#breadcrumb","itemListElement":[{"@type":"ListItem","position":1,"name":"Portada","item":"https:\/\/www.semiaridos.org\/en\/"},{"@type":"ListItem","position":2,"name":"Primera conferencia sobre agricultura familiar del Mercosur"}]},{"@type":"WebSite","@id":"https:\/\/www.semiaridos.org\/#website","url":"https:\/\/www.semiaridos.org\/","name":"Semi\u00e1ridos","description":"Otro sitio realizado con WordPress","potentialAction":[{"@type":"SearchAction","target":{"@type":"EntryPoint","urlTemplate":"https:\/\/www.semiaridos.org\/?s={search_term_string}"},"query-input":{"@type":"PropertyValueSpecification","valueRequired":true,"valueName":"search_term_string"}}],"inLanguage":"en-US"},{"@type":"Person","@id":"https:\/\/www.semiaridos.org\/#\/schema\/person\/4c4cf6a3a8d1bd0c98c84259a5db4998","name":"Semi\u00e1ridos Plataforma","image":{"@type":"ImageObject","inLanguage":"en-US","@id":"https:\/\/www.semiaridos.org\/#\/schema\/person\/image\/","url":"https:\/\/secure.gravatar.com\/avatar\/5ebd2905bbcce14afe1f3d0b167c53a55585123b9a8ebca5a6aa909278711be1?s=96&d=identicon&r=g","contentUrl":"https:\/\/secure.gravatar.com\/avatar\/5ebd2905bbcce14afe1f3d0b167c53a55585123b9a8ebca5a6aa909278711be1?s=96&d=identicon&r=g","caption":"Semi\u00e1ridos Plataforma"},"description":"Semi\u00e1ridos, iniciativa desarrollada en el marco de la International Land Coalition. Busca atender las problem\u00e1ticas de las zonas semi\u00e1ridas de Am\u00e9ricaLatina","sameAs":["http:\/\/www.semiaridos.org"]}]}},"_links":{"self":[{"href":"https:\/\/www.semiaridos.org\/en\/wp-json\/wp\/v2\/posts\/1276","targetHints":{"allow":["GET"]}}],"collection":[{"href":"https:\/\/www.semiaridos.org\/en\/wp-json\/wp\/v2\/posts"}],"about":[{"href":"https:\/\/www.semiaridos.org\/en\/wp-json\/wp\/v2\/types\/post"}],"author":[{"embeddable":true,"href":"https:\/\/www.semiaridos.org\/en\/wp-json\/wp\/v2\/users\/4"}],"replies":[{"embeddable":true,"href":"https:\/\/www.semiaridos.org\/en\/wp-json\/wp\/v2\/comments?post=1276"}],"version-history":[{"count":1,"href":"https:\/\/www.semiaridos.org\/en\/wp-json\/wp\/v2\/posts\/1276\/revisions"}],"predecessor-version":[{"id":1278,"href":"https:\/\/www.semiaridos.org\/en\/wp-json\/wp\/v2\/posts\/1276\/revisions\/1278"}],"wp:featuredmedia":[{"embeddable":true,"href":"https:\/\/www.semiaridos.org\/en\/wp-json\/wp\/v2\/media\/1277"}],"wp:attachment":[{"href":"https:\/\/www.semiaridos.org\/en\/wp-json\/wp\/v2\/media?parent=1276"}],"wp:term":[{"taxonomy":"category","embeddable":true,"href":"https:\/\/www.semiaridos.org\/en\/wp-json\/wp\/v2\/categories?post=1276"},{"taxonomy":"post_tag","embeddable":true,"href":"https:\/\/www.semiaridos.org\/en\/wp-json\/wp\/v2\/tags?post=1276"}],"curies":[{"name":"wp","href":"https:\/\/api.w.org\/{rel}","templated":true}]}}