{"id":1406,"date":"2018-08-24T10:46:55","date_gmt":"2018-08-24T13:46:55","guid":{"rendered":"http:\/\/www.semiaridos.org\/?p=1406\/"},"modified":"2018-08-24T12:40:58","modified_gmt":"2018-08-24T15:40:58","slug":"momento-critico-la-agricultura-familiar","status":"publish","type":"post","link":"https:\/\/www.semiaridos.org\/en\/noticias\/momento-critico-la-agricultura-familiar\/","title":{"rendered":"Momento cr\u00edtico para la agricultura familiar"},"content":{"rendered":"<div class=\"wpb-content-wrapper\"><p>[vc_row css_animation=&#8221;&#8221; row_type=&#8221;row&#8221; use_row_as_full_screen_section=&#8221;no&#8221; type=&#8221;full_width&#8221; angled_section=&#8221;no&#8221; text_align=&#8221;left&#8221; background_image_as_pattern=&#8221;without_pattern&#8221;][vc_column][vc_column_text]Las organizaciones campesinas e ind\u00edgenas est\u00e1n atravesando un momento cr\u00edtico. Si bien tienen un gran potencial para enriquecer la trama social y productiva de las \u00e1reas rurales, en la actualidad pr\u00e1cticamente no son reconocidas por el Estado como actores importantes del sector de la agricultura familiar, y las pol\u00edticas p\u00fablicas para alentar su desarrollo est\u00e1n\u00a0desapareciendo.<\/p>\n<p>A la falta de acceso a agua potable para consumo y producci\u00f3n, y a la precariedad en la tenencia de la tierra, problemas que vienen afectando desde hace a\u00f1os a las comunidades y familias campesinas y que atentan contra derechos humanos b\u00e1sicos; hoy se suman inconvenientes que limitan el desarrollo productivo y la comercializaci\u00f3n de la actividad que llevan adelante estas poblaciones. La falta de reglamentaci\u00f3n de la Ley 27.118 de Agricultura familiar, o la modificaci\u00f3n del Monotributo\u00a0Social Agropecuario (MSA), son s\u00f3lo dos ejemplos que ilustran lo que sucede.<\/p>\n<p><img loading=\"lazy\" decoding=\"async\" class=\"size-large wp-image-2342 aligncenter\" src=\"http:\/\/www.semiaridos.org\/files\/2018\/08\/reunion-forres-trabajo-grupo-1024x768.jpg\" alt=\"\" width=\"727\" height=\"545\" \/><\/p>\n<p>\u201cLas organizaciones campesinas e ind\u00edgenas en el norte del pa\u00eds sufren las consecuencias de la concentraci\u00f3n de la tierra que llega con el agronegocio, y esto es un obst\u00e1culo cada vez mayor para lograr el acceso a la tierra por parte de estos sectores. Una alarmante falta de pol\u00edticas p\u00fablicas y de achique en el sector de la agricultura familiar, sumado a la ya hist\u00f3rica falta de apoyo a las familias rurales pobres, caracterizan el momento actual\u201d, expres\u00f3 Mart\u00edn Simon, director de Programas Provinciales de la Fundaci\u00f3n para el Desarrollo en Justicia y Paz (FUNDAPAZ).<\/p>\n<p><img loading=\"lazy\" decoding=\"async\" class=\"size-large wp-image-2341 aligncenter\" src=\"http:\/\/www.semiaridos.org\/files\/2018\/08\/reunion-f-hombre-participando-1024x768.jpg\" alt=\"\" width=\"727\" height=\"545\" \/><\/p>\n<p>En este contexto, FUNDAPAZ est\u00e1 organizando un encuentro con m\u00e1s de\u00a070\u00a0dirigentes de\u00a060\u00a0organizaciones de 9 provincias del norte argentino. El objetivo es generar un \u00e1mbito de reflexi\u00f3n que permita recuperar los aprendizajes y proyectar alianzas estrat\u00e9gicas para la incidencia pol\u00edtica, que promuevan el desarrollo rural y la agricultura familiar, favoreciendo a los peque\u00f1os productores y a las familias del sector.<\/p>\n<p><strong>Para conocer el programa del encuentro ingrese <em><a href=\"http:\/\/www.semiaridos.org\/noticias\/encuentro-organizaciones-campesinas-e-indigenas-del-norte-argentino\/\">aqu\u00ed<\/a><\/em><\/strong>[\/vc_column_text][\/vc_column][\/vc_row]<\/p>\n<\/div>","protected":false},"excerpt":{"rendered":"<p>Las organizaciones campesinas e ind\u00edgenas est\u00e1n atravesando un momento cr\u00edtico. Si bien tienen un gran potencial para enriquecer la trama social y productiva de las \u00e1reas rurales, en la actualidad pr\u00e1cticamente no son reconocidas por el Estado como actores importantes del sector de la agricultura familiar, y las pol\u00edticas p\u00fablicas para alentar su desarrollo est\u00e1n desapareciendo.<\/p>\n","protected":false},"author":4,"featured_media":1417,"comment_status":"open","ping_status":"open","sticky":false,"template":"","format":"standard","meta":{"footnotes":""},"categories":[14],"tags":[313,432,43,90,433,228,434,435,436,343],"class_list":["post-1406","post","type-post","status-publish","format-standard","has-post-thumbnail","hentry","category-noticias","tag-agricultura-familiar","tag-areas-rurales","tag-fundapaz","tag-indigenas","tag-ley-27-118","tag-martin-simon","tag-momento-critico","tag-monotributo-social-agropecuario","tag-msa","tag-organizaciones-campesinas"],"yoast_head":"<!-- This site is optimized with the Yoast SEO plugin v26.3 - https:\/\/yoast.com\/wordpress\/plugins\/seo\/ -->\n<title>Momento cr\u00edtico para la agricultura familiar - Semi\u00e1ridos<\/title>\n<meta name=\"robots\" content=\"index, follow, max-snippet:-1, max-image-preview:large, max-video-preview:-1\" \/>\n<link rel=\"canonical\" href=\"https:\/\/www.semiaridos.org\/pt-br\/noticias\/momento-critico-la-agricultura-familiar\/\" \/>\n<meta property=\"og:locale\" content=\"en_US\" \/>\n<meta property=\"og:type\" content=\"article\" \/>\n<meta property=\"og:title\" content=\"Momento cr\u00edtico para la agricultura familiar - Semi\u00e1ridos\" \/>\n<meta property=\"og:description\" content=\"Las organizaciones campesinas e ind\u00edgenas est\u00e1n atravesando un momento cr\u00edtico. Si bien tienen un gran potencial para enriquecer la trama social y productiva de las \u00e1reas rurales, en la actualidad pr\u00e1cticamente no son reconocidas por el Estado como actores importantes del sector de la agricultura familiar, y las pol\u00edticas p\u00fablicas para alentar su desarrollo est\u00e1n desapareciendo.\" \/>\n<meta property=\"og:url\" content=\"https:\/\/www.semiaridos.org\/pt-br\/noticias\/momento-critico-la-agricultura-familiar\/\" \/>\n<meta property=\"og:site_name\" content=\"Semi\u00e1ridos\" \/>\n<meta property=\"article:published_time\" content=\"2018-08-24T13:46:55+00:00\" \/>\n<meta property=\"article:modified_time\" content=\"2018-08-24T15:40:58+00:00\" \/>\n<meta property=\"og:image\" content=\"https:\/\/www.semiaridos.org\/\/files\/2018\/08\/Capacitacio\u0301n-Salado-norte.jpg\" \/>\n\t<meta property=\"og:image:width\" content=\"1280\" \/>\n\t<meta property=\"og:image:height\" content=\"960\" \/>\n\t<meta property=\"og:image:type\" content=\"image\/jpeg\" \/>\n<meta name=\"author\" content=\"Semi\u00e1ridos Plataforma\" \/>\n<meta name=\"twitter:card\" content=\"summary_large_image\" \/>\n<meta name=\"twitter:label1\" content=\"Written by\" \/>\n\t<meta name=\"twitter:data1\" content=\"Semi\u00e1ridos Plataforma\" \/>\n\t<meta name=\"twitter:label2\" content=\"Est. reading time\" \/>\n\t<meta name=\"twitter:data2\" content=\"2 minutes\" \/>\n<script type=\"application\/ld+json\" class=\"yoast-schema-graph\">{\"@context\":\"https:\/\/schema.org\",\"@graph\":[{\"@type\":\"WebPage\",\"@id\":\"https:\/\/www.semiaridos.org\/pt-br\/noticias\/momento-critico-la-agricultura-familiar\/\",\"url\":\"https:\/\/www.semiaridos.org\/pt-br\/noticias\/momento-critico-la-agricultura-familiar\/\",\"name\":\"Momento cr\u00edtico para la agricultura familiar - Semi\u00e1ridos\",\"isPartOf\":{\"@id\":\"https:\/\/www.semiaridos.org\/#website\"},\"primaryImageOfPage\":{\"@id\":\"https:\/\/www.semiaridos.org\/pt-br\/noticias\/momento-critico-la-agricultura-familiar\/#primaryimage\"},\"image\":{\"@id\":\"https:\/\/www.semiaridos.org\/pt-br\/noticias\/momento-critico-la-agricultura-familiar\/#primaryimage\"},\"thumbnailUrl\":\"https:\/\/www.semiaridos.org\/\/files\/2018\/08\/Capacitacio\u0301n-Salado-norte.jpg\",\"datePublished\":\"2018-08-24T13:46:55+00:00\",\"dateModified\":\"2018-08-24T15:40:58+00:00\",\"author\":{\"@id\":\"https:\/\/www.semiaridos.org\/#\/schema\/person\/4c4cf6a3a8d1bd0c98c84259a5db4998\"},\"breadcrumb\":{\"@id\":\"https:\/\/www.semiaridos.org\/pt-br\/noticias\/momento-critico-la-agricultura-familiar\/#breadcrumb\"},\"inLanguage\":\"en-US\",\"potentialAction\":[{\"@type\":\"ReadAction\",\"target\":[\"https:\/\/www.semiaridos.org\/pt-br\/noticias\/momento-critico-la-agricultura-familiar\/\"]}]},{\"@type\":\"ImageObject\",\"inLanguage\":\"en-US\",\"@id\":\"https:\/\/www.semiaridos.org\/pt-br\/noticias\/momento-critico-la-agricultura-familiar\/#primaryimage\",\"url\":\"https:\/\/www.semiaridos.org\/\/files\/2018\/08\/Capacitacio\u0301n-Salado-norte.jpg\",\"contentUrl\":\"https:\/\/www.semiaridos.org\/\/files\/2018\/08\/Capacitacio\u0301n-Salado-norte.jpg\",\"width\":1280,\"height\":960},{\"@type\":\"BreadcrumbList\",\"@id\":\"https:\/\/www.semiaridos.org\/pt-br\/noticias\/momento-critico-la-agricultura-familiar\/#breadcrumb\",\"itemListElement\":[{\"@type\":\"ListItem\",\"position\":1,\"name\":\"Portada\",\"item\":\"https:\/\/www.semiaridos.org\/en\/\"},{\"@type\":\"ListItem\",\"position\":2,\"name\":\"Momento cr\u00edtico para la agricultura familiar\"}]},{\"@type\":\"WebSite\",\"@id\":\"https:\/\/www.semiaridos.org\/#website\",\"url\":\"https:\/\/www.semiaridos.org\/\",\"name\":\"Semi\u00e1ridos\",\"description\":\"Otro sitio realizado con WordPress\",\"potentialAction\":[{\"@type\":\"SearchAction\",\"target\":{\"@type\":\"EntryPoint\",\"urlTemplate\":\"https:\/\/www.semiaridos.org\/?s={search_term_string}\"},\"query-input\":{\"@type\":\"PropertyValueSpecification\",\"valueRequired\":true,\"valueName\":\"search_term_string\"}}],\"inLanguage\":\"en-US\"},{\"@type\":\"Person\",\"@id\":\"https:\/\/www.semiaridos.org\/#\/schema\/person\/4c4cf6a3a8d1bd0c98c84259a5db4998\",\"name\":\"Semi\u00e1ridos Plataforma\",\"image\":{\"@type\":\"ImageObject\",\"inLanguage\":\"en-US\",\"@id\":\"https:\/\/www.semiaridos.org\/#\/schema\/person\/image\/\",\"url\":\"https:\/\/secure.gravatar.com\/avatar\/5ebd2905bbcce14afe1f3d0b167c53a55585123b9a8ebca5a6aa909278711be1?s=96&d=identicon&r=g\",\"contentUrl\":\"https:\/\/secure.gravatar.com\/avatar\/5ebd2905bbcce14afe1f3d0b167c53a55585123b9a8ebca5a6aa909278711be1?s=96&d=identicon&r=g\",\"caption\":\"Semi\u00e1ridos Plataforma\"},\"description\":\"Semi\u00e1ridos, iniciativa desarrollada en el marco de la International Land Coalition. Busca atender las problem\u00e1ticas de las zonas semi\u00e1ridas de Am\u00e9ricaLatina\",\"sameAs\":[\"http:\/\/www.semiaridos.org\"]}]}<\/script>\n<!-- \/ Yoast SEO plugin. -->","yoast_head_json":{"title":"Momento cr\u00edtico para la agricultura familiar - Semi\u00e1ridos","robots":{"index":"index","follow":"follow","max-snippet":"max-snippet:-1","max-image-preview":"max-image-preview:large","max-video-preview":"max-video-preview:-1"},"canonical":"https:\/\/www.semiaridos.org\/pt-br\/noticias\/momento-critico-la-agricultura-familiar\/","og_locale":"en_US","og_type":"article","og_title":"Momento cr\u00edtico para la agricultura familiar - Semi\u00e1ridos","og_description":"Las organizaciones campesinas e ind\u00edgenas est\u00e1n atravesando un momento cr\u00edtico. Si bien tienen un gran potencial para enriquecer la trama social y productiva de las \u00e1reas rurales, en la actualidad pr\u00e1cticamente no son reconocidas por el Estado como actores importantes del sector de la agricultura familiar, y las pol\u00edticas p\u00fablicas para alentar su desarrollo est\u00e1n desapareciendo.","og_url":"https:\/\/www.semiaridos.org\/pt-br\/noticias\/momento-critico-la-agricultura-familiar\/","og_site_name":"Semi\u00e1ridos","article_published_time":"2018-08-24T13:46:55+00:00","article_modified_time":"2018-08-24T15:40:58+00:00","og_image":[{"width":1280,"height":960,"url":"https:\/\/www.semiaridos.org\/\/files\/2018\/08\/Capacitacio\u0301n-Salado-norte.jpg","type":"image\/jpeg"}],"author":"Semi\u00e1ridos Plataforma","twitter_card":"summary_large_image","twitter_misc":{"Written by":"Semi\u00e1ridos Plataforma","Est. reading time":"2 minutes"},"schema":{"@context":"https:\/\/schema.org","@graph":[{"@type":"WebPage","@id":"https:\/\/www.semiaridos.org\/pt-br\/noticias\/momento-critico-la-agricultura-familiar\/","url":"https:\/\/www.semiaridos.org\/pt-br\/noticias\/momento-critico-la-agricultura-familiar\/","name":"Momento cr\u00edtico para la agricultura familiar - Semi\u00e1ridos","isPartOf":{"@id":"https:\/\/www.semiaridos.org\/#website"},"primaryImageOfPage":{"@id":"https:\/\/www.semiaridos.org\/pt-br\/noticias\/momento-critico-la-agricultura-familiar\/#primaryimage"},"image":{"@id":"https:\/\/www.semiaridos.org\/pt-br\/noticias\/momento-critico-la-agricultura-familiar\/#primaryimage"},"thumbnailUrl":"https:\/\/www.semiaridos.org\/\/files\/2018\/08\/Capacitacio\u0301n-Salado-norte.jpg","datePublished":"2018-08-24T13:46:55+00:00","dateModified":"2018-08-24T15:40:58+00:00","author":{"@id":"https:\/\/www.semiaridos.org\/#\/schema\/person\/4c4cf6a3a8d1bd0c98c84259a5db4998"},"breadcrumb":{"@id":"https:\/\/www.semiaridos.org\/pt-br\/noticias\/momento-critico-la-agricultura-familiar\/#breadcrumb"},"inLanguage":"en-US","potentialAction":[{"@type":"ReadAction","target":["https:\/\/www.semiaridos.org\/pt-br\/noticias\/momento-critico-la-agricultura-familiar\/"]}]},{"@type":"ImageObject","inLanguage":"en-US","@id":"https:\/\/www.semiaridos.org\/pt-br\/noticias\/momento-critico-la-agricultura-familiar\/#primaryimage","url":"https:\/\/www.semiaridos.org\/\/files\/2018\/08\/Capacitacio\u0301n-Salado-norte.jpg","contentUrl":"https:\/\/www.semiaridos.org\/\/files\/2018\/08\/Capacitacio\u0301n-Salado-norte.jpg","width":1280,"height":960},{"@type":"BreadcrumbList","@id":"https:\/\/www.semiaridos.org\/pt-br\/noticias\/momento-critico-la-agricultura-familiar\/#breadcrumb","itemListElement":[{"@type":"ListItem","position":1,"name":"Portada","item":"https:\/\/www.semiaridos.org\/en\/"},{"@type":"ListItem","position":2,"name":"Momento cr\u00edtico para la agricultura familiar"}]},{"@type":"WebSite","@id":"https:\/\/www.semiaridos.org\/#website","url":"https:\/\/www.semiaridos.org\/","name":"Semi\u00e1ridos","description":"Otro sitio realizado con WordPress","potentialAction":[{"@type":"SearchAction","target":{"@type":"EntryPoint","urlTemplate":"https:\/\/www.semiaridos.org\/?s={search_term_string}"},"query-input":{"@type":"PropertyValueSpecification","valueRequired":true,"valueName":"search_term_string"}}],"inLanguage":"en-US"},{"@type":"Person","@id":"https:\/\/www.semiaridos.org\/#\/schema\/person\/4c4cf6a3a8d1bd0c98c84259a5db4998","name":"Semi\u00e1ridos Plataforma","image":{"@type":"ImageObject","inLanguage":"en-US","@id":"https:\/\/www.semiaridos.org\/#\/schema\/person\/image\/","url":"https:\/\/secure.gravatar.com\/avatar\/5ebd2905bbcce14afe1f3d0b167c53a55585123b9a8ebca5a6aa909278711be1?s=96&d=identicon&r=g","contentUrl":"https:\/\/secure.gravatar.com\/avatar\/5ebd2905bbcce14afe1f3d0b167c53a55585123b9a8ebca5a6aa909278711be1?s=96&d=identicon&r=g","caption":"Semi\u00e1ridos Plataforma"},"description":"Semi\u00e1ridos, iniciativa desarrollada en el marco de la International Land Coalition. Busca atender las problem\u00e1ticas de las zonas semi\u00e1ridas de Am\u00e9ricaLatina","sameAs":["http:\/\/www.semiaridos.org"]}]}},"_links":{"self":[{"href":"https:\/\/www.semiaridos.org\/en\/wp-json\/wp\/v2\/posts\/1406","targetHints":{"allow":["GET"]}}],"collection":[{"href":"https:\/\/www.semiaridos.org\/en\/wp-json\/wp\/v2\/posts"}],"about":[{"href":"https:\/\/www.semiaridos.org\/en\/wp-json\/wp\/v2\/types\/post"}],"author":[{"embeddable":true,"href":"https:\/\/www.semiaridos.org\/en\/wp-json\/wp\/v2\/users\/4"}],"replies":[{"embeddable":true,"href":"https:\/\/www.semiaridos.org\/en\/wp-json\/wp\/v2\/comments?post=1406"}],"version-history":[{"count":5,"href":"https:\/\/www.semiaridos.org\/en\/wp-json\/wp\/v2\/posts\/1406\/revisions"}],"predecessor-version":[{"id":1428,"href":"https:\/\/www.semiaridos.org\/en\/wp-json\/wp\/v2\/posts\/1406\/revisions\/1428"}],"wp:featuredmedia":[{"embeddable":true,"href":"https:\/\/www.semiaridos.org\/en\/wp-json\/wp\/v2\/media\/1417"}],"wp:attachment":[{"href":"https:\/\/www.semiaridos.org\/en\/wp-json\/wp\/v2\/media?parent=1406"}],"wp:term":[{"taxonomy":"category","embeddable":true,"href":"https:\/\/www.semiaridos.org\/en\/wp-json\/wp\/v2\/categories?post=1406"},{"taxonomy":"post_tag","embeddable":true,"href":"https:\/\/www.semiaridos.org\/en\/wp-json\/wp\/v2\/tags?post=1406"}],"curies":[{"name":"wp","href":"https:\/\/api.w.org\/{rel}","templated":true}]}}