{"id":1465,"date":"2018-10-16T15:04:26","date_gmt":"2018-10-16T18:04:26","guid":{"rendered":"http:\/\/www.semiaridos.org\/?p=1465\/"},"modified":"2018-10-16T15:04:26","modified_gmt":"2018-10-16T18:04:26","slug":"declaracion-bandung-2018","status":"publish","type":"post","link":"https:\/\/www.semiaridos.org\/en\/noticias\/declaracion-bandung-2018\/","title":{"rendered":"Declaraci\u00f3n de Bandung 2018"},"content":{"rendered":"<div class=\"wpb-content-wrapper\"><p>[vc_row css_animation=&#8221;&#8221; row_type=&#8221;row&#8221; use_row_as_full_screen_section=&#8221;no&#8221; type=&#8221;full_width&#8221; angled_section=&#8221;no&#8221; text_align=&#8221;left&#8221; background_image_as_pattern=&#8221;without_pattern&#8221;][vc_column][vc_column_text]Luego del Foro Global de la Tierra 2018 que se hizo en Indonesia, organizado por la International Land Coalition (ILC), la Asamblea de miembros de la ILC emiti\u00f3 la Declaraci\u00f3n de Bandung 2018, sobre la gobernanza de la tierra centrada en las personas.\u00a0Aqu\u00ed compartimos el documento:[\/vc_column_text][vc_gallery type=&#8221;flexslider_slide&#8221; interval=&#8221;3&#8243; images=&#8221;1449,1471,1470,1474&#8243; img_size=&#8221;full&#8221; css_animation=&#8221;top-to-bottom&#8221; direction_nav=&#8221;yes&#8221; pause_on_hover=&#8221;yes&#8221;][vc_column_text]<iframe loading=\"lazy\" class=\"pdfjs-viewer\" width=\"650px\" height=\"889px\" src=\"https:\/\/www.semiaridos.org\/wp-content\/plugins\/pdf-viewer\/stable\/web\/viewer.html?file=http:\/\/www.semiaridos.org\/files\/2018\/10\/declaracion_de_bandung.pdf\"><\/iframe> [\/vc_column_text][\/vc_column][\/vc_row]<\/p>\n<\/div>","protected":false},"excerpt":{"rendered":"<p>Luego del Foro Global de la Tierra 2018 que se hizo en Indonesia, organizado por la International Land Coalition (ILC), la Asamblea de miembros de la ILC emiti\u00f3 la Declaraci\u00f3n de Bandung 2018, sobre la gobernanza de la tierra centrada en las personas. Aqu\u00ed compartimos el documento<\/p>\n","protected":false},"author":4,"featured_media":1466,"comment_status":"open","ping_status":"open","sticky":false,"template":"","format":"standard","meta":{"footnotes":""},"categories":[14],"tags":[350,313,466,465,86,468,467,193,469],"class_list":["post-1465","post","type-post","status-publish","format-standard","has-post-thumbnail","hentry","category-noticias","tag-acceso-a-la-tierra","tag-agricultura-familiar","tag-asamblea","tag-bandung-2018","tag-declaracion","tag-desarrollo-sostenible","tag-gobernanza-de-la-tierra","tag-ilc","tag-reforma-agraria"],"yoast_head":"<!-- This site is optimized with the Yoast SEO plugin v26.3 - https:\/\/yoast.com\/wordpress\/plugins\/seo\/ -->\n<title>Declaraci\u00f3n de Bandung 2018 - Semi\u00e1ridos<\/title>\n<meta name=\"robots\" content=\"index, follow, max-snippet:-1, max-image-preview:large, max-video-preview:-1\" \/>\n<link rel=\"canonical\" href=\"https:\/\/www.semiaridos.org\/noticias\/declaracion-bandung-2018\/\" \/>\n<meta property=\"og:locale\" content=\"en_US\" \/>\n<meta property=\"og:type\" content=\"article\" \/>\n<meta property=\"og:title\" content=\"Declaraci\u00f3n de Bandung 2018 - Semi\u00e1ridos\" \/>\n<meta property=\"og:description\" content=\"Luego del Foro Global de la Tierra 2018 que se hizo en Indonesia, organizado por la International Land Coalition (ILC), la Asamblea de miembros de la ILC emiti\u00f3 la Declaraci\u00f3n de Bandung 2018, sobre la gobernanza de la tierra centrada en las personas. Aqu\u00ed compartimos el documento\" \/>\n<meta property=\"og:url\" content=\"https:\/\/www.semiaridos.org\/noticias\/declaracion-bandung-2018\/\" \/>\n<meta property=\"og:site_name\" content=\"Semi\u00e1ridos\" \/>\n<meta property=\"article:published_time\" content=\"2018-10-16T18:04:26+00:00\" \/>\n<meta property=\"og:image\" content=\"https:\/\/www.semiaridos.org\/\/files\/2018\/10\/foro.jpeg\" \/>\n\t<meta property=\"og:image:width\" content=\"960\" \/>\n\t<meta property=\"og:image:height\" content=\"813\" \/>\n\t<meta property=\"og:image:type\" content=\"image\/jpeg\" \/>\n<meta name=\"author\" content=\"Semi\u00e1ridos Plataforma\" \/>\n<meta name=\"twitter:card\" content=\"summary_large_image\" \/>\n<meta name=\"twitter:label1\" content=\"Written by\" \/>\n\t<meta name=\"twitter:data1\" content=\"Semi\u00e1ridos Plataforma\" \/>\n\t<meta name=\"twitter:label2\" content=\"Est. reading time\" \/>\n\t<meta name=\"twitter:data2\" content=\"1 minute\" \/>\n<script type=\"application\/ld+json\" class=\"yoast-schema-graph\">{\"@context\":\"https:\/\/schema.org\",\"@graph\":[{\"@type\":\"WebPage\",\"@id\":\"https:\/\/www.semiaridos.org\/noticias\/declaracion-bandung-2018\/\",\"url\":\"https:\/\/www.semiaridos.org\/noticias\/declaracion-bandung-2018\/\",\"name\":\"Declaraci\u00f3n de Bandung 2018 - Semi\u00e1ridos\",\"isPartOf\":{\"@id\":\"https:\/\/www.semiaridos.org\/#website\"},\"primaryImageOfPage\":{\"@id\":\"https:\/\/www.semiaridos.org\/noticias\/declaracion-bandung-2018\/#primaryimage\"},\"image\":{\"@id\":\"https:\/\/www.semiaridos.org\/noticias\/declaracion-bandung-2018\/#primaryimage\"},\"thumbnailUrl\":\"https:\/\/www.semiaridos.org\/\/files\/2018\/10\/foro.jpeg\",\"datePublished\":\"2018-10-16T18:04:26+00:00\",\"author\":{\"@id\":\"https:\/\/www.semiaridos.org\/#\/schema\/person\/4c4cf6a3a8d1bd0c98c84259a5db4998\"},\"breadcrumb\":{\"@id\":\"https:\/\/www.semiaridos.org\/noticias\/declaracion-bandung-2018\/#breadcrumb\"},\"inLanguage\":\"en-US\",\"potentialAction\":[{\"@type\":\"ReadAction\",\"target\":[\"https:\/\/www.semiaridos.org\/noticias\/declaracion-bandung-2018\/\"]}]},{\"@type\":\"ImageObject\",\"inLanguage\":\"en-US\",\"@id\":\"https:\/\/www.semiaridos.org\/noticias\/declaracion-bandung-2018\/#primaryimage\",\"url\":\"https:\/\/www.semiaridos.org\/\/files\/2018\/10\/foro.jpeg\",\"contentUrl\":\"https:\/\/www.semiaridos.org\/\/files\/2018\/10\/foro.jpeg\",\"width\":960,\"height\":813},{\"@type\":\"BreadcrumbList\",\"@id\":\"https:\/\/www.semiaridos.org\/noticias\/declaracion-bandung-2018\/#breadcrumb\",\"itemListElement\":[{\"@type\":\"ListItem\",\"position\":1,\"name\":\"Portada\",\"item\":\"https:\/\/www.semiaridos.org\/en\/\"},{\"@type\":\"ListItem\",\"position\":2,\"name\":\"Declaraci\u00f3n de Bandung 2018\"}]},{\"@type\":\"WebSite\",\"@id\":\"https:\/\/www.semiaridos.org\/#website\",\"url\":\"https:\/\/www.semiaridos.org\/\",\"name\":\"Semi\u00e1ridos\",\"description\":\"Otro sitio realizado con WordPress\",\"potentialAction\":[{\"@type\":\"SearchAction\",\"target\":{\"@type\":\"EntryPoint\",\"urlTemplate\":\"https:\/\/www.semiaridos.org\/?s={search_term_string}\"},\"query-input\":{\"@type\":\"PropertyValueSpecification\",\"valueRequired\":true,\"valueName\":\"search_term_string\"}}],\"inLanguage\":\"en-US\"},{\"@type\":\"Person\",\"@id\":\"https:\/\/www.semiaridos.org\/#\/schema\/person\/4c4cf6a3a8d1bd0c98c84259a5db4998\",\"name\":\"Semi\u00e1ridos Plataforma\",\"image\":{\"@type\":\"ImageObject\",\"inLanguage\":\"en-US\",\"@id\":\"https:\/\/www.semiaridos.org\/#\/schema\/person\/image\/\",\"url\":\"https:\/\/secure.gravatar.com\/avatar\/5ebd2905bbcce14afe1f3d0b167c53a55585123b9a8ebca5a6aa909278711be1?s=96&d=identicon&r=g\",\"contentUrl\":\"https:\/\/secure.gravatar.com\/avatar\/5ebd2905bbcce14afe1f3d0b167c53a55585123b9a8ebca5a6aa909278711be1?s=96&d=identicon&r=g\",\"caption\":\"Semi\u00e1ridos Plataforma\"},\"description\":\"Semi\u00e1ridos, iniciativa desarrollada en el marco de la International Land Coalition. Busca atender las problem\u00e1ticas de las zonas semi\u00e1ridas de Am\u00e9ricaLatina\",\"sameAs\":[\"http:\/\/www.semiaridos.org\"]}]}<\/script>\n<!-- \/ Yoast SEO plugin. -->","yoast_head_json":{"title":"Declaraci\u00f3n de Bandung 2018 - Semi\u00e1ridos","robots":{"index":"index","follow":"follow","max-snippet":"max-snippet:-1","max-image-preview":"max-image-preview:large","max-video-preview":"max-video-preview:-1"},"canonical":"https:\/\/www.semiaridos.org\/noticias\/declaracion-bandung-2018\/","og_locale":"en_US","og_type":"article","og_title":"Declaraci\u00f3n de Bandung 2018 - Semi\u00e1ridos","og_description":"Luego del Foro Global de la Tierra 2018 que se hizo en Indonesia, organizado por la International Land Coalition (ILC), la Asamblea de miembros de la ILC emiti\u00f3 la Declaraci\u00f3n de Bandung 2018, sobre la gobernanza de la tierra centrada en las personas. Aqu\u00ed compartimos el documento","og_url":"https:\/\/www.semiaridos.org\/noticias\/declaracion-bandung-2018\/","og_site_name":"Semi\u00e1ridos","article_published_time":"2018-10-16T18:04:26+00:00","og_image":[{"width":960,"height":813,"url":"https:\/\/www.semiaridos.org\/\/files\/2018\/10\/foro.jpeg","type":"image\/jpeg"}],"author":"Semi\u00e1ridos Plataforma","twitter_card":"summary_large_image","twitter_misc":{"Written by":"Semi\u00e1ridos Plataforma","Est. reading time":"1 minute"},"schema":{"@context":"https:\/\/schema.org","@graph":[{"@type":"WebPage","@id":"https:\/\/www.semiaridos.org\/noticias\/declaracion-bandung-2018\/","url":"https:\/\/www.semiaridos.org\/noticias\/declaracion-bandung-2018\/","name":"Declaraci\u00f3n de Bandung 2018 - Semi\u00e1ridos","isPartOf":{"@id":"https:\/\/www.semiaridos.org\/#website"},"primaryImageOfPage":{"@id":"https:\/\/www.semiaridos.org\/noticias\/declaracion-bandung-2018\/#primaryimage"},"image":{"@id":"https:\/\/www.semiaridos.org\/noticias\/declaracion-bandung-2018\/#primaryimage"},"thumbnailUrl":"https:\/\/www.semiaridos.org\/\/files\/2018\/10\/foro.jpeg","datePublished":"2018-10-16T18:04:26+00:00","author":{"@id":"https:\/\/www.semiaridos.org\/#\/schema\/person\/4c4cf6a3a8d1bd0c98c84259a5db4998"},"breadcrumb":{"@id":"https:\/\/www.semiaridos.org\/noticias\/declaracion-bandung-2018\/#breadcrumb"},"inLanguage":"en-US","potentialAction":[{"@type":"ReadAction","target":["https:\/\/www.semiaridos.org\/noticias\/declaracion-bandung-2018\/"]}]},{"@type":"ImageObject","inLanguage":"en-US","@id":"https:\/\/www.semiaridos.org\/noticias\/declaracion-bandung-2018\/#primaryimage","url":"https:\/\/www.semiaridos.org\/\/files\/2018\/10\/foro.jpeg","contentUrl":"https:\/\/www.semiaridos.org\/\/files\/2018\/10\/foro.jpeg","width":960,"height":813},{"@type":"BreadcrumbList","@id":"https:\/\/www.semiaridos.org\/noticias\/declaracion-bandung-2018\/#breadcrumb","itemListElement":[{"@type":"ListItem","position":1,"name":"Portada","item":"https:\/\/www.semiaridos.org\/en\/"},{"@type":"ListItem","position":2,"name":"Declaraci\u00f3n de Bandung 2018"}]},{"@type":"WebSite","@id":"https:\/\/www.semiaridos.org\/#website","url":"https:\/\/www.semiaridos.org\/","name":"Semi\u00e1ridos","description":"Otro sitio realizado con WordPress","potentialAction":[{"@type":"SearchAction","target":{"@type":"EntryPoint","urlTemplate":"https:\/\/www.semiaridos.org\/?s={search_term_string}"},"query-input":{"@type":"PropertyValueSpecification","valueRequired":true,"valueName":"search_term_string"}}],"inLanguage":"en-US"},{"@type":"Person","@id":"https:\/\/www.semiaridos.org\/#\/schema\/person\/4c4cf6a3a8d1bd0c98c84259a5db4998","name":"Semi\u00e1ridos Plataforma","image":{"@type":"ImageObject","inLanguage":"en-US","@id":"https:\/\/www.semiaridos.org\/#\/schema\/person\/image\/","url":"https:\/\/secure.gravatar.com\/avatar\/5ebd2905bbcce14afe1f3d0b167c53a55585123b9a8ebca5a6aa909278711be1?s=96&d=identicon&r=g","contentUrl":"https:\/\/secure.gravatar.com\/avatar\/5ebd2905bbcce14afe1f3d0b167c53a55585123b9a8ebca5a6aa909278711be1?s=96&d=identicon&r=g","caption":"Semi\u00e1ridos Plataforma"},"description":"Semi\u00e1ridos, iniciativa desarrollada en el marco de la International Land Coalition. Busca atender las problem\u00e1ticas de las zonas semi\u00e1ridas de Am\u00e9ricaLatina","sameAs":["http:\/\/www.semiaridos.org"]}]}},"_links":{"self":[{"href":"https:\/\/www.semiaridos.org\/en\/wp-json\/wp\/v2\/posts\/1465","targetHints":{"allow":["GET"]}}],"collection":[{"href":"https:\/\/www.semiaridos.org\/en\/wp-json\/wp\/v2\/posts"}],"about":[{"href":"https:\/\/www.semiaridos.org\/en\/wp-json\/wp\/v2\/types\/post"}],"author":[{"embeddable":true,"href":"https:\/\/www.semiaridos.org\/en\/wp-json\/wp\/v2\/users\/4"}],"replies":[{"embeddable":true,"href":"https:\/\/www.semiaridos.org\/en\/wp-json\/wp\/v2\/comments?post=1465"}],"version-history":[{"count":4,"href":"https:\/\/www.semiaridos.org\/en\/wp-json\/wp\/v2\/posts\/1465\/revisions"}],"predecessor-version":[{"id":1477,"href":"https:\/\/www.semiaridos.org\/en\/wp-json\/wp\/v2\/posts\/1465\/revisions\/1477"}],"wp:featuredmedia":[{"embeddable":true,"href":"https:\/\/www.semiaridos.org\/en\/wp-json\/wp\/v2\/media\/1466"}],"wp:attachment":[{"href":"https:\/\/www.semiaridos.org\/en\/wp-json\/wp\/v2\/media?parent=1465"}],"wp:term":[{"taxonomy":"category","embeddable":true,"href":"https:\/\/www.semiaridos.org\/en\/wp-json\/wp\/v2\/categories?post=1465"},{"taxonomy":"post_tag","embeddable":true,"href":"https:\/\/www.semiaridos.org\/en\/wp-json\/wp\/v2\/tags?post=1465"}],"curies":[{"name":"wp","href":"https:\/\/api.w.org\/{rel}","templated":true}]}}