{"id":1479,"date":"2018-11-02T12:05:35","date_gmt":"2018-11-02T15:05:35","guid":{"rendered":"http:\/\/www.semiaridos.org\/?p=1479\/"},"modified":"2018-11-02T12:05:35","modified_gmt":"2018-11-02T15:05:35","slug":"intercambio-saberes-los-semiaridos-america-latina","status":"publish","type":"post","link":"https:\/\/www.semiaridos.org\/en\/noticias\/intercambio-saberes-los-semiaridos-america-latina\/","title":{"rendered":"Intercambio de saberes por los Semi\u00e1ridos de Am\u00e9rica Latina"},"content":{"rendered":"<p>Representantes de\u00a0 organizaciones campesinas e ind\u00edgenas de la Argentina, Brasil, Bolivia, Paraguay, Ecuador, Per\u00fa, El Salvador y Nicaragua, llevar\u00e1n adelante las jornadas<strong>\u00a0<em>Intercambio de Saberes por los Semi\u00e1ridos de Am\u00e9rica Latina<\/em><\/strong>, que tienen como tema central el \u201c<em><strong>Acceso a los recursos naturales y el mapeo participativo en el Chaco Trinacional<\/strong>\u201d<\/em>.<\/p>\n<p>Organizadas por el Fondo Internacional de Desarrollo Agr\u00edcola de Brasil (FIDA-Brasil); el Instituto Interamericano de Cooperaci\u00f3n para la Agricultura en Brasil (IICA Brasil); el programa Semear Internacional; \u00a0la Plataforma Semi\u00e1ridos de Am\u00e9rica Latina; FUNDAPAZ en alianza con la International Land Coalition (ILC -AL); y\u00a0el Centro de Desarrollo Agroecol\u00f3gico Sabi\u00e1. Se desarrollar\u00e1n del 6 al 10 de noviembre en Salta, Argentina.<\/p>\n<p>Los representantes de las organizaciones tendr\u00e1n la oportunidad de conocer las experiencias exitosas de comunidades ind\u00edgenas y campesinas, en la utilizaci\u00f3n de la metodolog\u00eda de mapeo participativo para resolver conflicto en torno al acceso a recursos naturales como son la tierra y el agua.<\/p>\n<p>El evento, \u00a0se iniciar\u00e1 con un foro abierto en el que se analizar\u00e1n, entre otros, los siguientes temas: las grandes transacciones de tierra y su relaci\u00f3n con los territorios de comunidades y agricultores; la gesti\u00f3n de los territorios semi\u00e1ridos en Am\u00e9rica Latina; la problem\u00e1tica agraria en Ecuador; los procesos de acumulaci\u00f3n de tierra, \u00a0y \u00a0el desalojo en comunidades ind\u00edgenas ante los desmontes.<\/p>\n<p>El programa incluye tres d\u00edas de visitas a las zonas del Morillo, Pilcomayo, Embarcaci\u00f3n y Los Blancos, al norte de Salta, donde se conocer\u00e1n experiencias relacionadas con la ocupaci\u00f3n efectiva de la tierra, acceso al agua potable, utilizaci\u00f3n de mapeos participativos como herramientas de resoluci\u00f3n pac\u00edfica de conflictos entre diferentes actores sociales, de di\u00e1logo e incidencia pol\u00edtica.<\/p>\n","protected":false},"excerpt":{"rendered":"<p>Representantes de\u00a0 organizaciones campesinas e ind\u00edgenas de la Argentina, Brasil, Bolivia, Paraguay, Ecuador, Per\u00fa, El Salvador y Nicaragua, llevar\u00e1n adelante las jornadas\u00a0Intercambio de Saberes por los Semi\u00e1ridos de Am\u00e9rica Latina, que tienen como tema central el \u201cAcceso a los recursos naturales y el mapeo participativo&#8230;<\/p>\n","protected":false},"author":4,"featured_media":1481,"comment_status":"open","ping_status":"open","sticky":false,"template":"","format":"standard","meta":{"footnotes":""},"categories":[14],"tags":[37,58,56,475,398,331,66,478,473,43,474,318,109,471,476,65,57,470,477,36,472],"class_list":["post-1479","post","type-post","status-publish","format-standard","has-post-thumbnail","hentry","category-noticias","tag-argentina","tag-bolivia","tag-brasil","tag-centro-de-desarrollo-agroecologico-sabia","tag-chaco-trinacional","tag-ecuador","tag-el-salvador","tag-embarcacion","tag-fida-brasil","tag-fundapaz","tag-iica-brasil","tag-ilc-al","tag-los-blancos","tag-mapeo","tag-morillo","tag-nicaragua","tag-paraguay","tag-peru","tag-pilcomayo","tag-salta","tag-semiaridos-de-america-latina"],"yoast_head":"<!-- This site is optimized with the Yoast SEO plugin v26.3 - https:\/\/yoast.com\/wordpress\/plugins\/seo\/ -->\n<title>Intercambio de saberes por los Semi\u00e1ridos de Am\u00e9rica Latina - Semi\u00e1ridos<\/title>\n<meta name=\"robots\" content=\"index, follow, max-snippet:-1, max-image-preview:large, max-video-preview:-1\" \/>\n<link rel=\"canonical\" href=\"https:\/\/www.semiaridos.org\/noticias\/intercambio-saberes-los-semiaridos-america-latina\/\" \/>\n<meta property=\"og:locale\" content=\"en_US\" \/>\n<meta property=\"og:type\" content=\"article\" \/>\n<meta property=\"og:title\" content=\"Intercambio de saberes por los Semi\u00e1ridos de Am\u00e9rica Latina - Semi\u00e1ridos\" \/>\n<meta property=\"og:description\" content=\"Representantes de\u00a0 organizaciones campesinas e ind\u00edgenas de la Argentina, Brasil, Bolivia, Paraguay, Ecuador, Per\u00fa, El Salvador y Nicaragua, llevar\u00e1n adelante las jornadas\u00a0Intercambio de Saberes por los Semi\u00e1ridos de Am\u00e9rica Latina, que tienen como tema central el \u201cAcceso a los recursos naturales y el mapeo participativo...\" \/>\n<meta property=\"og:url\" content=\"https:\/\/www.semiaridos.org\/noticias\/intercambio-saberes-los-semiaridos-america-latina\/\" \/>\n<meta property=\"og:site_name\" content=\"Semi\u00e1ridos\" \/>\n<meta property=\"article:published_time\" content=\"2018-11-02T15:05:35+00:00\" \/>\n<meta property=\"og:image\" content=\"https:\/\/www.semiaridos.org\/\/files\/2018\/11\/post-insta-espanhol.png\" \/>\n\t<meta property=\"og:image:width\" content=\"600\" \/>\n\t<meta property=\"og:image:height\" content=\"600\" \/>\n\t<meta property=\"og:image:type\" content=\"image\/png\" \/>\n<meta name=\"author\" content=\"Semi\u00e1ridos Plataforma\" \/>\n<meta name=\"twitter:card\" content=\"summary_large_image\" \/>\n<meta name=\"twitter:label1\" content=\"Written by\" \/>\n\t<meta name=\"twitter:data1\" content=\"Semi\u00e1ridos Plataforma\" \/>\n\t<meta name=\"twitter:label2\" content=\"Est. reading time\" \/>\n\t<meta name=\"twitter:data2\" content=\"2 minutes\" \/>\n<script type=\"application\/ld+json\" class=\"yoast-schema-graph\">{\"@context\":\"https:\/\/schema.org\",\"@graph\":[{\"@type\":\"WebPage\",\"@id\":\"https:\/\/www.semiaridos.org\/noticias\/intercambio-saberes-los-semiaridos-america-latina\/\",\"url\":\"https:\/\/www.semiaridos.org\/noticias\/intercambio-saberes-los-semiaridos-america-latina\/\",\"name\":\"Intercambio de saberes por los Semi\u00e1ridos de Am\u00e9rica Latina - Semi\u00e1ridos\",\"isPartOf\":{\"@id\":\"https:\/\/www.semiaridos.org\/#website\"},\"primaryImageOfPage\":{\"@id\":\"https:\/\/www.semiaridos.org\/noticias\/intercambio-saberes-los-semiaridos-america-latina\/#primaryimage\"},\"image\":{\"@id\":\"https:\/\/www.semiaridos.org\/noticias\/intercambio-saberes-los-semiaridos-america-latina\/#primaryimage\"},\"thumbnailUrl\":\"https:\/\/www.semiaridos.org\/\/files\/2018\/11\/post-insta-espanhol.png\",\"datePublished\":\"2018-11-02T15:05:35+00:00\",\"author\":{\"@id\":\"https:\/\/www.semiaridos.org\/#\/schema\/person\/4c4cf6a3a8d1bd0c98c84259a5db4998\"},\"breadcrumb\":{\"@id\":\"https:\/\/www.semiaridos.org\/noticias\/intercambio-saberes-los-semiaridos-america-latina\/#breadcrumb\"},\"inLanguage\":\"en-US\",\"potentialAction\":[{\"@type\":\"ReadAction\",\"target\":[\"https:\/\/www.semiaridos.org\/noticias\/intercambio-saberes-los-semiaridos-america-latina\/\"]}]},{\"@type\":\"ImageObject\",\"inLanguage\":\"en-US\",\"@id\":\"https:\/\/www.semiaridos.org\/noticias\/intercambio-saberes-los-semiaridos-america-latina\/#primaryimage\",\"url\":\"https:\/\/www.semiaridos.org\/\/files\/2018\/11\/post-insta-espanhol.png\",\"contentUrl\":\"https:\/\/www.semiaridos.org\/\/files\/2018\/11\/post-insta-espanhol.png\",\"width\":600,\"height\":600},{\"@type\":\"BreadcrumbList\",\"@id\":\"https:\/\/www.semiaridos.org\/noticias\/intercambio-saberes-los-semiaridos-america-latina\/#breadcrumb\",\"itemListElement\":[{\"@type\":\"ListItem\",\"position\":1,\"name\":\"Portada\",\"item\":\"https:\/\/www.semiaridos.org\/en\/\"},{\"@type\":\"ListItem\",\"position\":2,\"name\":\"Intercambio de saberes por los Semi\u00e1ridos de Am\u00e9rica Latina\"}]},{\"@type\":\"WebSite\",\"@id\":\"https:\/\/www.semiaridos.org\/#website\",\"url\":\"https:\/\/www.semiaridos.org\/\",\"name\":\"Semi\u00e1ridos\",\"description\":\"Otro sitio realizado con WordPress\",\"potentialAction\":[{\"@type\":\"SearchAction\",\"target\":{\"@type\":\"EntryPoint\",\"urlTemplate\":\"https:\/\/www.semiaridos.org\/?s={search_term_string}\"},\"query-input\":{\"@type\":\"PropertyValueSpecification\",\"valueRequired\":true,\"valueName\":\"search_term_string\"}}],\"inLanguage\":\"en-US\"},{\"@type\":\"Person\",\"@id\":\"https:\/\/www.semiaridos.org\/#\/schema\/person\/4c4cf6a3a8d1bd0c98c84259a5db4998\",\"name\":\"Semi\u00e1ridos Plataforma\",\"image\":{\"@type\":\"ImageObject\",\"inLanguage\":\"en-US\",\"@id\":\"https:\/\/www.semiaridos.org\/#\/schema\/person\/image\/\",\"url\":\"https:\/\/secure.gravatar.com\/avatar\/5ebd2905bbcce14afe1f3d0b167c53a55585123b9a8ebca5a6aa909278711be1?s=96&d=identicon&r=g\",\"contentUrl\":\"https:\/\/secure.gravatar.com\/avatar\/5ebd2905bbcce14afe1f3d0b167c53a55585123b9a8ebca5a6aa909278711be1?s=96&d=identicon&r=g\",\"caption\":\"Semi\u00e1ridos Plataforma\"},\"description\":\"Semi\u00e1ridos, iniciativa desarrollada en el marco de la International Land Coalition. Busca atender las problem\u00e1ticas de las zonas semi\u00e1ridas de Am\u00e9ricaLatina\",\"sameAs\":[\"http:\/\/www.semiaridos.org\"]}]}<\/script>\n<!-- \/ Yoast SEO plugin. -->","yoast_head_json":{"title":"Intercambio de saberes por los Semi\u00e1ridos de Am\u00e9rica Latina - Semi\u00e1ridos","robots":{"index":"index","follow":"follow","max-snippet":"max-snippet:-1","max-image-preview":"max-image-preview:large","max-video-preview":"max-video-preview:-1"},"canonical":"https:\/\/www.semiaridos.org\/noticias\/intercambio-saberes-los-semiaridos-america-latina\/","og_locale":"en_US","og_type":"article","og_title":"Intercambio de saberes por los Semi\u00e1ridos de Am\u00e9rica Latina - Semi\u00e1ridos","og_description":"Representantes de\u00a0 organizaciones campesinas e ind\u00edgenas de la Argentina, Brasil, Bolivia, Paraguay, Ecuador, Per\u00fa, El Salvador y Nicaragua, llevar\u00e1n adelante las jornadas\u00a0Intercambio de Saberes por los Semi\u00e1ridos de Am\u00e9rica Latina, que tienen como tema central el \u201cAcceso a los recursos naturales y el mapeo participativo...","og_url":"https:\/\/www.semiaridos.org\/noticias\/intercambio-saberes-los-semiaridos-america-latina\/","og_site_name":"Semi\u00e1ridos","article_published_time":"2018-11-02T15:05:35+00:00","og_image":[{"width":600,"height":600,"url":"https:\/\/www.semiaridos.org\/\/files\/2018\/11\/post-insta-espanhol.png","type":"image\/png"}],"author":"Semi\u00e1ridos Plataforma","twitter_card":"summary_large_image","twitter_misc":{"Written by":"Semi\u00e1ridos Plataforma","Est. reading time":"2 minutes"},"schema":{"@context":"https:\/\/schema.org","@graph":[{"@type":"WebPage","@id":"https:\/\/www.semiaridos.org\/noticias\/intercambio-saberes-los-semiaridos-america-latina\/","url":"https:\/\/www.semiaridos.org\/noticias\/intercambio-saberes-los-semiaridos-america-latina\/","name":"Intercambio de saberes por los Semi\u00e1ridos de Am\u00e9rica Latina - Semi\u00e1ridos","isPartOf":{"@id":"https:\/\/www.semiaridos.org\/#website"},"primaryImageOfPage":{"@id":"https:\/\/www.semiaridos.org\/noticias\/intercambio-saberes-los-semiaridos-america-latina\/#primaryimage"},"image":{"@id":"https:\/\/www.semiaridos.org\/noticias\/intercambio-saberes-los-semiaridos-america-latina\/#primaryimage"},"thumbnailUrl":"https:\/\/www.semiaridos.org\/\/files\/2018\/11\/post-insta-espanhol.png","datePublished":"2018-11-02T15:05:35+00:00","author":{"@id":"https:\/\/www.semiaridos.org\/#\/schema\/person\/4c4cf6a3a8d1bd0c98c84259a5db4998"},"breadcrumb":{"@id":"https:\/\/www.semiaridos.org\/noticias\/intercambio-saberes-los-semiaridos-america-latina\/#breadcrumb"},"inLanguage":"en-US","potentialAction":[{"@type":"ReadAction","target":["https:\/\/www.semiaridos.org\/noticias\/intercambio-saberes-los-semiaridos-america-latina\/"]}]},{"@type":"ImageObject","inLanguage":"en-US","@id":"https:\/\/www.semiaridos.org\/noticias\/intercambio-saberes-los-semiaridos-america-latina\/#primaryimage","url":"https:\/\/www.semiaridos.org\/\/files\/2018\/11\/post-insta-espanhol.png","contentUrl":"https:\/\/www.semiaridos.org\/\/files\/2018\/11\/post-insta-espanhol.png","width":600,"height":600},{"@type":"BreadcrumbList","@id":"https:\/\/www.semiaridos.org\/noticias\/intercambio-saberes-los-semiaridos-america-latina\/#breadcrumb","itemListElement":[{"@type":"ListItem","position":1,"name":"Portada","item":"https:\/\/www.semiaridos.org\/en\/"},{"@type":"ListItem","position":2,"name":"Intercambio de saberes por los Semi\u00e1ridos de Am\u00e9rica Latina"}]},{"@type":"WebSite","@id":"https:\/\/www.semiaridos.org\/#website","url":"https:\/\/www.semiaridos.org\/","name":"Semi\u00e1ridos","description":"Otro sitio realizado con WordPress","potentialAction":[{"@type":"SearchAction","target":{"@type":"EntryPoint","urlTemplate":"https:\/\/www.semiaridos.org\/?s={search_term_string}"},"query-input":{"@type":"PropertyValueSpecification","valueRequired":true,"valueName":"search_term_string"}}],"inLanguage":"en-US"},{"@type":"Person","@id":"https:\/\/www.semiaridos.org\/#\/schema\/person\/4c4cf6a3a8d1bd0c98c84259a5db4998","name":"Semi\u00e1ridos Plataforma","image":{"@type":"ImageObject","inLanguage":"en-US","@id":"https:\/\/www.semiaridos.org\/#\/schema\/person\/image\/","url":"https:\/\/secure.gravatar.com\/avatar\/5ebd2905bbcce14afe1f3d0b167c53a55585123b9a8ebca5a6aa909278711be1?s=96&d=identicon&r=g","contentUrl":"https:\/\/secure.gravatar.com\/avatar\/5ebd2905bbcce14afe1f3d0b167c53a55585123b9a8ebca5a6aa909278711be1?s=96&d=identicon&r=g","caption":"Semi\u00e1ridos Plataforma"},"description":"Semi\u00e1ridos, iniciativa desarrollada en el marco de la International Land Coalition. Busca atender las problem\u00e1ticas de las zonas semi\u00e1ridas de Am\u00e9ricaLatina","sameAs":["http:\/\/www.semiaridos.org"]}]}},"_links":{"self":[{"href":"https:\/\/www.semiaridos.org\/en\/wp-json\/wp\/v2\/posts\/1479","targetHints":{"allow":["GET"]}}],"collection":[{"href":"https:\/\/www.semiaridos.org\/en\/wp-json\/wp\/v2\/posts"}],"about":[{"href":"https:\/\/www.semiaridos.org\/en\/wp-json\/wp\/v2\/types\/post"}],"author":[{"embeddable":true,"href":"https:\/\/www.semiaridos.org\/en\/wp-json\/wp\/v2\/users\/4"}],"replies":[{"embeddable":true,"href":"https:\/\/www.semiaridos.org\/en\/wp-json\/wp\/v2\/comments?post=1479"}],"version-history":[{"count":1,"href":"https:\/\/www.semiaridos.org\/en\/wp-json\/wp\/v2\/posts\/1479\/revisions"}],"predecessor-version":[{"id":1484,"href":"https:\/\/www.semiaridos.org\/en\/wp-json\/wp\/v2\/posts\/1479\/revisions\/1484"}],"wp:featuredmedia":[{"embeddable":true,"href":"https:\/\/www.semiaridos.org\/en\/wp-json\/wp\/v2\/media\/1481"}],"wp:attachment":[{"href":"https:\/\/www.semiaridos.org\/en\/wp-json\/wp\/v2\/media?parent=1479"}],"wp:term":[{"taxonomy":"category","embeddable":true,"href":"https:\/\/www.semiaridos.org\/en\/wp-json\/wp\/v2\/categories?post=1479"},{"taxonomy":"post_tag","embeddable":true,"href":"https:\/\/www.semiaridos.org\/en\/wp-json\/wp\/v2\/tags?post=1479"}],"curies":[{"name":"wp","href":"https:\/\/api.w.org\/{rel}","templated":true}]}}