{"id":1494,"date":"2018-11-21T17:35:49","date_gmt":"2018-11-21T20:35:49","guid":{"rendered":"https:\/\/www.semiaridos.org\/noticias\/momentos-del-intercambio-de-saberes-por-los-semiaridos-de-america-latina\/"},"modified":"2018-11-26T13:18:03","modified_gmt":"2018-11-26T16:18:03","slug":"momentos-del-intercambio-de-saberes-por-los-semiaridos-de-america-latina","status":"publish","type":"post","link":"https:\/\/www.semiaridos.org\/en\/noticias\/momentos-del-intercambio-de-saberes-por-los-semiaridos-de-america-latina\/","title":{"rendered":"Momentos del Intercambio de Saberes por los Semi\u00e1ridos de Am\u00e9rica latina"},"content":{"rendered":"<p>El \u00faltimo s\u00e1bado 10 de noviembre, en la ciudad de Embarcaci\u00f3n, provincia de Salta, Argentina, termin\u00f3 la primera edici\u00f3n de \u201c<strong>Intercambios de Saberes por los Semi\u00e1ridos de Am\u00e9rica Latina<\/strong>&#8211; Acceso a los recursos naturales y el mapeo participativo &#8211; Chaco Trinacional&#8221;.<\/p>\n<p>Participaron del evento ocho proyectos brasile\u00f1os apoyados por el FIDA en Brasil junto con una delegaci\u00f3n integrada por representantes de la Argentina, Bolivia, Paraguay, Nicaragua, Ecuador y El Salvador. Una evaluaci\u00f3n y el lanzamiento de nuevos proyectos, marc\u00f3 el final de cinco d\u00edas de trabajo.<\/p>\n<p>Las jornadas estuvieron organizadas por FIDA Brasil, IICA, SEMEAR Internacional, la Plataforma Semi\u00e1ridos y FUNDAPAZ. Adem\u00e1s, cont\u00f3 con el apoyo de la International Land Coalition (ILC- AL) y el Centro de Desenvolvimiento Agroecol\u00f3gico Sabi\u00e1.<\/p>\n<p>Durante el desarrollo del intercambio, se realizaron visitas de campo, reuniones locales, presentaciones individuales y rondas de debates sobre temas relacionados con el acceso al agua, a la tierra y a la realidad de los habitantes del Chaco Trinacional. Una regi\u00f3n que comprende parte de la frontera entre Argentina, Paraguay y Bolivia.<\/p>\n<p>La recorrida incluy\u00f3 la visita en Los Blancos a la Escuela N\u00b0 4815 Misi\u00f3n Lewhetes, la sede de la Zonal Campesina Los Blancos; la comunidad wich\u00ed Lote 5; y la sede campesina de la Asociaci\u00f3n Civil Uni\u00f3n y Progreso. En Santa Victoria Este el grupo visit\u00f3 a la comunidad wich\u00ed La Curvita;\u00a0 la sede de la Organizaci\u00f3n de Familias Criollas (OFC), y el lote de Dante Albornoz, donde se pudieron apreciar obras de acceso al agua y propuestas productivas de reconversi\u00f3n ganadera criolla.<\/p>\n<p>\u201cEsta es una vivencia bastante valiosa. Este intercambio nos permite conocer nuevas experiencias internacionales que nos fortalecen y aprendemos m\u00e1s sobre agricultura\u2026\u201d, dijo Jassmani Jes\u00fas, de una comunidad guaran\u00ed que vive en Villamontes, Bolivia.<\/p>\n<p>Para Cristina Nascimiento, de la organizaci\u00f3n Cetra, de Brasil, conocer las experiencias de convivencia con regiones semi\u00e1ridas en Argentina y conocer otras vivencias en la regi\u00f3n fue importante para consolidar la unidad regional\u00a0 y de las poblaciones de Am\u00e9rica Latina.<\/p>\n<p>Nuevos proyectos de trabajos, aprendizajes, sue\u00f1os compartidos y desaf\u00edos; es el fruto de este intercambio.<\/p>\n<p>&nbsp;<\/p>\n<p>Fuente Semear Internacional<\/p>\n","protected":false},"excerpt":{"rendered":"<p>El \u00faltimo s\u00e1bado 10 de noviembre, en la ciudad de Embarcaci\u00f3n, provincia de Salta, Argentina, termin\u00f3 la primera edici\u00f3n de \u201cIntercambios de Saberes por los Semi\u00e1ridos de Am\u00e9rica Latina&#8211; Acceso a los recursos naturales y el mapeo participativo &#8211; Chaco Trinacional&#8221;. Participaron del evento ocho&#8230;<\/p>\n","protected":false},"author":4,"featured_media":1497,"comment_status":"open","ping_status":"open","sticky":false,"template":"","format":"standard","meta":{"footnotes":""},"categories":[14],"tags":[37,58,501,398,502,473,43,300,318,503,119,57,36,500,472],"class_list":["post-1494","post","type-post","status-publish","format-standard","has-post-thumbnail","hentry","category-noticias","tag-argentina","tag-bolivia","tag-centro-de-desenvolvimiento-agroecologico-sabia","tag-chaco-trinacional","tag-cristina-nascimiento","tag-fida-brasil","tag-fundapaz","tag-iica","tag-ilc-al","tag-jassmani-jesus","tag-mapeo-participativo","tag-paraguay","tag-salta","tag-semear-internacional","tag-semiaridos-de-america-latina"],"yoast_head":"<!-- This site is optimized with the Yoast SEO plugin v26.3 - https:\/\/yoast.com\/wordpress\/plugins\/seo\/ -->\n<title>Momentos del Intercambio de Saberes por los Semi\u00e1ridos de Am\u00e9rica latina - Semi\u00e1ridos<\/title>\n<meta name=\"robots\" content=\"index, follow, max-snippet:-1, max-image-preview:large, max-video-preview:-1\" \/>\n<link rel=\"canonical\" href=\"https:\/\/www.semiaridos.org\/noticias\/momentos-del-intercambio-de-saberes-por-los-semiaridos-de-america-latina\/\" \/>\n<meta property=\"og:locale\" content=\"en_US\" \/>\n<meta property=\"og:type\" content=\"article\" \/>\n<meta property=\"og:title\" content=\"Momentos del Intercambio de Saberes por los Semi\u00e1ridos de Am\u00e9rica latina - Semi\u00e1ridos\" \/>\n<meta property=\"og:description\" content=\"El \u00faltimo s\u00e1bado 10 de noviembre, en la ciudad de Embarcaci\u00f3n, provincia de Salta, Argentina, termin\u00f3 la primera edici\u00f3n de \u201cIntercambios de Saberes por los Semi\u00e1ridos de Am\u00e9rica Latina&#8211; Acceso a los recursos naturales y el mapeo participativo &#8211; Chaco Trinacional&#8221;. Participaron del evento ocho...\" \/>\n<meta property=\"og:url\" content=\"https:\/\/www.semiaridos.org\/noticias\/momentos-del-intercambio-de-saberes-por-los-semiaridos-de-america-latina\/\" \/>\n<meta property=\"og:site_name\" content=\"Semi\u00e1ridos\" \/>\n<meta property=\"article:published_time\" content=\"2018-11-21T20:35:49+00:00\" \/>\n<meta property=\"article:modified_time\" content=\"2018-11-26T16:18:03+00:00\" \/>\n<meta property=\"og:image\" content=\"https:\/\/www.semiaridos.org\/\/files\/2018\/11\/La-Caldera-bandera-ILC.jpg\" \/>\n\t<meta property=\"og:image:width\" content=\"960\" \/>\n\t<meta property=\"og:image:height\" content=\"720\" \/>\n\t<meta property=\"og:image:type\" content=\"image\/jpeg\" \/>\n<meta name=\"author\" content=\"Semi\u00e1ridos Plataforma\" \/>\n<meta name=\"twitter:card\" content=\"summary_large_image\" \/>\n<meta name=\"twitter:label1\" content=\"Written by\" \/>\n\t<meta name=\"twitter:data1\" content=\"Semi\u00e1ridos Plataforma\" \/>\n\t<meta name=\"twitter:label2\" content=\"Est. reading time\" \/>\n\t<meta name=\"twitter:data2\" content=\"2 minutes\" \/>\n<script type=\"application\/ld+json\" class=\"yoast-schema-graph\">{\"@context\":\"https:\/\/schema.org\",\"@graph\":[{\"@type\":\"WebPage\",\"@id\":\"https:\/\/www.semiaridos.org\/noticias\/momentos-del-intercambio-de-saberes-por-los-semiaridos-de-america-latina\/\",\"url\":\"https:\/\/www.semiaridos.org\/noticias\/momentos-del-intercambio-de-saberes-por-los-semiaridos-de-america-latina\/\",\"name\":\"Momentos del Intercambio de Saberes por los Semi\u00e1ridos de Am\u00e9rica latina - Semi\u00e1ridos\",\"isPartOf\":{\"@id\":\"https:\/\/www.semiaridos.org\/#website\"},\"primaryImageOfPage\":{\"@id\":\"https:\/\/www.semiaridos.org\/noticias\/momentos-del-intercambio-de-saberes-por-los-semiaridos-de-america-latina\/#primaryimage\"},\"image\":{\"@id\":\"https:\/\/www.semiaridos.org\/noticias\/momentos-del-intercambio-de-saberes-por-los-semiaridos-de-america-latina\/#primaryimage\"},\"thumbnailUrl\":\"https:\/\/www.semiaridos.org\/\/files\/2018\/11\/La-Caldera-bandera-ILC.jpg\",\"datePublished\":\"2018-11-21T20:35:49+00:00\",\"dateModified\":\"2018-11-26T16:18:03+00:00\",\"author\":{\"@id\":\"https:\/\/www.semiaridos.org\/#\/schema\/person\/4c4cf6a3a8d1bd0c98c84259a5db4998\"},\"breadcrumb\":{\"@id\":\"https:\/\/www.semiaridos.org\/noticias\/momentos-del-intercambio-de-saberes-por-los-semiaridos-de-america-latina\/#breadcrumb\"},\"inLanguage\":\"en-US\",\"potentialAction\":[{\"@type\":\"ReadAction\",\"target\":[\"https:\/\/www.semiaridos.org\/noticias\/momentos-del-intercambio-de-saberes-por-los-semiaridos-de-america-latina\/\"]}]},{\"@type\":\"ImageObject\",\"inLanguage\":\"en-US\",\"@id\":\"https:\/\/www.semiaridos.org\/noticias\/momentos-del-intercambio-de-saberes-por-los-semiaridos-de-america-latina\/#primaryimage\",\"url\":\"https:\/\/www.semiaridos.org\/\/files\/2018\/11\/La-Caldera-bandera-ILC.jpg\",\"contentUrl\":\"https:\/\/www.semiaridos.org\/\/files\/2018\/11\/La-Caldera-bandera-ILC.jpg\",\"width\":960,\"height\":720,\"caption\":\"La Caldera bandera ILC\"},{\"@type\":\"BreadcrumbList\",\"@id\":\"https:\/\/www.semiaridos.org\/noticias\/momentos-del-intercambio-de-saberes-por-los-semiaridos-de-america-latina\/#breadcrumb\",\"itemListElement\":[{\"@type\":\"ListItem\",\"position\":1,\"name\":\"Portada\",\"item\":\"https:\/\/www.semiaridos.org\/en\/\"},{\"@type\":\"ListItem\",\"position\":2,\"name\":\"Momentos del Intercambio de Saberes por los Semi\u00e1ridos de Am\u00e9rica latina\"}]},{\"@type\":\"WebSite\",\"@id\":\"https:\/\/www.semiaridos.org\/#website\",\"url\":\"https:\/\/www.semiaridos.org\/\",\"name\":\"Semi\u00e1ridos\",\"description\":\"Otro sitio realizado con WordPress\",\"potentialAction\":[{\"@type\":\"SearchAction\",\"target\":{\"@type\":\"EntryPoint\",\"urlTemplate\":\"https:\/\/www.semiaridos.org\/?s={search_term_string}\"},\"query-input\":{\"@type\":\"PropertyValueSpecification\",\"valueRequired\":true,\"valueName\":\"search_term_string\"}}],\"inLanguage\":\"en-US\"},{\"@type\":\"Person\",\"@id\":\"https:\/\/www.semiaridos.org\/#\/schema\/person\/4c4cf6a3a8d1bd0c98c84259a5db4998\",\"name\":\"Semi\u00e1ridos Plataforma\",\"image\":{\"@type\":\"ImageObject\",\"inLanguage\":\"en-US\",\"@id\":\"https:\/\/www.semiaridos.org\/#\/schema\/person\/image\/\",\"url\":\"https:\/\/secure.gravatar.com\/avatar\/5ebd2905bbcce14afe1f3d0b167c53a55585123b9a8ebca5a6aa909278711be1?s=96&d=identicon&r=g\",\"contentUrl\":\"https:\/\/secure.gravatar.com\/avatar\/5ebd2905bbcce14afe1f3d0b167c53a55585123b9a8ebca5a6aa909278711be1?s=96&d=identicon&r=g\",\"caption\":\"Semi\u00e1ridos Plataforma\"},\"description\":\"Semi\u00e1ridos, iniciativa desarrollada en el marco de la International Land Coalition. Busca atender las problem\u00e1ticas de las zonas semi\u00e1ridas de Am\u00e9ricaLatina\",\"sameAs\":[\"http:\/\/www.semiaridos.org\"]}]}<\/script>\n<!-- \/ Yoast SEO plugin. -->","yoast_head_json":{"title":"Momentos del Intercambio de Saberes por los Semi\u00e1ridos de Am\u00e9rica latina - Semi\u00e1ridos","robots":{"index":"index","follow":"follow","max-snippet":"max-snippet:-1","max-image-preview":"max-image-preview:large","max-video-preview":"max-video-preview:-1"},"canonical":"https:\/\/www.semiaridos.org\/noticias\/momentos-del-intercambio-de-saberes-por-los-semiaridos-de-america-latina\/","og_locale":"en_US","og_type":"article","og_title":"Momentos del Intercambio de Saberes por los Semi\u00e1ridos de Am\u00e9rica latina - Semi\u00e1ridos","og_description":"El \u00faltimo s\u00e1bado 10 de noviembre, en la ciudad de Embarcaci\u00f3n, provincia de Salta, Argentina, termin\u00f3 la primera edici\u00f3n de \u201cIntercambios de Saberes por los Semi\u00e1ridos de Am\u00e9rica Latina&#8211; Acceso a los recursos naturales y el mapeo participativo &#8211; Chaco Trinacional&#8221;. Participaron del evento ocho...","og_url":"https:\/\/www.semiaridos.org\/noticias\/momentos-del-intercambio-de-saberes-por-los-semiaridos-de-america-latina\/","og_site_name":"Semi\u00e1ridos","article_published_time":"2018-11-21T20:35:49+00:00","article_modified_time":"2018-11-26T16:18:03+00:00","og_image":[{"width":960,"height":720,"url":"https:\/\/www.semiaridos.org\/\/files\/2018\/11\/La-Caldera-bandera-ILC.jpg","type":"image\/jpeg"}],"author":"Semi\u00e1ridos Plataforma","twitter_card":"summary_large_image","twitter_misc":{"Written by":"Semi\u00e1ridos Plataforma","Est. reading time":"2 minutes"},"schema":{"@context":"https:\/\/schema.org","@graph":[{"@type":"WebPage","@id":"https:\/\/www.semiaridos.org\/noticias\/momentos-del-intercambio-de-saberes-por-los-semiaridos-de-america-latina\/","url":"https:\/\/www.semiaridos.org\/noticias\/momentos-del-intercambio-de-saberes-por-los-semiaridos-de-america-latina\/","name":"Momentos del Intercambio de Saberes por los Semi\u00e1ridos de Am\u00e9rica latina - Semi\u00e1ridos","isPartOf":{"@id":"https:\/\/www.semiaridos.org\/#website"},"primaryImageOfPage":{"@id":"https:\/\/www.semiaridos.org\/noticias\/momentos-del-intercambio-de-saberes-por-los-semiaridos-de-america-latina\/#primaryimage"},"image":{"@id":"https:\/\/www.semiaridos.org\/noticias\/momentos-del-intercambio-de-saberes-por-los-semiaridos-de-america-latina\/#primaryimage"},"thumbnailUrl":"https:\/\/www.semiaridos.org\/\/files\/2018\/11\/La-Caldera-bandera-ILC.jpg","datePublished":"2018-11-21T20:35:49+00:00","dateModified":"2018-11-26T16:18:03+00:00","author":{"@id":"https:\/\/www.semiaridos.org\/#\/schema\/person\/4c4cf6a3a8d1bd0c98c84259a5db4998"},"breadcrumb":{"@id":"https:\/\/www.semiaridos.org\/noticias\/momentos-del-intercambio-de-saberes-por-los-semiaridos-de-america-latina\/#breadcrumb"},"inLanguage":"en-US","potentialAction":[{"@type":"ReadAction","target":["https:\/\/www.semiaridos.org\/noticias\/momentos-del-intercambio-de-saberes-por-los-semiaridos-de-america-latina\/"]}]},{"@type":"ImageObject","inLanguage":"en-US","@id":"https:\/\/www.semiaridos.org\/noticias\/momentos-del-intercambio-de-saberes-por-los-semiaridos-de-america-latina\/#primaryimage","url":"https:\/\/www.semiaridos.org\/\/files\/2018\/11\/La-Caldera-bandera-ILC.jpg","contentUrl":"https:\/\/www.semiaridos.org\/\/files\/2018\/11\/La-Caldera-bandera-ILC.jpg","width":960,"height":720,"caption":"La Caldera bandera ILC"},{"@type":"BreadcrumbList","@id":"https:\/\/www.semiaridos.org\/noticias\/momentos-del-intercambio-de-saberes-por-los-semiaridos-de-america-latina\/#breadcrumb","itemListElement":[{"@type":"ListItem","position":1,"name":"Portada","item":"https:\/\/www.semiaridos.org\/en\/"},{"@type":"ListItem","position":2,"name":"Momentos del Intercambio de Saberes por los Semi\u00e1ridos de Am\u00e9rica latina"}]},{"@type":"WebSite","@id":"https:\/\/www.semiaridos.org\/#website","url":"https:\/\/www.semiaridos.org\/","name":"Semi\u00e1ridos","description":"Otro sitio realizado con WordPress","potentialAction":[{"@type":"SearchAction","target":{"@type":"EntryPoint","urlTemplate":"https:\/\/www.semiaridos.org\/?s={search_term_string}"},"query-input":{"@type":"PropertyValueSpecification","valueRequired":true,"valueName":"search_term_string"}}],"inLanguage":"en-US"},{"@type":"Person","@id":"https:\/\/www.semiaridos.org\/#\/schema\/person\/4c4cf6a3a8d1bd0c98c84259a5db4998","name":"Semi\u00e1ridos Plataforma","image":{"@type":"ImageObject","inLanguage":"en-US","@id":"https:\/\/www.semiaridos.org\/#\/schema\/person\/image\/","url":"https:\/\/secure.gravatar.com\/avatar\/5ebd2905bbcce14afe1f3d0b167c53a55585123b9a8ebca5a6aa909278711be1?s=96&d=identicon&r=g","contentUrl":"https:\/\/secure.gravatar.com\/avatar\/5ebd2905bbcce14afe1f3d0b167c53a55585123b9a8ebca5a6aa909278711be1?s=96&d=identicon&r=g","caption":"Semi\u00e1ridos Plataforma"},"description":"Semi\u00e1ridos, iniciativa desarrollada en el marco de la International Land Coalition. Busca atender las problem\u00e1ticas de las zonas semi\u00e1ridas de Am\u00e9ricaLatina","sameAs":["http:\/\/www.semiaridos.org"]}]}},"_links":{"self":[{"href":"https:\/\/www.semiaridos.org\/en\/wp-json\/wp\/v2\/posts\/1494","targetHints":{"allow":["GET"]}}],"collection":[{"href":"https:\/\/www.semiaridos.org\/en\/wp-json\/wp\/v2\/posts"}],"about":[{"href":"https:\/\/www.semiaridos.org\/en\/wp-json\/wp\/v2\/types\/post"}],"author":[{"embeddable":true,"href":"https:\/\/www.semiaridos.org\/en\/wp-json\/wp\/v2\/users\/4"}],"replies":[{"embeddable":true,"href":"https:\/\/www.semiaridos.org\/en\/wp-json\/wp\/v2\/comments?post=1494"}],"version-history":[{"count":2,"href":"https:\/\/www.semiaridos.org\/en\/wp-json\/wp\/v2\/posts\/1494\/revisions"}],"predecessor-version":[{"id":1499,"href":"https:\/\/www.semiaridos.org\/en\/wp-json\/wp\/v2\/posts\/1494\/revisions\/1499"}],"wp:featuredmedia":[{"embeddable":true,"href":"https:\/\/www.semiaridos.org\/en\/wp-json\/wp\/v2\/media\/1497"}],"wp:attachment":[{"href":"https:\/\/www.semiaridos.org\/en\/wp-json\/wp\/v2\/media?parent=1494"}],"wp:term":[{"taxonomy":"category","embeddable":true,"href":"https:\/\/www.semiaridos.org\/en\/wp-json\/wp\/v2\/categories?post=1494"},{"taxonomy":"post_tag","embeddable":true,"href":"https:\/\/www.semiaridos.org\/en\/wp-json\/wp\/v2\/tags?post=1494"}],"curies":[{"name":"wp","href":"https:\/\/api.w.org\/{rel}","templated":true}]}}