{"id":1519,"date":"2019-05-06T17:35:40","date_gmt":"2019-05-06T20:35:40","guid":{"rendered":"https:\/\/www.semiaridos.org\/?p=1519\/"},"modified":"2019-05-07T11:05:53","modified_gmt":"2019-05-07T14:05:53","slug":"la-plataforma-semiaridos-la-fundacion-avina-firmaron-convenio-colaboracion","status":"publish","type":"post","link":"https:\/\/www.semiaridos.org\/en\/noticias\/la-plataforma-semiaridos-la-fundacion-avina-firmaron-convenio-colaboracion\/","title":{"rendered":"La Plataforma Semi\u00e1ridos y la Fundaci\u00f3n Avina firmaron un convenio de colaboraci\u00f3n"},"content":{"rendered":"<p>La Plataforma Semi\u00e1ridos Am\u00e9rica Latina, una iniciativa apoyada por la International Land Coalition (ILC AL), y la Fundaci\u00f3n Avina suscribieron un Memor\u00e1ndum de Entendimiento mediante el cual manifiestan la intenci\u00f3n de apoyarse en procesos de cambios colaborativos de alcance regional, dentro del \u00e1mbito de cada iniciativa, en \u00e1reas de econom\u00eda circular, desarrollo productivo en comunidades, acceso a derechos b\u00e1sicos como el agua, la tierra y los bosques; el reciclaje inclusivo y la incidencia en pol\u00edticas p\u00fablicas.<\/p>\n<p>Entre otros, los objetivos de dicho acuerdo son:<\/p>\n<ul>\n<li style=\"padding-left: 30px;\">Desarrollar convenios de trabajos t\u00e9cnicos, sociales y pol\u00edticos en los territorios de acci\u00f3n de cada uno, que potencien las acciones individuales de las partes.<\/li>\n<li style=\"padding-left: 30px;\">Llevar adelante marcos de trabajo conjunto que mejoren la visibilidad de las poblaciones campesinas, ind\u00edgenas y afrodescendietnes de la regi\u00f3n.<\/li>\n<\/ul>\n<p>&nbsp;<\/p>\n<p>Asimismo, se estableci\u00f3 un plan de trabajo que en una primera etapa,\u00a0 prev\u00e9 la participaci\u00f3n conjunta en el Segundo Intercambio de Saberes a realizarse del 22 al 26 de julio en el Nordeste Brasilero, en el marco de un acuerdo realizado en 2018 entre la Plataforma Semi\u00e1ridos, el Fondo Internacional de Desarrollo Agr\u00edcola (FIDA Brasil), el Instituto Interamericano de Cooperaci\u00f3n para la Agricultura (IICA), y el Programa Semear Internacional; cuya tem\u00e1tica estar\u00e1 centrada en Juventud y Semi\u00e1ridos. Tambi\u00e9n se compartir\u00e1n datos relacionados a trabajos de acceso al agua, tierra y producci\u00f3n a fin de incidir en las pol\u00edticas p\u00fablicas y se desarrollar\u00e1 un plan de innovaci\u00f3n centrado en la construcci\u00f3n de una cisterna para cosecha de agua de 52.000 litros.<\/p>\n<p>Dicha obra ser\u00e1 cofinanciada por ambas partes y en acuerdo con otros actores para alentar la movilizaci\u00f3n social, favorecer el acceso al agua y mejorar la producci\u00f3n de la agricultura familiar. \u00a0Se desarrollar\u00e1 en la provincia de Santiago del Estero con la participaci\u00f3n de miembros de ASA Brasil y todos los equipos constructores del norte que ya han sido capacitados en la construcci\u00f3n de la Cisterna de 16.000 litros por los miembros de Semi\u00e1ridos y\/o Avina.<\/p>\n","protected":false},"excerpt":{"rendered":"<p>La Plataforma Semi\u00e1ridos Am\u00e9rica Latina, una iniciativa apoyada por la International Land Coalition (ILC AL), y la Fundaci\u00f3n Avina suscribieron un Memor\u00e1ndum de Entendimiento mediante el cual manifiestan la intenci\u00f3n de apoyarse en procesos de cambios colaborativos de alcance regional<\/p>\n","protected":false},"author":4,"featured_media":1521,"comment_status":"open","ping_status":"open","sticky":false,"template":"","format":"standard","meta":{"footnotes":""},"categories":[14],"tags":[512,26,517,518,473,513,300,318,515,514,516],"class_list":["post-1519","post","type-post","status-publish","format-standard","has-post-thumbnail","hentry","category-noticias","tag-afrodescendietnes","tag-agua","tag-asa-brasil","tag-cisterna","tag-fida-brasil","tag-fundacion-avina","tag-iica","tag-ilc-al","tag-juventud-y-semiaridos","tag-memorandum-de-entendimiento","tag-programa-semear-internacional"],"yoast_head":"<!-- This site is optimized with the Yoast SEO plugin v26.3 - https:\/\/yoast.com\/wordpress\/plugins\/seo\/ -->\n<title>La Plataforma Semi\u00e1ridos y la Fundaci\u00f3n Avina firmaron un convenio de colaboraci\u00f3n - Semi\u00e1ridos<\/title>\n<meta name=\"robots\" content=\"index, follow, max-snippet:-1, max-image-preview:large, max-video-preview:-1\" \/>\n<link rel=\"canonical\" href=\"https:\/\/www.semiaridos.org\/noticias\/la-plataforma-semiaridos-la-fundacion-avina-firmaron-convenio-colaboracion\/\" \/>\n<meta property=\"og:locale\" content=\"en_US\" \/>\n<meta property=\"og:type\" content=\"article\" \/>\n<meta property=\"og:title\" content=\"La Plataforma Semi\u00e1ridos y la Fundaci\u00f3n Avina firmaron un convenio de colaboraci\u00f3n - Semi\u00e1ridos\" \/>\n<meta property=\"og:description\" content=\"La Plataforma Semi\u00e1ridos Am\u00e9rica Latina, una iniciativa apoyada por la International Land Coalition (ILC AL), y la Fundaci\u00f3n Avina suscribieron un Memor\u00e1ndum de Entendimiento mediante el cual manifiestan la intenci\u00f3n de apoyarse en procesos de cambios colaborativos de alcance regional\" \/>\n<meta property=\"og:url\" content=\"https:\/\/www.semiaridos.org\/noticias\/la-plataforma-semiaridos-la-fundacion-avina-firmaron-convenio-colaboracion\/\" \/>\n<meta property=\"og:site_name\" content=\"Semi\u00e1ridos\" \/>\n<meta property=\"article:published_time\" content=\"2019-05-06T20:35:40+00:00\" \/>\n<meta property=\"article:modified_time\" content=\"2019-05-07T14:05:53+00:00\" \/>\n<meta property=\"og:image\" content=\"https:\/\/www.semiaridos.org\/\/files\/2019\/05\/Reunion-Los-Blancos.jpeg\" \/>\n\t<meta property=\"og:image:width\" content=\"638\" \/>\n\t<meta property=\"og:image:height\" content=\"400\" \/>\n\t<meta property=\"og:image:type\" content=\"image\/jpeg\" \/>\n<meta name=\"author\" content=\"Semi\u00e1ridos Plataforma\" \/>\n<meta name=\"twitter:card\" content=\"summary_large_image\" \/>\n<meta name=\"twitter:label1\" content=\"Written by\" \/>\n\t<meta name=\"twitter:data1\" content=\"Semi\u00e1ridos Plataforma\" \/>\n\t<meta name=\"twitter:label2\" content=\"Est. reading time\" \/>\n\t<meta name=\"twitter:data2\" content=\"2 minutes\" \/>\n<script type=\"application\/ld+json\" class=\"yoast-schema-graph\">{\"@context\":\"https:\/\/schema.org\",\"@graph\":[{\"@type\":\"WebPage\",\"@id\":\"https:\/\/www.semiaridos.org\/noticias\/la-plataforma-semiaridos-la-fundacion-avina-firmaron-convenio-colaboracion\/\",\"url\":\"https:\/\/www.semiaridos.org\/noticias\/la-plataforma-semiaridos-la-fundacion-avina-firmaron-convenio-colaboracion\/\",\"name\":\"La Plataforma Semi\u00e1ridos y la Fundaci\u00f3n Avina firmaron un convenio de colaboraci\u00f3n - Semi\u00e1ridos\",\"isPartOf\":{\"@id\":\"https:\/\/www.semiaridos.org\/#website\"},\"primaryImageOfPage\":{\"@id\":\"https:\/\/www.semiaridos.org\/noticias\/la-plataforma-semiaridos-la-fundacion-avina-firmaron-convenio-colaboracion\/#primaryimage\"},\"image\":{\"@id\":\"https:\/\/www.semiaridos.org\/noticias\/la-plataforma-semiaridos-la-fundacion-avina-firmaron-convenio-colaboracion\/#primaryimage\"},\"thumbnailUrl\":\"https:\/\/www.semiaridos.org\/\/files\/2019\/05\/Reunion-Los-Blancos.jpeg\",\"datePublished\":\"2019-05-06T20:35:40+00:00\",\"dateModified\":\"2019-05-07T14:05:53+00:00\",\"author\":{\"@id\":\"https:\/\/www.semiaridos.org\/#\/schema\/person\/4c4cf6a3a8d1bd0c98c84259a5db4998\"},\"breadcrumb\":{\"@id\":\"https:\/\/www.semiaridos.org\/noticias\/la-plataforma-semiaridos-la-fundacion-avina-firmaron-convenio-colaboracion\/#breadcrumb\"},\"inLanguage\":\"en-US\",\"potentialAction\":[{\"@type\":\"ReadAction\",\"target\":[\"https:\/\/www.semiaridos.org\/noticias\/la-plataforma-semiaridos-la-fundacion-avina-firmaron-convenio-colaboracion\/\"]}]},{\"@type\":\"ImageObject\",\"inLanguage\":\"en-US\",\"@id\":\"https:\/\/www.semiaridos.org\/noticias\/la-plataforma-semiaridos-la-fundacion-avina-firmaron-convenio-colaboracion\/#primaryimage\",\"url\":\"https:\/\/www.semiaridos.org\/\/files\/2019\/05\/Reunion-Los-Blancos.jpeg\",\"contentUrl\":\"https:\/\/www.semiaridos.org\/\/files\/2019\/05\/Reunion-Los-Blancos.jpeg\",\"width\":638,\"height\":400,\"caption\":\"Reunion Los Blancos\"},{\"@type\":\"BreadcrumbList\",\"@id\":\"https:\/\/www.semiaridos.org\/noticias\/la-plataforma-semiaridos-la-fundacion-avina-firmaron-convenio-colaboracion\/#breadcrumb\",\"itemListElement\":[{\"@type\":\"ListItem\",\"position\":1,\"name\":\"Portada\",\"item\":\"https:\/\/www.semiaridos.org\/en\/\"},{\"@type\":\"ListItem\",\"position\":2,\"name\":\"La Plataforma Semi\u00e1ridos y la Fundaci\u00f3n Avina firmaron un convenio de colaboraci\u00f3n\"}]},{\"@type\":\"WebSite\",\"@id\":\"https:\/\/www.semiaridos.org\/#website\",\"url\":\"https:\/\/www.semiaridos.org\/\",\"name\":\"Semi\u00e1ridos\",\"description\":\"Otro sitio realizado con WordPress\",\"potentialAction\":[{\"@type\":\"SearchAction\",\"target\":{\"@type\":\"EntryPoint\",\"urlTemplate\":\"https:\/\/www.semiaridos.org\/?s={search_term_string}\"},\"query-input\":{\"@type\":\"PropertyValueSpecification\",\"valueRequired\":true,\"valueName\":\"search_term_string\"}}],\"inLanguage\":\"en-US\"},{\"@type\":\"Person\",\"@id\":\"https:\/\/www.semiaridos.org\/#\/schema\/person\/4c4cf6a3a8d1bd0c98c84259a5db4998\",\"name\":\"Semi\u00e1ridos Plataforma\",\"image\":{\"@type\":\"ImageObject\",\"inLanguage\":\"en-US\",\"@id\":\"https:\/\/www.semiaridos.org\/#\/schema\/person\/image\/\",\"url\":\"https:\/\/secure.gravatar.com\/avatar\/5ebd2905bbcce14afe1f3d0b167c53a55585123b9a8ebca5a6aa909278711be1?s=96&d=identicon&r=g\",\"contentUrl\":\"https:\/\/secure.gravatar.com\/avatar\/5ebd2905bbcce14afe1f3d0b167c53a55585123b9a8ebca5a6aa909278711be1?s=96&d=identicon&r=g\",\"caption\":\"Semi\u00e1ridos Plataforma\"},\"description\":\"Semi\u00e1ridos, iniciativa desarrollada en el marco de la International Land Coalition. Busca atender las problem\u00e1ticas de las zonas semi\u00e1ridas de Am\u00e9ricaLatina\",\"sameAs\":[\"http:\/\/www.semiaridos.org\"]}]}<\/script>\n<!-- \/ Yoast SEO plugin. -->","yoast_head_json":{"title":"La Plataforma Semi\u00e1ridos y la Fundaci\u00f3n Avina firmaron un convenio de colaboraci\u00f3n - Semi\u00e1ridos","robots":{"index":"index","follow":"follow","max-snippet":"max-snippet:-1","max-image-preview":"max-image-preview:large","max-video-preview":"max-video-preview:-1"},"canonical":"https:\/\/www.semiaridos.org\/noticias\/la-plataforma-semiaridos-la-fundacion-avina-firmaron-convenio-colaboracion\/","og_locale":"en_US","og_type":"article","og_title":"La Plataforma Semi\u00e1ridos y la Fundaci\u00f3n Avina firmaron un convenio de colaboraci\u00f3n - Semi\u00e1ridos","og_description":"La Plataforma Semi\u00e1ridos Am\u00e9rica Latina, una iniciativa apoyada por la International Land Coalition (ILC AL), y la Fundaci\u00f3n Avina suscribieron un Memor\u00e1ndum de Entendimiento mediante el cual manifiestan la intenci\u00f3n de apoyarse en procesos de cambios colaborativos de alcance regional","og_url":"https:\/\/www.semiaridos.org\/noticias\/la-plataforma-semiaridos-la-fundacion-avina-firmaron-convenio-colaboracion\/","og_site_name":"Semi\u00e1ridos","article_published_time":"2019-05-06T20:35:40+00:00","article_modified_time":"2019-05-07T14:05:53+00:00","og_image":[{"width":638,"height":400,"url":"https:\/\/www.semiaridos.org\/\/files\/2019\/05\/Reunion-Los-Blancos.jpeg","type":"image\/jpeg"}],"author":"Semi\u00e1ridos Plataforma","twitter_card":"summary_large_image","twitter_misc":{"Written by":"Semi\u00e1ridos Plataforma","Est. reading time":"2 minutes"},"schema":{"@context":"https:\/\/schema.org","@graph":[{"@type":"WebPage","@id":"https:\/\/www.semiaridos.org\/noticias\/la-plataforma-semiaridos-la-fundacion-avina-firmaron-convenio-colaboracion\/","url":"https:\/\/www.semiaridos.org\/noticias\/la-plataforma-semiaridos-la-fundacion-avina-firmaron-convenio-colaboracion\/","name":"La Plataforma Semi\u00e1ridos y la Fundaci\u00f3n Avina firmaron un convenio de colaboraci\u00f3n - Semi\u00e1ridos","isPartOf":{"@id":"https:\/\/www.semiaridos.org\/#website"},"primaryImageOfPage":{"@id":"https:\/\/www.semiaridos.org\/noticias\/la-plataforma-semiaridos-la-fundacion-avina-firmaron-convenio-colaboracion\/#primaryimage"},"image":{"@id":"https:\/\/www.semiaridos.org\/noticias\/la-plataforma-semiaridos-la-fundacion-avina-firmaron-convenio-colaboracion\/#primaryimage"},"thumbnailUrl":"https:\/\/www.semiaridos.org\/\/files\/2019\/05\/Reunion-Los-Blancos.jpeg","datePublished":"2019-05-06T20:35:40+00:00","dateModified":"2019-05-07T14:05:53+00:00","author":{"@id":"https:\/\/www.semiaridos.org\/#\/schema\/person\/4c4cf6a3a8d1bd0c98c84259a5db4998"},"breadcrumb":{"@id":"https:\/\/www.semiaridos.org\/noticias\/la-plataforma-semiaridos-la-fundacion-avina-firmaron-convenio-colaboracion\/#breadcrumb"},"inLanguage":"en-US","potentialAction":[{"@type":"ReadAction","target":["https:\/\/www.semiaridos.org\/noticias\/la-plataforma-semiaridos-la-fundacion-avina-firmaron-convenio-colaboracion\/"]}]},{"@type":"ImageObject","inLanguage":"en-US","@id":"https:\/\/www.semiaridos.org\/noticias\/la-plataforma-semiaridos-la-fundacion-avina-firmaron-convenio-colaboracion\/#primaryimage","url":"https:\/\/www.semiaridos.org\/\/files\/2019\/05\/Reunion-Los-Blancos.jpeg","contentUrl":"https:\/\/www.semiaridos.org\/\/files\/2019\/05\/Reunion-Los-Blancos.jpeg","width":638,"height":400,"caption":"Reunion Los Blancos"},{"@type":"BreadcrumbList","@id":"https:\/\/www.semiaridos.org\/noticias\/la-plataforma-semiaridos-la-fundacion-avina-firmaron-convenio-colaboracion\/#breadcrumb","itemListElement":[{"@type":"ListItem","position":1,"name":"Portada","item":"https:\/\/www.semiaridos.org\/en\/"},{"@type":"ListItem","position":2,"name":"La Plataforma Semi\u00e1ridos y la Fundaci\u00f3n Avina firmaron un convenio de colaboraci\u00f3n"}]},{"@type":"WebSite","@id":"https:\/\/www.semiaridos.org\/#website","url":"https:\/\/www.semiaridos.org\/","name":"Semi\u00e1ridos","description":"Otro sitio realizado con WordPress","potentialAction":[{"@type":"SearchAction","target":{"@type":"EntryPoint","urlTemplate":"https:\/\/www.semiaridos.org\/?s={search_term_string}"},"query-input":{"@type":"PropertyValueSpecification","valueRequired":true,"valueName":"search_term_string"}}],"inLanguage":"en-US"},{"@type":"Person","@id":"https:\/\/www.semiaridos.org\/#\/schema\/person\/4c4cf6a3a8d1bd0c98c84259a5db4998","name":"Semi\u00e1ridos Plataforma","image":{"@type":"ImageObject","inLanguage":"en-US","@id":"https:\/\/www.semiaridos.org\/#\/schema\/person\/image\/","url":"https:\/\/secure.gravatar.com\/avatar\/5ebd2905bbcce14afe1f3d0b167c53a55585123b9a8ebca5a6aa909278711be1?s=96&d=identicon&r=g","contentUrl":"https:\/\/secure.gravatar.com\/avatar\/5ebd2905bbcce14afe1f3d0b167c53a55585123b9a8ebca5a6aa909278711be1?s=96&d=identicon&r=g","caption":"Semi\u00e1ridos Plataforma"},"description":"Semi\u00e1ridos, iniciativa desarrollada en el marco de la International Land Coalition. Busca atender las problem\u00e1ticas de las zonas semi\u00e1ridas de Am\u00e9ricaLatina","sameAs":["http:\/\/www.semiaridos.org"]}]}},"_links":{"self":[{"href":"https:\/\/www.semiaridos.org\/en\/wp-json\/wp\/v2\/posts\/1519","targetHints":{"allow":["GET"]}}],"collection":[{"href":"https:\/\/www.semiaridos.org\/en\/wp-json\/wp\/v2\/posts"}],"about":[{"href":"https:\/\/www.semiaridos.org\/en\/wp-json\/wp\/v2\/types\/post"}],"author":[{"embeddable":true,"href":"https:\/\/www.semiaridos.org\/en\/wp-json\/wp\/v2\/users\/4"}],"replies":[{"embeddable":true,"href":"https:\/\/www.semiaridos.org\/en\/wp-json\/wp\/v2\/comments?post=1519"}],"version-history":[{"count":5,"href":"https:\/\/www.semiaridos.org\/en\/wp-json\/wp\/v2\/posts\/1519\/revisions"}],"predecessor-version":[{"id":1525,"href":"https:\/\/www.semiaridos.org\/en\/wp-json\/wp\/v2\/posts\/1519\/revisions\/1525"}],"wp:featuredmedia":[{"embeddable":true,"href":"https:\/\/www.semiaridos.org\/en\/wp-json\/wp\/v2\/media\/1521"}],"wp:attachment":[{"href":"https:\/\/www.semiaridos.org\/en\/wp-json\/wp\/v2\/media?parent=1519"}],"wp:term":[{"taxonomy":"category","embeddable":true,"href":"https:\/\/www.semiaridos.org\/en\/wp-json\/wp\/v2\/categories?post=1519"},{"taxonomy":"post_tag","embeddable":true,"href":"https:\/\/www.semiaridos.org\/en\/wp-json\/wp\/v2\/tags?post=1519"}],"curies":[{"name":"wp","href":"https:\/\/api.w.org\/{rel}","templated":true}]}}