{"id":1527,"date":"2019-05-13T15:04:47","date_gmt":"2019-05-13T18:04:47","guid":{"rendered":"https:\/\/www.semiaridos.org\/?p=1527\/"},"modified":"2019-05-15T14:01:13","modified_gmt":"2019-05-15T17:01:13","slug":"intercambios-saberes-nos-semiaridos-da-america-latina-capacitacao-em-mapeamento-participativo","status":"publish","type":"post","link":"https:\/\/www.semiaridos.org\/en\/noticias\/intercambios-saberes-nos-semiaridos-da-america-latina-capacitacao-em-mapeamento-participativo\/","title":{"rendered":"Se realiz\u00f3 la segunda etapa de los Intercambios de Saberes en los Semi\u00e1ridos de Am\u00e9rica Latina"},"content":{"rendered":"<p>La segunda edici\u00f3n de los Intercambios de Saberes en los Semi\u00e1ridos de Am\u00e9rica Latina, promovido por el Fondo Internacional de Desarrollo Agr\u00edcola (FIDA), a trav\u00e9s del programa Semear Internacional, tuvo lugar del 6 al 9 de mayo, en el municipio de Sobral, en Cear\u00e1 (Brasil) y reuni\u00f3 a 25 personas de proyectos apoyados por el FIDA en Brasil, adem\u00e1s de representantes de entidades asociadas.<\/p>\n<p>Durante los cuatro d\u00edas de encuentro se ofreci\u00f3 una capacitaci\u00f3n en Mapeo Participativo, impartida por Paola Alejandra Marozzi Mo, integrante de Fundapaz. \u00a0La misma se realiz\u00f3 en la comunidad quilombola de Batoque, atendida por el proyecto Paulo Freire, que es apoyada por el FIDA en articulaci\u00f3n con el Estado. En la visita, ellos pudieron manipular en campo, los aparatos de GPS, auxiliados por la plataforma Google Earth, necesarios para la aplicaci\u00f3n de la t\u00e9cnica de mapeo.<\/p>\n<p>El Encuentro fue una realizaci\u00f3n del FIDA, a trav\u00e9s del Semear Internacional, IICA, Plataforma Semi\u00e1ridos, Centro Sabi\u00e1 y CETRA, con el apoyo de Fundapaz y la International Land Coalition (ILC AL).<\/p>\n<p><strong>Fuente: Semear Internacional<\/strong><\/p>\n","protected":false},"excerpt":{"rendered":"<p>La segunda edici\u00f3n de los Intercambios de Saberes en los Semi\u00e1ridos de Am\u00e9rica Latina, promovido por el Fondo Internacional de Desarrollo Agr\u00edcola (FIDA), a trav\u00e9s del programa Semear Internacional, tuvo lugar del 6 al 9 de mayo, en el municipio de Sobral, en Cear\u00e1 (Brasil)&#8230;<\/p>\n","protected":false},"author":4,"featured_media":1537,"comment_status":"open","ping_status":"open","sticky":false,"template":"","format":"standard","meta":{"footnotes":""},"categories":[14],"tags":[202,43,300,318,520,522,505,524,519,205,523,534],"class_list":["post-1527","post","type-post","status-publish","format-standard","has-post-thumbnail","hentry","category-noticias","tag-fida","tag-fundapaz","tag-iica","tag-ilc-al","tag-international-land-coalition","tag-itapipoca","tag-mapeamento-participativo","tag-paola-alejandra-marozzi-mo","tag-sabia","tag-semear","tag-semiarido-brasileiro","tag-sobral"],"yoast_head":"<!-- This site is optimized with the Yoast SEO plugin v26.3 - https:\/\/yoast.com\/wordpress\/plugins\/seo\/ -->\n<title>Se realiz\u00f3 la segunda etapa de los Intercambios de Saberes en los Semi\u00e1ridos de Am\u00e9rica Latina - Semi\u00e1ridos<\/title>\n<meta name=\"robots\" content=\"index, follow, max-snippet:-1, max-image-preview:large, max-video-preview:-1\" \/>\n<link rel=\"canonical\" href=\"https:\/\/www.semiaridos.org\/noticias\/intercambios-saberes-nos-semiaridos-da-america-latina-capacitacao-em-mapeamento-participativo\/\" \/>\n<meta property=\"og:locale\" content=\"en_US\" \/>\n<meta property=\"og:type\" content=\"article\" \/>\n<meta property=\"og:title\" content=\"Se realiz\u00f3 la segunda etapa de los Intercambios de Saberes en los Semi\u00e1ridos de Am\u00e9rica Latina - Semi\u00e1ridos\" \/>\n<meta property=\"og:description\" content=\"La segunda edici\u00f3n de los Intercambios de Saberes en los Semi\u00e1ridos de Am\u00e9rica Latina, promovido por el Fondo Internacional de Desarrollo Agr\u00edcola (FIDA), a trav\u00e9s del programa Semear Internacional, tuvo lugar del 6 al 9 de mayo, en el municipio de Sobral, en Cear\u00e1 (Brasil)...\" \/>\n<meta property=\"og:url\" content=\"https:\/\/www.semiaridos.org\/noticias\/intercambios-saberes-nos-semiaridos-da-america-latina-capacitacao-em-mapeamento-participativo\/\" \/>\n<meta property=\"og:site_name\" content=\"Semi\u00e1ridos\" \/>\n<meta property=\"article:published_time\" content=\"2019-05-13T18:04:47+00:00\" \/>\n<meta property=\"article:modified_time\" content=\"2019-05-15T17:01:13+00:00\" \/>\n<meta property=\"og:image\" content=\"https:\/\/www.semiaridos.org\/\/files\/2019\/05\/Intercambio-saberes-mapeo-brasil1.jpg\" \/>\n\t<meta property=\"og:image:width\" content=\"960\" \/>\n\t<meta property=\"og:image:height\" content=\"640\" \/>\n\t<meta property=\"og:image:type\" content=\"image\/jpeg\" \/>\n<meta name=\"author\" content=\"Semi\u00e1ridos Plataforma\" \/>\n<meta name=\"twitter:card\" content=\"summary_large_image\" \/>\n<meta name=\"twitter:label1\" content=\"Written by\" \/>\n\t<meta name=\"twitter:data1\" content=\"Semi\u00e1ridos Plataforma\" \/>\n\t<meta name=\"twitter:label2\" content=\"Est. reading time\" \/>\n\t<meta name=\"twitter:data2\" content=\"1 minute\" \/>\n<script type=\"application\/ld+json\" class=\"yoast-schema-graph\">{\"@context\":\"https:\/\/schema.org\",\"@graph\":[{\"@type\":\"WebPage\",\"@id\":\"https:\/\/www.semiaridos.org\/noticias\/intercambios-saberes-nos-semiaridos-da-america-latina-capacitacao-em-mapeamento-participativo\/\",\"url\":\"https:\/\/www.semiaridos.org\/noticias\/intercambios-saberes-nos-semiaridos-da-america-latina-capacitacao-em-mapeamento-participativo\/\",\"name\":\"Se realiz\u00f3 la segunda etapa de los Intercambios de Saberes en los Semi\u00e1ridos de Am\u00e9rica Latina - Semi\u00e1ridos\",\"isPartOf\":{\"@id\":\"https:\/\/www.semiaridos.org\/#website\"},\"primaryImageOfPage\":{\"@id\":\"https:\/\/www.semiaridos.org\/noticias\/intercambios-saberes-nos-semiaridos-da-america-latina-capacitacao-em-mapeamento-participativo\/#primaryimage\"},\"image\":{\"@id\":\"https:\/\/www.semiaridos.org\/noticias\/intercambios-saberes-nos-semiaridos-da-america-latina-capacitacao-em-mapeamento-participativo\/#primaryimage\"},\"thumbnailUrl\":\"https:\/\/www.semiaridos.org\/\/files\/2019\/05\/Intercambio-saberes-mapeo-brasil1.jpg\",\"datePublished\":\"2019-05-13T18:04:47+00:00\",\"dateModified\":\"2019-05-15T17:01:13+00:00\",\"author\":{\"@id\":\"https:\/\/www.semiaridos.org\/#\/schema\/person\/4c4cf6a3a8d1bd0c98c84259a5db4998\"},\"breadcrumb\":{\"@id\":\"https:\/\/www.semiaridos.org\/noticias\/intercambios-saberes-nos-semiaridos-da-america-latina-capacitacao-em-mapeamento-participativo\/#breadcrumb\"},\"inLanguage\":\"en-US\",\"potentialAction\":[{\"@type\":\"ReadAction\",\"target\":[\"https:\/\/www.semiaridos.org\/noticias\/intercambios-saberes-nos-semiaridos-da-america-latina-capacitacao-em-mapeamento-participativo\/\"]}]},{\"@type\":\"ImageObject\",\"inLanguage\":\"en-US\",\"@id\":\"https:\/\/www.semiaridos.org\/noticias\/intercambios-saberes-nos-semiaridos-da-america-latina-capacitacao-em-mapeamento-participativo\/#primaryimage\",\"url\":\"https:\/\/www.semiaridos.org\/\/files\/2019\/05\/Intercambio-saberes-mapeo-brasil1.jpg\",\"contentUrl\":\"https:\/\/www.semiaridos.org\/\/files\/2019\/05\/Intercambio-saberes-mapeo-brasil1.jpg\",\"width\":960,\"height\":640,\"caption\":\"Intercambio saberes mapeo brasil\"},{\"@type\":\"BreadcrumbList\",\"@id\":\"https:\/\/www.semiaridos.org\/noticias\/intercambios-saberes-nos-semiaridos-da-america-latina-capacitacao-em-mapeamento-participativo\/#breadcrumb\",\"itemListElement\":[{\"@type\":\"ListItem\",\"position\":1,\"name\":\"Portada\",\"item\":\"https:\/\/www.semiaridos.org\/en\/\"},{\"@type\":\"ListItem\",\"position\":2,\"name\":\"Se realiz\u00f3 la segunda etapa de los Intercambios de Saberes en los Semi\u00e1ridos de Am\u00e9rica Latina\"}]},{\"@type\":\"WebSite\",\"@id\":\"https:\/\/www.semiaridos.org\/#website\",\"url\":\"https:\/\/www.semiaridos.org\/\",\"name\":\"Semi\u00e1ridos\",\"description\":\"Otro sitio realizado con WordPress\",\"potentialAction\":[{\"@type\":\"SearchAction\",\"target\":{\"@type\":\"EntryPoint\",\"urlTemplate\":\"https:\/\/www.semiaridos.org\/?s={search_term_string}\"},\"query-input\":{\"@type\":\"PropertyValueSpecification\",\"valueRequired\":true,\"valueName\":\"search_term_string\"}}],\"inLanguage\":\"en-US\"},{\"@type\":\"Person\",\"@id\":\"https:\/\/www.semiaridos.org\/#\/schema\/person\/4c4cf6a3a8d1bd0c98c84259a5db4998\",\"name\":\"Semi\u00e1ridos Plataforma\",\"image\":{\"@type\":\"ImageObject\",\"inLanguage\":\"en-US\",\"@id\":\"https:\/\/www.semiaridos.org\/#\/schema\/person\/image\/\",\"url\":\"https:\/\/secure.gravatar.com\/avatar\/5ebd2905bbcce14afe1f3d0b167c53a55585123b9a8ebca5a6aa909278711be1?s=96&d=identicon&r=g\",\"contentUrl\":\"https:\/\/secure.gravatar.com\/avatar\/5ebd2905bbcce14afe1f3d0b167c53a55585123b9a8ebca5a6aa909278711be1?s=96&d=identicon&r=g\",\"caption\":\"Semi\u00e1ridos Plataforma\"},\"description\":\"Semi\u00e1ridos, iniciativa desarrollada en el marco de la International Land Coalition. Busca atender las problem\u00e1ticas de las zonas semi\u00e1ridas de Am\u00e9ricaLatina\",\"sameAs\":[\"http:\/\/www.semiaridos.org\"]}]}<\/script>\n<!-- \/ Yoast SEO plugin. -->","yoast_head_json":{"title":"Se realiz\u00f3 la segunda etapa de los Intercambios de Saberes en los Semi\u00e1ridos de Am\u00e9rica Latina - Semi\u00e1ridos","robots":{"index":"index","follow":"follow","max-snippet":"max-snippet:-1","max-image-preview":"max-image-preview:large","max-video-preview":"max-video-preview:-1"},"canonical":"https:\/\/www.semiaridos.org\/noticias\/intercambios-saberes-nos-semiaridos-da-america-latina-capacitacao-em-mapeamento-participativo\/","og_locale":"en_US","og_type":"article","og_title":"Se realiz\u00f3 la segunda etapa de los Intercambios de Saberes en los Semi\u00e1ridos de Am\u00e9rica Latina - Semi\u00e1ridos","og_description":"La segunda edici\u00f3n de los Intercambios de Saberes en los Semi\u00e1ridos de Am\u00e9rica Latina, promovido por el Fondo Internacional de Desarrollo Agr\u00edcola (FIDA), a trav\u00e9s del programa Semear Internacional, tuvo lugar del 6 al 9 de mayo, en el municipio de Sobral, en Cear\u00e1 (Brasil)...","og_url":"https:\/\/www.semiaridos.org\/noticias\/intercambios-saberes-nos-semiaridos-da-america-latina-capacitacao-em-mapeamento-participativo\/","og_site_name":"Semi\u00e1ridos","article_published_time":"2019-05-13T18:04:47+00:00","article_modified_time":"2019-05-15T17:01:13+00:00","og_image":[{"width":960,"height":640,"url":"https:\/\/www.semiaridos.org\/\/files\/2019\/05\/Intercambio-saberes-mapeo-brasil1.jpg","type":"image\/jpeg"}],"author":"Semi\u00e1ridos Plataforma","twitter_card":"summary_large_image","twitter_misc":{"Written by":"Semi\u00e1ridos Plataforma","Est. reading time":"1 minute"},"schema":{"@context":"https:\/\/schema.org","@graph":[{"@type":"WebPage","@id":"https:\/\/www.semiaridos.org\/noticias\/intercambios-saberes-nos-semiaridos-da-america-latina-capacitacao-em-mapeamento-participativo\/","url":"https:\/\/www.semiaridos.org\/noticias\/intercambios-saberes-nos-semiaridos-da-america-latina-capacitacao-em-mapeamento-participativo\/","name":"Se realiz\u00f3 la segunda etapa de los Intercambios de Saberes en los Semi\u00e1ridos de Am\u00e9rica Latina - Semi\u00e1ridos","isPartOf":{"@id":"https:\/\/www.semiaridos.org\/#website"},"primaryImageOfPage":{"@id":"https:\/\/www.semiaridos.org\/noticias\/intercambios-saberes-nos-semiaridos-da-america-latina-capacitacao-em-mapeamento-participativo\/#primaryimage"},"image":{"@id":"https:\/\/www.semiaridos.org\/noticias\/intercambios-saberes-nos-semiaridos-da-america-latina-capacitacao-em-mapeamento-participativo\/#primaryimage"},"thumbnailUrl":"https:\/\/www.semiaridos.org\/\/files\/2019\/05\/Intercambio-saberes-mapeo-brasil1.jpg","datePublished":"2019-05-13T18:04:47+00:00","dateModified":"2019-05-15T17:01:13+00:00","author":{"@id":"https:\/\/www.semiaridos.org\/#\/schema\/person\/4c4cf6a3a8d1bd0c98c84259a5db4998"},"breadcrumb":{"@id":"https:\/\/www.semiaridos.org\/noticias\/intercambios-saberes-nos-semiaridos-da-america-latina-capacitacao-em-mapeamento-participativo\/#breadcrumb"},"inLanguage":"en-US","potentialAction":[{"@type":"ReadAction","target":["https:\/\/www.semiaridos.org\/noticias\/intercambios-saberes-nos-semiaridos-da-america-latina-capacitacao-em-mapeamento-participativo\/"]}]},{"@type":"ImageObject","inLanguage":"en-US","@id":"https:\/\/www.semiaridos.org\/noticias\/intercambios-saberes-nos-semiaridos-da-america-latina-capacitacao-em-mapeamento-participativo\/#primaryimage","url":"https:\/\/www.semiaridos.org\/\/files\/2019\/05\/Intercambio-saberes-mapeo-brasil1.jpg","contentUrl":"https:\/\/www.semiaridos.org\/\/files\/2019\/05\/Intercambio-saberes-mapeo-brasil1.jpg","width":960,"height":640,"caption":"Intercambio saberes mapeo brasil"},{"@type":"BreadcrumbList","@id":"https:\/\/www.semiaridos.org\/noticias\/intercambios-saberes-nos-semiaridos-da-america-latina-capacitacao-em-mapeamento-participativo\/#breadcrumb","itemListElement":[{"@type":"ListItem","position":1,"name":"Portada","item":"https:\/\/www.semiaridos.org\/en\/"},{"@type":"ListItem","position":2,"name":"Se realiz\u00f3 la segunda etapa de los Intercambios de Saberes en los Semi\u00e1ridos de Am\u00e9rica Latina"}]},{"@type":"WebSite","@id":"https:\/\/www.semiaridos.org\/#website","url":"https:\/\/www.semiaridos.org\/","name":"Semi\u00e1ridos","description":"Otro sitio realizado con WordPress","potentialAction":[{"@type":"SearchAction","target":{"@type":"EntryPoint","urlTemplate":"https:\/\/www.semiaridos.org\/?s={search_term_string}"},"query-input":{"@type":"PropertyValueSpecification","valueRequired":true,"valueName":"search_term_string"}}],"inLanguage":"en-US"},{"@type":"Person","@id":"https:\/\/www.semiaridos.org\/#\/schema\/person\/4c4cf6a3a8d1bd0c98c84259a5db4998","name":"Semi\u00e1ridos Plataforma","image":{"@type":"ImageObject","inLanguage":"en-US","@id":"https:\/\/www.semiaridos.org\/#\/schema\/person\/image\/","url":"https:\/\/secure.gravatar.com\/avatar\/5ebd2905bbcce14afe1f3d0b167c53a55585123b9a8ebca5a6aa909278711be1?s=96&d=identicon&r=g","contentUrl":"https:\/\/secure.gravatar.com\/avatar\/5ebd2905bbcce14afe1f3d0b167c53a55585123b9a8ebca5a6aa909278711be1?s=96&d=identicon&r=g","caption":"Semi\u00e1ridos Plataforma"},"description":"Semi\u00e1ridos, iniciativa desarrollada en el marco de la International Land Coalition. Busca atender las problem\u00e1ticas de las zonas semi\u00e1ridas de Am\u00e9ricaLatina","sameAs":["http:\/\/www.semiaridos.org"]}]}},"_links":{"self":[{"href":"https:\/\/www.semiaridos.org\/en\/wp-json\/wp\/v2\/posts\/1527","targetHints":{"allow":["GET"]}}],"collection":[{"href":"https:\/\/www.semiaridos.org\/en\/wp-json\/wp\/v2\/posts"}],"about":[{"href":"https:\/\/www.semiaridos.org\/en\/wp-json\/wp\/v2\/types\/post"}],"author":[{"embeddable":true,"href":"https:\/\/www.semiaridos.org\/en\/wp-json\/wp\/v2\/users\/4"}],"replies":[{"embeddable":true,"href":"https:\/\/www.semiaridos.org\/en\/wp-json\/wp\/v2\/comments?post=1527"}],"version-history":[{"count":4,"href":"https:\/\/www.semiaridos.org\/en\/wp-json\/wp\/v2\/posts\/1527\/revisions"}],"predecessor-version":[{"id":1538,"href":"https:\/\/www.semiaridos.org\/en\/wp-json\/wp\/v2\/posts\/1527\/revisions\/1538"}],"wp:featuredmedia":[{"embeddable":true,"href":"https:\/\/www.semiaridos.org\/en\/wp-json\/wp\/v2\/media\/1537"}],"wp:attachment":[{"href":"https:\/\/www.semiaridos.org\/en\/wp-json\/wp\/v2\/media?parent=1527"}],"wp:term":[{"taxonomy":"category","embeddable":true,"href":"https:\/\/www.semiaridos.org\/en\/wp-json\/wp\/v2\/categories?post=1527"},{"taxonomy":"post_tag","embeddable":true,"href":"https:\/\/www.semiaridos.org\/en\/wp-json\/wp\/v2\/tags?post=1527"}],"curies":[{"name":"wp","href":"https:\/\/api.w.org\/{rel}","templated":true}]}}