{"id":1693,"date":"2020-08-04T15:53:34","date_gmt":"2020-08-04T18:53:34","guid":{"rendered":"https:\/\/www.semiaridos.org\/?p=1693\/"},"modified":"2020-08-04T19:38:01","modified_gmt":"2020-08-04T22:38:01","slug":"se-lanza-proyecto-daki","status":"publish","type":"post","link":"https:\/\/www.semiaridos.org\/en\/noticias\/se-lanza-proyecto-daki\/","title":{"rendered":"Se lanza el proyecto DAKI"},"content":{"rendered":"<div class=\"wpb-content-wrapper\"><p>[vc_row css_animation=&#8221;&#8221; row_type=&#8221;row&#8221; use_row_as_full_screen_section=&#8221;no&#8221; type=&#8221;full_width&#8221; angled_section=&#8221;no&#8221; text_align=&#8221;left&#8221; background_image_as_pattern=&#8221;without_pattern&#8221;][vc_column][vc_column_text]La Plataforma Semi\u00e1rido de Am\u00e9rica Latina- Iniciativa impulsada por la Coalici\u00f3n Internacional de Acceso a la Tierra (ILC ALC)- y la Articulaci\u00f3n Semi\u00e1rida Brasile\u00f1a (ASA), asociadas con el Fondo Internacional de Desarrollo Agr\u00edcola (FIDA) van a desarrollar un plan de acci\u00f3n intercontinental para capacitar a t\u00e9cnicos y agricultores en agricultura resiliente al clima. El plan conocido como Proyecto DAKI (&#8220;Iniciativa de conocimiento sobre la adaptaci\u00f3n de las tierras secas&#8221;, seg\u00fan su traducci\u00f3n del ingl\u00e9s), identificar\u00e1 y sistematizar\u00e1 experiencias exitosas de convivencia con estas regiones, y generar\u00e1 una Plataforma de Conocimiento que permitir\u00e1 a las comunidades involucradas ser consideradas como multiplicadores de buenas pr\u00e1cticas, t\u00e9cnicas y metodolog\u00edas en sus propios proyectos y planes de trabajo regional. La iniciativa se lanza el 18 de agosto pr\u00f3ximo.<\/p>\n<p>Las poblaciones del Gran Chaco Americano, el Semi\u00e1rido Brasile\u00f1o y el Corredor Seco de Am\u00e9rica Central, pueblos representados por la Plataforma Semi\u00e1ridos y la Articulaci\u00f3n Semi\u00e1rida Brasile\u00f1a, viven con dif\u00edcil acceso al agua de calidad, deficiente producci\u00f3n y comercializaci\u00f3n de productos agroalimentarios, e insuficiente gesti\u00f3n sostenible de los recursos. Es por eso que medidas como esta, producto de una alianza entre diferentes instituciones, son consideradas estrat\u00e9gicas para promover que las poblaciones puedan vivir mejor en estas regiones.<\/p>\n<p>&nbsp;<\/p>\n<p>[\/vc_column_text][vc_column_text]Se podr\u00e1 acceder al lanzamiento oficial del proyecto <strong>el martes 18, a las 16 hs<\/strong> (<em>hora en Brasil y Argentina<\/em>) <strong>y a las 13 hs.<\/strong> (<em>hora de El Salvador<\/em>)<\/p>\n<p><img loading=\"lazy\" decoding=\"async\" class=\"loaded alignnone\" style=\"width: 33px;\" title=\"Youtube\" src=\"https:\/\/image.flaticon.com\/icons\/svg\/1384\/1384060.svg\" alt=\"Youtube\" width=\"30\" height=\"33\" \/>\u00a0En el canal de You Tube ASA <a href=\"https:\/\/www.youtube.com\/user\/asabrasil1?reload=9\" target=\"_blank\"  rel=\"wpdevart_lightbox_video noopener noreferrer\" >https:\/\/www.youtube.com\/user\/asabrasil1?reload=9<\/a><br \/>\n<img loading=\"lazy\" decoding=\"async\" class=\"loaded alignnone\" style=\"width: 29px;\" title=\"Facebook\" src=\"https:\/\/image.flaticon.com\/icons\/svg\/1384\/1384053.svg\" alt=\"Facebook\" width=\"30\" height=\"29\" \/>\u00a0 As\u00ed como en Facebook: <a href=\"https:\/\/www.facebook.com\/articulacaosemiarido\" target=\"_blank\" rel=\"noopener noreferrer\">https:\/\/www.facebook.com\/articulacaosemiarido<\/a>[\/vc_column_text][\/vc_column][\/vc_row]<\/p>\n<\/div>","protected":false},"excerpt":{"rendered":"<p>La Plataforma Semi\u00e1rido de Am\u00e9rica Latina- Iniciativa impulsada por la Coalici\u00f3n Internacional de Acceso a la Tierra (ILC ALC)- y la Articulaci\u00f3n Semi\u00e1rida Brasile\u00f1a (ASA), asociadas con el Fondo Internacional de Desarrollo Agr\u00edcola (FIDA) van a desarrollar un plan de acci\u00f3n intercontinental para capacitar a t\u00e9cnicos y agricultores en agricultura resiliente al clima.<\/p>\n","protected":false},"author":4,"featured_media":1694,"comment_status":"open","ping_status":"open","sticky":false,"template":"","format":"standard","meta":{"footnotes":""},"categories":[14],"tags":[110,543,195,19,96,106,645,644,202,193,78,643,446],"class_list":["post-1693","post","type-post","status-publish","format-standard","has-post-thumbnail","hentry","category-noticias","tag-acceso-al-agua","tag-agricultores","tag-alc","tag-america-latina","tag-asa","tag-chaco-americano","tag-comunidad-wichi","tag-daki","tag-fida","tag-ilc","tag-plataforma-semiaridos","tag-proyecto","tag-semiarido-brasileno"],"yoast_head":"<!-- This site is optimized with the Yoast SEO plugin v26.3 - https:\/\/yoast.com\/wordpress\/plugins\/seo\/ -->\n<title>Se lanza el proyecto DAKI - Semi\u00e1ridos<\/title>\n<meta name=\"robots\" content=\"index, follow, max-snippet:-1, max-image-preview:large, max-video-preview:-1\" \/>\n<link rel=\"canonical\" href=\"https:\/\/www.semiaridos.org\/noticias\/se-lanza-proyecto-daki\/\" \/>\n<meta property=\"og:locale\" content=\"en_US\" \/>\n<meta property=\"og:type\" content=\"article\" \/>\n<meta property=\"og:title\" content=\"Se lanza el proyecto DAKI - Semi\u00e1ridos\" \/>\n<meta property=\"og:description\" content=\"La Plataforma Semi\u00e1rido de Am\u00e9rica Latina- Iniciativa impulsada por la Coalici\u00f3n Internacional de Acceso a la Tierra (ILC ALC)- y la Articulaci\u00f3n Semi\u00e1rida Brasile\u00f1a (ASA), asociadas con el Fondo Internacional de Desarrollo Agr\u00edcola (FIDA) van a desarrollar un plan de acci\u00f3n intercontinental para capacitar a t\u00e9cnicos y agricultores en agricultura resiliente al clima.\" \/>\n<meta property=\"og:url\" content=\"https:\/\/www.semiaridos.org\/noticias\/se-lanza-proyecto-daki\/\" \/>\n<meta property=\"og:site_name\" content=\"Semi\u00e1ridos\" \/>\n<meta property=\"article:published_time\" content=\"2020-08-04T18:53:34+00:00\" \/>\n<meta property=\"article:modified_time\" content=\"2020-08-04T22:38:01+00:00\" \/>\n<meta property=\"og:image\" content=\"https:\/\/www.semiaridos.org\/\/files\/2020\/08\/comunidad-wichi-Morillo.jpg\" \/>\n\t<meta property=\"og:image:width\" content=\"960\" \/>\n\t<meta property=\"og:image:height\" content=\"720\" \/>\n\t<meta property=\"og:image:type\" content=\"image\/jpeg\" \/>\n<meta name=\"author\" content=\"Semi\u00e1ridos Plataforma\" \/>\n<meta name=\"twitter:card\" content=\"summary_large_image\" \/>\n<meta name=\"twitter:label1\" content=\"Written by\" \/>\n\t<meta name=\"twitter:data1\" content=\"Semi\u00e1ridos Plataforma\" \/>\n\t<meta name=\"twitter:label2\" content=\"Est. reading time\" \/>\n\t<meta name=\"twitter:data2\" content=\"2 minutes\" \/>\n<script type=\"application\/ld+json\" class=\"yoast-schema-graph\">{\"@context\":\"https:\/\/schema.org\",\"@graph\":[{\"@type\":\"WebPage\",\"@id\":\"https:\/\/www.semiaridos.org\/noticias\/se-lanza-proyecto-daki\/\",\"url\":\"https:\/\/www.semiaridos.org\/noticias\/se-lanza-proyecto-daki\/\",\"name\":\"Se lanza el proyecto DAKI - Semi\u00e1ridos\",\"isPartOf\":{\"@id\":\"https:\/\/www.semiaridos.org\/#website\"},\"primaryImageOfPage\":{\"@id\":\"https:\/\/www.semiaridos.org\/noticias\/se-lanza-proyecto-daki\/#primaryimage\"},\"image\":{\"@id\":\"https:\/\/www.semiaridos.org\/noticias\/se-lanza-proyecto-daki\/#primaryimage\"},\"thumbnailUrl\":\"https:\/\/www.semiaridos.org\/\/files\/2020\/08\/comunidad-wichi-Morillo.jpg\",\"datePublished\":\"2020-08-04T18:53:34+00:00\",\"dateModified\":\"2020-08-04T22:38:01+00:00\",\"author\":{\"@id\":\"https:\/\/www.semiaridos.org\/#\/schema\/person\/4c4cf6a3a8d1bd0c98c84259a5db4998\"},\"breadcrumb\":{\"@id\":\"https:\/\/www.semiaridos.org\/noticias\/se-lanza-proyecto-daki\/#breadcrumb\"},\"inLanguage\":\"en-US\",\"potentialAction\":[{\"@type\":\"ReadAction\",\"target\":[\"https:\/\/www.semiaridos.org\/noticias\/se-lanza-proyecto-daki\/\"]}]},{\"@type\":\"ImageObject\",\"inLanguage\":\"en-US\",\"@id\":\"https:\/\/www.semiaridos.org\/noticias\/se-lanza-proyecto-daki\/#primaryimage\",\"url\":\"https:\/\/www.semiaridos.org\/\/files\/2020\/08\/comunidad-wichi-Morillo.jpg\",\"contentUrl\":\"https:\/\/www.semiaridos.org\/\/files\/2020\/08\/comunidad-wichi-Morillo.jpg\",\"width\":960,\"height\":720,\"caption\":\"comunidad wichi Morillo\"},{\"@type\":\"BreadcrumbList\",\"@id\":\"https:\/\/www.semiaridos.org\/noticias\/se-lanza-proyecto-daki\/#breadcrumb\",\"itemListElement\":[{\"@type\":\"ListItem\",\"position\":1,\"name\":\"Portada\",\"item\":\"https:\/\/www.semiaridos.org\/en\/\"},{\"@type\":\"ListItem\",\"position\":2,\"name\":\"Se lanza el proyecto DAKI\"}]},{\"@type\":\"WebSite\",\"@id\":\"https:\/\/www.semiaridos.org\/#website\",\"url\":\"https:\/\/www.semiaridos.org\/\",\"name\":\"Semi\u00e1ridos\",\"description\":\"Otro sitio realizado con WordPress\",\"potentialAction\":[{\"@type\":\"SearchAction\",\"target\":{\"@type\":\"EntryPoint\",\"urlTemplate\":\"https:\/\/www.semiaridos.org\/?s={search_term_string}\"},\"query-input\":{\"@type\":\"PropertyValueSpecification\",\"valueRequired\":true,\"valueName\":\"search_term_string\"}}],\"inLanguage\":\"en-US\"},{\"@type\":\"Person\",\"@id\":\"https:\/\/www.semiaridos.org\/#\/schema\/person\/4c4cf6a3a8d1bd0c98c84259a5db4998\",\"name\":\"Semi\u00e1ridos Plataforma\",\"image\":{\"@type\":\"ImageObject\",\"inLanguage\":\"en-US\",\"@id\":\"https:\/\/www.semiaridos.org\/#\/schema\/person\/image\/\",\"url\":\"https:\/\/secure.gravatar.com\/avatar\/5ebd2905bbcce14afe1f3d0b167c53a55585123b9a8ebca5a6aa909278711be1?s=96&d=identicon&r=g\",\"contentUrl\":\"https:\/\/secure.gravatar.com\/avatar\/5ebd2905bbcce14afe1f3d0b167c53a55585123b9a8ebca5a6aa909278711be1?s=96&d=identicon&r=g\",\"caption\":\"Semi\u00e1ridos Plataforma\"},\"description\":\"Semi\u00e1ridos, iniciativa desarrollada en el marco de la International Land Coalition. Busca atender las problem\u00e1ticas de las zonas semi\u00e1ridas de Am\u00e9ricaLatina\",\"sameAs\":[\"http:\/\/www.semiaridos.org\"]}]}<\/script>\n<!-- \/ Yoast SEO plugin. -->","yoast_head_json":{"title":"Se lanza el proyecto DAKI - Semi\u00e1ridos","robots":{"index":"index","follow":"follow","max-snippet":"max-snippet:-1","max-image-preview":"max-image-preview:large","max-video-preview":"max-video-preview:-1"},"canonical":"https:\/\/www.semiaridos.org\/noticias\/se-lanza-proyecto-daki\/","og_locale":"en_US","og_type":"article","og_title":"Se lanza el proyecto DAKI - Semi\u00e1ridos","og_description":"La Plataforma Semi\u00e1rido de Am\u00e9rica Latina- Iniciativa impulsada por la Coalici\u00f3n Internacional de Acceso a la Tierra (ILC ALC)- y la Articulaci\u00f3n Semi\u00e1rida Brasile\u00f1a (ASA), asociadas con el Fondo Internacional de Desarrollo Agr\u00edcola (FIDA) van a desarrollar un plan de acci\u00f3n intercontinental para capacitar a t\u00e9cnicos y agricultores en agricultura resiliente al clima.","og_url":"https:\/\/www.semiaridos.org\/noticias\/se-lanza-proyecto-daki\/","og_site_name":"Semi\u00e1ridos","article_published_time":"2020-08-04T18:53:34+00:00","article_modified_time":"2020-08-04T22:38:01+00:00","og_image":[{"width":960,"height":720,"url":"https:\/\/www.semiaridos.org\/\/files\/2020\/08\/comunidad-wichi-Morillo.jpg","type":"image\/jpeg"}],"author":"Semi\u00e1ridos Plataforma","twitter_card":"summary_large_image","twitter_misc":{"Written by":"Semi\u00e1ridos Plataforma","Est. reading time":"2 minutes"},"schema":{"@context":"https:\/\/schema.org","@graph":[{"@type":"WebPage","@id":"https:\/\/www.semiaridos.org\/noticias\/se-lanza-proyecto-daki\/","url":"https:\/\/www.semiaridos.org\/noticias\/se-lanza-proyecto-daki\/","name":"Se lanza el proyecto DAKI - Semi\u00e1ridos","isPartOf":{"@id":"https:\/\/www.semiaridos.org\/#website"},"primaryImageOfPage":{"@id":"https:\/\/www.semiaridos.org\/noticias\/se-lanza-proyecto-daki\/#primaryimage"},"image":{"@id":"https:\/\/www.semiaridos.org\/noticias\/se-lanza-proyecto-daki\/#primaryimage"},"thumbnailUrl":"https:\/\/www.semiaridos.org\/\/files\/2020\/08\/comunidad-wichi-Morillo.jpg","datePublished":"2020-08-04T18:53:34+00:00","dateModified":"2020-08-04T22:38:01+00:00","author":{"@id":"https:\/\/www.semiaridos.org\/#\/schema\/person\/4c4cf6a3a8d1bd0c98c84259a5db4998"},"breadcrumb":{"@id":"https:\/\/www.semiaridos.org\/noticias\/se-lanza-proyecto-daki\/#breadcrumb"},"inLanguage":"en-US","potentialAction":[{"@type":"ReadAction","target":["https:\/\/www.semiaridos.org\/noticias\/se-lanza-proyecto-daki\/"]}]},{"@type":"ImageObject","inLanguage":"en-US","@id":"https:\/\/www.semiaridos.org\/noticias\/se-lanza-proyecto-daki\/#primaryimage","url":"https:\/\/www.semiaridos.org\/\/files\/2020\/08\/comunidad-wichi-Morillo.jpg","contentUrl":"https:\/\/www.semiaridos.org\/\/files\/2020\/08\/comunidad-wichi-Morillo.jpg","width":960,"height":720,"caption":"comunidad wichi Morillo"},{"@type":"BreadcrumbList","@id":"https:\/\/www.semiaridos.org\/noticias\/se-lanza-proyecto-daki\/#breadcrumb","itemListElement":[{"@type":"ListItem","position":1,"name":"Portada","item":"https:\/\/www.semiaridos.org\/en\/"},{"@type":"ListItem","position":2,"name":"Se lanza el proyecto DAKI"}]},{"@type":"WebSite","@id":"https:\/\/www.semiaridos.org\/#website","url":"https:\/\/www.semiaridos.org\/","name":"Semi\u00e1ridos","description":"Otro sitio realizado con WordPress","potentialAction":[{"@type":"SearchAction","target":{"@type":"EntryPoint","urlTemplate":"https:\/\/www.semiaridos.org\/?s={search_term_string}"},"query-input":{"@type":"PropertyValueSpecification","valueRequired":true,"valueName":"search_term_string"}}],"inLanguage":"en-US"},{"@type":"Person","@id":"https:\/\/www.semiaridos.org\/#\/schema\/person\/4c4cf6a3a8d1bd0c98c84259a5db4998","name":"Semi\u00e1ridos Plataforma","image":{"@type":"ImageObject","inLanguage":"en-US","@id":"https:\/\/www.semiaridos.org\/#\/schema\/person\/image\/","url":"https:\/\/secure.gravatar.com\/avatar\/5ebd2905bbcce14afe1f3d0b167c53a55585123b9a8ebca5a6aa909278711be1?s=96&d=identicon&r=g","contentUrl":"https:\/\/secure.gravatar.com\/avatar\/5ebd2905bbcce14afe1f3d0b167c53a55585123b9a8ebca5a6aa909278711be1?s=96&d=identicon&r=g","caption":"Semi\u00e1ridos Plataforma"},"description":"Semi\u00e1ridos, iniciativa desarrollada en el marco de la International Land Coalition. Busca atender las problem\u00e1ticas de las zonas semi\u00e1ridas de Am\u00e9ricaLatina","sameAs":["http:\/\/www.semiaridos.org"]}]}},"_links":{"self":[{"href":"https:\/\/www.semiaridos.org\/en\/wp-json\/wp\/v2\/posts\/1693","targetHints":{"allow":["GET"]}}],"collection":[{"href":"https:\/\/www.semiaridos.org\/en\/wp-json\/wp\/v2\/posts"}],"about":[{"href":"https:\/\/www.semiaridos.org\/en\/wp-json\/wp\/v2\/types\/post"}],"author":[{"embeddable":true,"href":"https:\/\/www.semiaridos.org\/en\/wp-json\/wp\/v2\/users\/4"}],"replies":[{"embeddable":true,"href":"https:\/\/www.semiaridos.org\/en\/wp-json\/wp\/v2\/comments?post=1693"}],"version-history":[{"count":3,"href":"https:\/\/www.semiaridos.org\/en\/wp-json\/wp\/v2\/posts\/1693\/revisions"}],"predecessor-version":[{"id":1697,"href":"https:\/\/www.semiaridos.org\/en\/wp-json\/wp\/v2\/posts\/1693\/revisions\/1697"}],"wp:featuredmedia":[{"embeddable":true,"href":"https:\/\/www.semiaridos.org\/en\/wp-json\/wp\/v2\/media\/1694"}],"wp:attachment":[{"href":"https:\/\/www.semiaridos.org\/en\/wp-json\/wp\/v2\/media?parent=1693"}],"wp:term":[{"taxonomy":"category","embeddable":true,"href":"https:\/\/www.semiaridos.org\/en\/wp-json\/wp\/v2\/categories?post=1693"},{"taxonomy":"post_tag","embeddable":true,"href":"https:\/\/www.semiaridos.org\/en\/wp-json\/wp\/v2\/tags?post=1693"}],"curies":[{"name":"wp","href":"https:\/\/api.w.org\/{rel}","templated":true}]}}