{"id":1699,"date":"2020-08-14T09:00:37","date_gmt":"2020-08-14T12:00:37","guid":{"rendered":"https:\/\/www.semiaridos.org\/?p=1699\/"},"modified":"2020-08-13T18:19:09","modified_gmt":"2020-08-13T21:19:09","slug":"instituciones-de-la-sociedad-civil-y-fida-lanzan-un-proyecto-de-adaptacion-de-poblaciones-al-cambio-climatico","status":"publish","type":"post","link":"https:\/\/www.semiaridos.org\/en\/noticias\/instituciones-de-la-sociedad-civil-y-fida-lanzan-un-proyecto-de-adaptacion-de-poblaciones-al-cambio-climatico\/","title":{"rendered":"Instituciones de la sociedad civil y FIDA lanzan un proyecto de adaptaci\u00f3n de poblaciones al cambio clim\u00e1tico"},"content":{"rendered":"<p><strong>El martes 18 de agosto, a partir de las 16 hs<\/strong> (<em>en Argentina y Brasil; 13 hs en El Salvador<\/em>) se lanza el proyecto\u00a0<strong>DAKI Semi\u00e1rido Vivo<\/strong>, un plan intercontinental para capacitar a t\u00e9cnicos y agricultores en agricultura resiliente al clima. La iniciativa es impulsada por la Plataforma Semi\u00e1ridos Am\u00e9rica Latina y la Articulaci\u00f3n Semi\u00e1rida Brasile\u00f1a (ASA) asociadas con el Fondo Internacional de Desarrollo Agr\u00edcola (FIDA).<\/p>\n<p>En Am\u00e9rica Latina existen tres zonas secas m\u00e1s vulnerables a los efectos del cambio clim\u00e1tico, que afectan el r\u00e9gimen de lluvias, haci\u00e9ndolas m\u00e1s irregulares en la distribuci\u00f3n de los meses y en el \u00edndice de precipitaciones.\u00a0En estas regiones las poblaciones rurales tienen muchas dificultades para vivir en condiciones dignas y satisfacer necesidades b\u00e1sicas de alimentaci\u00f3n, agua, servicios de salud y acceso a ingresos, entre otros.<\/p>\n<p>En respuesta a esta problem\u00e1tica, este proyecto se desarrollar\u00e1 en el Chaco argentino, en el noreste de Brasil y en la zona del Corredor Seco de El Salvador. Durante cuatro a\u00f1os se identificar\u00e1 y sistematizar\u00e1 experiencias exitosas de Agricultura Resiliente al Clima (CRA) y capacitar\u00e1 a t\u00e9cnicos y agricultores para monitorear y guiar la transici\u00f3n de un sistema agr\u00edcola convencional a un sistema resiliente al clima.<\/p>\n<p>Para promover este cambio de perspectiva, el proyecto orientar\u00e1 sus acciones para personas del sector p\u00fablico, estudiantes, docentes de escuelas rurales y agricultores familiares.\u00a0Aproximadamente dos mil personas se beneficiar\u00e1n directamente y seis mil indirectamente.<br \/>\nAs\u00ed, \u00a0las comunidades involucradas podr\u00e1n ser multiplicadoras de buenas pr\u00e1cticas, t\u00e9cnicas y metodolog\u00edas en sus propios proyectos y planes de trabajo regionales.<\/p>\n<p>No te pierdas los detalles y el lanzamiento de esta iniciativa! Segu\u00ed \u00a0la presentaci\u00f3n en :<\/p>\n<p><img loading=\"lazy\" decoding=\"async\" class=\"loaded alignnone\" style=\"width: 29px;\" title=\"Facebook\" src=\"https:\/\/image.flaticon.com\/icons\/svg\/1384\/1384053.svg\" alt=\"Facebook\" width=\"30\" height=\"29\" \/> Facebook <a href=\"https:\/\/www.facebook.com\/Fundapaz-429125757247092\/\" target=\"_blank\" rel=\"noopener noreferrer\">https:\/\/www.facebook.com\/Fundapaz-429125757247092\/<\/a>; <a href=\"https:\/\/www.facebook.com\/articulacaosemiarido\/\" target=\"_blank\" rel=\"noopener noreferrer\">https:\/\/www.facebook.com\/articulacaosemiarido\/<\/a><\/p>\n<p><img loading=\"lazy\" decoding=\"async\" class=\"loaded alignnone\" style=\"width: 33px;\" title=\"Youtube\" src=\"https:\/\/image.flaticon.com\/icons\/svg\/1384\/1384060.svg\" alt=\"Youtube\" width=\"30\" height=\"33\" \/>\u00a0Y en el canal de You Tube de ASA: <a href=\"https:\/\/www.youtube.com\/user\/asabrasil1\" target=\"_blank\"  rel=\"wpdevart_lightbox_video noopener noreferrer\" >https:\/\/www.youtube.com\/user\/asabrasil1<\/a><\/p>\n","protected":false},"excerpt":{"rendered":"<p>El martes 18 de agosto, a partir de las 16 hs se lanza el proyecto\u00a0DAKI Semi\u00e1rido Vivo, un plan intercontinental para capacitar a t\u00e9cnicos y agricultores en agricultura resiliente al clima. La iniciativa es impulsada por la Plataforma Semi\u00e1ridos Am\u00e9rica Latina y la Articulaci\u00f3n Semi\u00e1rida Brasile\u00f1a, asociadas con el Fondo Internacional de Desarrollo Agr\u00edcola.<\/p>\n","protected":false},"author":4,"featured_media":1700,"comment_status":"open","ping_status":"open","sticky":false,"template":"","format":"standard","meta":{"footnotes":""},"categories":[14],"tags":[543,19,37,56,646,648,66,202,43,647,85,544],"class_list":["post-1699","post","type-post","status-publish","format-standard","has-post-thumbnail","hentry","category-noticias","tag-agricultores","tag-america-latina","tag-argentina","tag-brasil","tag-clima","tag-desarrollo-agricola","tag-el-salvador","tag-fida","tag-fundapaz","tag-proyecto-daki","tag-semiaridos","tag-tecnicos"],"yoast_head":"<!-- This site is optimized with the Yoast SEO plugin v26.3 - https:\/\/yoast.com\/wordpress\/plugins\/seo\/ -->\n<title>Instituciones de la sociedad civil y FIDA lanzan un proyecto de adaptaci\u00f3n de poblaciones al cambio clim\u00e1tico - Semi\u00e1ridos<\/title>\n<meta name=\"robots\" content=\"index, follow, max-snippet:-1, max-image-preview:large, max-video-preview:-1\" \/>\n<link rel=\"canonical\" href=\"https:\/\/www.semiaridos.org\/noticias\/instituciones-de-la-sociedad-civil-y-fida-lanzan-un-proyecto-de-adaptacion-de-poblaciones-al-cambio-climatico\/\" \/>\n<meta property=\"og:locale\" content=\"en_US\" \/>\n<meta property=\"og:type\" content=\"article\" \/>\n<meta property=\"og:title\" content=\"Instituciones de la sociedad civil y FIDA lanzan un proyecto de adaptaci\u00f3n de poblaciones al cambio clim\u00e1tico - Semi\u00e1ridos\" \/>\n<meta property=\"og:description\" content=\"El martes 18 de agosto, a partir de las 16 hs se lanza el proyecto\u00a0DAKI Semi\u00e1rido Vivo, un plan intercontinental para capacitar a t\u00e9cnicos y agricultores en agricultura resiliente al clima. La iniciativa es impulsada por la Plataforma Semi\u00e1ridos Am\u00e9rica Latina y la Articulaci\u00f3n Semi\u00e1rida Brasile\u00f1a, asociadas con el Fondo Internacional de Desarrollo Agr\u00edcola.\" \/>\n<meta property=\"og:url\" content=\"https:\/\/www.semiaridos.org\/noticias\/instituciones-de-la-sociedad-civil-y-fida-lanzan-un-proyecto-de-adaptacion-de-poblaciones-al-cambio-climatico\/\" \/>\n<meta property=\"og:site_name\" content=\"Semi\u00e1ridos\" \/>\n<meta property=\"article:published_time\" content=\"2020-08-14T12:00:37+00:00\" \/>\n<meta property=\"og:image\" content=\"https:\/\/www.semiaridos.org\/\/files\/2020\/08\/lanzamiento-Daki-Semiaridos.jpg\" \/>\n\t<meta property=\"og:image:width\" content=\"1080\" \/>\n\t<meta property=\"og:image:height\" content=\"1080\" \/>\n\t<meta property=\"og:image:type\" content=\"image\/jpeg\" \/>\n<meta name=\"author\" content=\"Semi\u00e1ridos Plataforma\" \/>\n<meta name=\"twitter:card\" content=\"summary_large_image\" \/>\n<meta name=\"twitter:label1\" content=\"Written by\" \/>\n\t<meta name=\"twitter:data1\" content=\"Semi\u00e1ridos Plataforma\" \/>\n\t<meta name=\"twitter:label2\" content=\"Est. reading time\" \/>\n\t<meta name=\"twitter:data2\" content=\"2 minutes\" \/>\n<script type=\"application\/ld+json\" class=\"yoast-schema-graph\">{\"@context\":\"https:\/\/schema.org\",\"@graph\":[{\"@type\":\"WebPage\",\"@id\":\"https:\/\/www.semiaridos.org\/noticias\/instituciones-de-la-sociedad-civil-y-fida-lanzan-un-proyecto-de-adaptacion-de-poblaciones-al-cambio-climatico\/\",\"url\":\"https:\/\/www.semiaridos.org\/noticias\/instituciones-de-la-sociedad-civil-y-fida-lanzan-un-proyecto-de-adaptacion-de-poblaciones-al-cambio-climatico\/\",\"name\":\"Instituciones de la sociedad civil y FIDA lanzan un proyecto de adaptaci\u00f3n de poblaciones al cambio clim\u00e1tico - Semi\u00e1ridos\",\"isPartOf\":{\"@id\":\"https:\/\/www.semiaridos.org\/#website\"},\"primaryImageOfPage\":{\"@id\":\"https:\/\/www.semiaridos.org\/noticias\/instituciones-de-la-sociedad-civil-y-fida-lanzan-un-proyecto-de-adaptacion-de-poblaciones-al-cambio-climatico\/#primaryimage\"},\"image\":{\"@id\":\"https:\/\/www.semiaridos.org\/noticias\/instituciones-de-la-sociedad-civil-y-fida-lanzan-un-proyecto-de-adaptacion-de-poblaciones-al-cambio-climatico\/#primaryimage\"},\"thumbnailUrl\":\"https:\/\/www.semiaridos.org\/\/files\/2020\/08\/lanzamiento-Daki-Semiaridos.jpg\",\"datePublished\":\"2020-08-14T12:00:37+00:00\",\"author\":{\"@id\":\"https:\/\/www.semiaridos.org\/#\/schema\/person\/4c4cf6a3a8d1bd0c98c84259a5db4998\"},\"breadcrumb\":{\"@id\":\"https:\/\/www.semiaridos.org\/noticias\/instituciones-de-la-sociedad-civil-y-fida-lanzan-un-proyecto-de-adaptacion-de-poblaciones-al-cambio-climatico\/#breadcrumb\"},\"inLanguage\":\"en-US\",\"potentialAction\":[{\"@type\":\"ReadAction\",\"target\":[\"https:\/\/www.semiaridos.org\/noticias\/instituciones-de-la-sociedad-civil-y-fida-lanzan-un-proyecto-de-adaptacion-de-poblaciones-al-cambio-climatico\/\"]}]},{\"@type\":\"ImageObject\",\"inLanguage\":\"en-US\",\"@id\":\"https:\/\/www.semiaridos.org\/noticias\/instituciones-de-la-sociedad-civil-y-fida-lanzan-un-proyecto-de-adaptacion-de-poblaciones-al-cambio-climatico\/#primaryimage\",\"url\":\"https:\/\/www.semiaridos.org\/\/files\/2020\/08\/lanzamiento-Daki-Semiaridos.jpg\",\"contentUrl\":\"https:\/\/www.semiaridos.org\/\/files\/2020\/08\/lanzamiento-Daki-Semiaridos.jpg\",\"width\":1080,\"height\":1080,\"caption\":\"lanzamiento Daki Semiaridos\"},{\"@type\":\"BreadcrumbList\",\"@id\":\"https:\/\/www.semiaridos.org\/noticias\/instituciones-de-la-sociedad-civil-y-fida-lanzan-un-proyecto-de-adaptacion-de-poblaciones-al-cambio-climatico\/#breadcrumb\",\"itemListElement\":[{\"@type\":\"ListItem\",\"position\":1,\"name\":\"Portada\",\"item\":\"https:\/\/www.semiaridos.org\/en\/\"},{\"@type\":\"ListItem\",\"position\":2,\"name\":\"Instituciones de la sociedad civil y FIDA lanzan un proyecto de adaptaci\u00f3n de poblaciones al cambio clim\u00e1tico\"}]},{\"@type\":\"WebSite\",\"@id\":\"https:\/\/www.semiaridos.org\/#website\",\"url\":\"https:\/\/www.semiaridos.org\/\",\"name\":\"Semi\u00e1ridos\",\"description\":\"Otro sitio realizado con WordPress\",\"potentialAction\":[{\"@type\":\"SearchAction\",\"target\":{\"@type\":\"EntryPoint\",\"urlTemplate\":\"https:\/\/www.semiaridos.org\/?s={search_term_string}\"},\"query-input\":{\"@type\":\"PropertyValueSpecification\",\"valueRequired\":true,\"valueName\":\"search_term_string\"}}],\"inLanguage\":\"en-US\"},{\"@type\":\"Person\",\"@id\":\"https:\/\/www.semiaridos.org\/#\/schema\/person\/4c4cf6a3a8d1bd0c98c84259a5db4998\",\"name\":\"Semi\u00e1ridos Plataforma\",\"image\":{\"@type\":\"ImageObject\",\"inLanguage\":\"en-US\",\"@id\":\"https:\/\/www.semiaridos.org\/#\/schema\/person\/image\/\",\"url\":\"https:\/\/secure.gravatar.com\/avatar\/5ebd2905bbcce14afe1f3d0b167c53a55585123b9a8ebca5a6aa909278711be1?s=96&d=identicon&r=g\",\"contentUrl\":\"https:\/\/secure.gravatar.com\/avatar\/5ebd2905bbcce14afe1f3d0b167c53a55585123b9a8ebca5a6aa909278711be1?s=96&d=identicon&r=g\",\"caption\":\"Semi\u00e1ridos Plataforma\"},\"description\":\"Semi\u00e1ridos, iniciativa desarrollada en el marco de la International Land Coalition. Busca atender las problem\u00e1ticas de las zonas semi\u00e1ridas de Am\u00e9ricaLatina\",\"sameAs\":[\"http:\/\/www.semiaridos.org\"]}]}<\/script>\n<!-- \/ Yoast SEO plugin. -->","yoast_head_json":{"title":"Instituciones de la sociedad civil y FIDA lanzan un proyecto de adaptaci\u00f3n de poblaciones al cambio clim\u00e1tico - Semi\u00e1ridos","robots":{"index":"index","follow":"follow","max-snippet":"max-snippet:-1","max-image-preview":"max-image-preview:large","max-video-preview":"max-video-preview:-1"},"canonical":"https:\/\/www.semiaridos.org\/noticias\/instituciones-de-la-sociedad-civil-y-fida-lanzan-un-proyecto-de-adaptacion-de-poblaciones-al-cambio-climatico\/","og_locale":"en_US","og_type":"article","og_title":"Instituciones de la sociedad civil y FIDA lanzan un proyecto de adaptaci\u00f3n de poblaciones al cambio clim\u00e1tico - Semi\u00e1ridos","og_description":"El martes 18 de agosto, a partir de las 16 hs se lanza el proyecto\u00a0DAKI Semi\u00e1rido Vivo, un plan intercontinental para capacitar a t\u00e9cnicos y agricultores en agricultura resiliente al clima. La iniciativa es impulsada por la Plataforma Semi\u00e1ridos Am\u00e9rica Latina y la Articulaci\u00f3n Semi\u00e1rida Brasile\u00f1a, asociadas con el Fondo Internacional de Desarrollo Agr\u00edcola.","og_url":"https:\/\/www.semiaridos.org\/noticias\/instituciones-de-la-sociedad-civil-y-fida-lanzan-un-proyecto-de-adaptacion-de-poblaciones-al-cambio-climatico\/","og_site_name":"Semi\u00e1ridos","article_published_time":"2020-08-14T12:00:37+00:00","og_image":[{"width":1080,"height":1080,"url":"https:\/\/www.semiaridos.org\/\/files\/2020\/08\/lanzamiento-Daki-Semiaridos.jpg","type":"image\/jpeg"}],"author":"Semi\u00e1ridos Plataforma","twitter_card":"summary_large_image","twitter_misc":{"Written by":"Semi\u00e1ridos Plataforma","Est. reading time":"2 minutes"},"schema":{"@context":"https:\/\/schema.org","@graph":[{"@type":"WebPage","@id":"https:\/\/www.semiaridos.org\/noticias\/instituciones-de-la-sociedad-civil-y-fida-lanzan-un-proyecto-de-adaptacion-de-poblaciones-al-cambio-climatico\/","url":"https:\/\/www.semiaridos.org\/noticias\/instituciones-de-la-sociedad-civil-y-fida-lanzan-un-proyecto-de-adaptacion-de-poblaciones-al-cambio-climatico\/","name":"Instituciones de la sociedad civil y FIDA lanzan un proyecto de adaptaci\u00f3n de poblaciones al cambio clim\u00e1tico - Semi\u00e1ridos","isPartOf":{"@id":"https:\/\/www.semiaridos.org\/#website"},"primaryImageOfPage":{"@id":"https:\/\/www.semiaridos.org\/noticias\/instituciones-de-la-sociedad-civil-y-fida-lanzan-un-proyecto-de-adaptacion-de-poblaciones-al-cambio-climatico\/#primaryimage"},"image":{"@id":"https:\/\/www.semiaridos.org\/noticias\/instituciones-de-la-sociedad-civil-y-fida-lanzan-un-proyecto-de-adaptacion-de-poblaciones-al-cambio-climatico\/#primaryimage"},"thumbnailUrl":"https:\/\/www.semiaridos.org\/\/files\/2020\/08\/lanzamiento-Daki-Semiaridos.jpg","datePublished":"2020-08-14T12:00:37+00:00","author":{"@id":"https:\/\/www.semiaridos.org\/#\/schema\/person\/4c4cf6a3a8d1bd0c98c84259a5db4998"},"breadcrumb":{"@id":"https:\/\/www.semiaridos.org\/noticias\/instituciones-de-la-sociedad-civil-y-fida-lanzan-un-proyecto-de-adaptacion-de-poblaciones-al-cambio-climatico\/#breadcrumb"},"inLanguage":"en-US","potentialAction":[{"@type":"ReadAction","target":["https:\/\/www.semiaridos.org\/noticias\/instituciones-de-la-sociedad-civil-y-fida-lanzan-un-proyecto-de-adaptacion-de-poblaciones-al-cambio-climatico\/"]}]},{"@type":"ImageObject","inLanguage":"en-US","@id":"https:\/\/www.semiaridos.org\/noticias\/instituciones-de-la-sociedad-civil-y-fida-lanzan-un-proyecto-de-adaptacion-de-poblaciones-al-cambio-climatico\/#primaryimage","url":"https:\/\/www.semiaridos.org\/\/files\/2020\/08\/lanzamiento-Daki-Semiaridos.jpg","contentUrl":"https:\/\/www.semiaridos.org\/\/files\/2020\/08\/lanzamiento-Daki-Semiaridos.jpg","width":1080,"height":1080,"caption":"lanzamiento Daki Semiaridos"},{"@type":"BreadcrumbList","@id":"https:\/\/www.semiaridos.org\/noticias\/instituciones-de-la-sociedad-civil-y-fida-lanzan-un-proyecto-de-adaptacion-de-poblaciones-al-cambio-climatico\/#breadcrumb","itemListElement":[{"@type":"ListItem","position":1,"name":"Portada","item":"https:\/\/www.semiaridos.org\/en\/"},{"@type":"ListItem","position":2,"name":"Instituciones de la sociedad civil y FIDA lanzan un proyecto de adaptaci\u00f3n de poblaciones al cambio clim\u00e1tico"}]},{"@type":"WebSite","@id":"https:\/\/www.semiaridos.org\/#website","url":"https:\/\/www.semiaridos.org\/","name":"Semi\u00e1ridos","description":"Otro sitio realizado con WordPress","potentialAction":[{"@type":"SearchAction","target":{"@type":"EntryPoint","urlTemplate":"https:\/\/www.semiaridos.org\/?s={search_term_string}"},"query-input":{"@type":"PropertyValueSpecification","valueRequired":true,"valueName":"search_term_string"}}],"inLanguage":"en-US"},{"@type":"Person","@id":"https:\/\/www.semiaridos.org\/#\/schema\/person\/4c4cf6a3a8d1bd0c98c84259a5db4998","name":"Semi\u00e1ridos Plataforma","image":{"@type":"ImageObject","inLanguage":"en-US","@id":"https:\/\/www.semiaridos.org\/#\/schema\/person\/image\/","url":"https:\/\/secure.gravatar.com\/avatar\/5ebd2905bbcce14afe1f3d0b167c53a55585123b9a8ebca5a6aa909278711be1?s=96&d=identicon&r=g","contentUrl":"https:\/\/secure.gravatar.com\/avatar\/5ebd2905bbcce14afe1f3d0b167c53a55585123b9a8ebca5a6aa909278711be1?s=96&d=identicon&r=g","caption":"Semi\u00e1ridos Plataforma"},"description":"Semi\u00e1ridos, iniciativa desarrollada en el marco de la International Land Coalition. Busca atender las problem\u00e1ticas de las zonas semi\u00e1ridas de Am\u00e9ricaLatina","sameAs":["http:\/\/www.semiaridos.org"]}]}},"_links":{"self":[{"href":"https:\/\/www.semiaridos.org\/en\/wp-json\/wp\/v2\/posts\/1699","targetHints":{"allow":["GET"]}}],"collection":[{"href":"https:\/\/www.semiaridos.org\/en\/wp-json\/wp\/v2\/posts"}],"about":[{"href":"https:\/\/www.semiaridos.org\/en\/wp-json\/wp\/v2\/types\/post"}],"author":[{"embeddable":true,"href":"https:\/\/www.semiaridos.org\/en\/wp-json\/wp\/v2\/users\/4"}],"replies":[{"embeddable":true,"href":"https:\/\/www.semiaridos.org\/en\/wp-json\/wp\/v2\/comments?post=1699"}],"version-history":[{"count":3,"href":"https:\/\/www.semiaridos.org\/en\/wp-json\/wp\/v2\/posts\/1699\/revisions"}],"predecessor-version":[{"id":1703,"href":"https:\/\/www.semiaridos.org\/en\/wp-json\/wp\/v2\/posts\/1699\/revisions\/1703"}],"wp:featuredmedia":[{"embeddable":true,"href":"https:\/\/www.semiaridos.org\/en\/wp-json\/wp\/v2\/media\/1700"}],"wp:attachment":[{"href":"https:\/\/www.semiaridos.org\/en\/wp-json\/wp\/v2\/media?parent=1699"}],"wp:term":[{"taxonomy":"category","embeddable":true,"href":"https:\/\/www.semiaridos.org\/en\/wp-json\/wp\/v2\/categories?post=1699"},{"taxonomy":"post_tag","embeddable":true,"href":"https:\/\/www.semiaridos.org\/en\/wp-json\/wp\/v2\/tags?post=1699"}],"curies":[{"name":"wp","href":"https:\/\/api.w.org\/{rel}","templated":true}]}}