{"id":1731,"date":"2020-12-10T13:58:24","date_gmt":"2020-12-10T16:58:24","guid":{"rendered":"https:\/\/www.semiaridos.org\/?p=1731\/"},"modified":"2020-12-10T13:58:24","modified_gmt":"2020-12-10T16:58:24","slug":"llegar-al-corazon-las-regiones-semiaridas","status":"publish","type":"post","link":"https:\/\/www.semiaridos.org\/en\/noticias\/llegar-al-corazon-las-regiones-semiaridas\/","title":{"rendered":"C\u00f3mo llegar al coraz\u00f3n de las regiones semi\u00e1ridas"},"content":{"rendered":"<p>Con el fin de compartir experiencias e iniciativas que respondan al interrogante sobre\u00a0<strong>\u00bfC\u00f3mo trabajar a lo largo de los semi\u00e1ridos de Am\u00e9rica Latina?<\/strong>\u00a0a fines de noviembre la\u00a0<strong>Plataforma Semi\u00e1ridos Am\u00e9rica Latina,\u00a0<\/strong>una iniciativa que cuenta con el apoyo de la International Land Coalition (ILC ALC),<strong>\u00a0<\/strong>\u00a0organiz\u00f3 una conferencia virtual que cont\u00f3 con la participaci\u00f3n como panelistas de Cristina Do Nascimento , Coordinadora de CETRA, Brasil; Hardi Vieira, Coordinador de Programas FIDA Brasil; Lautaro Viscay, Secretario T\u00e9cnico de la REAF Mercosur; y Gabriel Seghezzo, Director Ejecutivo de Fundapaz y Coordinador de la Plataforma.<\/p>\n<p>Entre los principales temas que se trataron, Cristina Do Nascimento destac\u00f3 que para trabajar en los semi\u00e1ridos es necesario considerar los conocimientos de las poblaciones locales. &#8220;Las respuestas a las necesidades y dificultades est\u00e1n dentro de los mismos territorios, por eso es necesario construir de manera respetuosa la forma de trabajar&#8221;.<\/p>\n<p>&#8220;En Brasil \u2013agreg\u00f3- pudimos consolidar un importante proyecto de acceso al agua y la idea surgi\u00f3 de los que no tienen agua para tomar, de las mujeres y hombres que conviven con el semi\u00e1rido. En el trabajo es necesario acompa\u00f1ar la organizaci\u00f3n de las diversas poblaciones que existen y estimular a los actores locales. No queremos salir del semi\u00e1rido queremos convivir con \u00e9l aunque tengamos poca agua&#8221;.<\/p>\n<p>Al referirse al rol de la Plataforma, Viscay se\u00f1al\u00f3 que &#8220;siempre aporta aprendizajes y buenas pr\u00e1cticas \u00fatiles para el dise\u00f1o de pol\u00edticas importantes para la regi\u00f3n del Mercosur ampliado&#8221;.<\/p>\n<p>En ese sentido, Seghezzo destac\u00f3 que \u00a0<em>semi\u00e1ridos<\/em>\u00a0es una marca registrada legalmente a nivel mundial y se ha posicionado a nivel internacional y latinoamericano. Brinda contactos en todos los pa\u00edses donde se trabaja en estas regiones y genera inteligencia colectiva&#8221;.<\/p>\n<p>&nbsp;<\/p>\n","protected":false},"excerpt":{"rendered":"<p>Con el fin de compartir experiencias e iniciativas que respondan al interrogante sobre \u00bfC\u00f3mo trabajar a lo largo de los semi\u00e1ridos de Am\u00e9rica Latina? a fines de noviembre la Plataforma Semi\u00e1ridos Am\u00e9rica Latina, organiz\u00f3 una conferencia virtual que cont\u00f3 con la participaci\u00f3n como panelistas de Cristina Do Nascimento, Hardi Vieira, Lautaro Viscay y Gabriel Seghezzo.<\/p>\n","protected":false},"author":4,"featured_media":1732,"comment_status":"open","ping_status":"open","sticky":false,"template":"","format":"standard","meta":{"footnotes":""},"categories":[14],"tags":[19,56,521,663,202,43,185,664,44,665,314,78,315],"class_list":["post-1731","post","type-post","status-publish","format-standard","has-post-thumbnail","hentry","category-noticias","tag-america-latina","tag-brasil","tag-cetra","tag-cristina-do-nascimento","tag-fida","tag-fundapaz","tag-gabriel-seghezzo","tag-hardi-vieira","tag-ilc-lac","tag-lautaro-viscay","tag-mercosur","tag-plataforma-semiaridos","tag-reaf"],"yoast_head":"<!-- This site is optimized with the Yoast SEO plugin v26.3 - https:\/\/yoast.com\/wordpress\/plugins\/seo\/ -->\n<title>C\u00f3mo llegar al coraz\u00f3n de las regiones semi\u00e1ridas - Semi\u00e1ridos<\/title>\n<meta name=\"robots\" content=\"index, follow, max-snippet:-1, max-image-preview:large, max-video-preview:-1\" \/>\n<link rel=\"canonical\" href=\"https:\/\/www.semiaridos.org\/noticias\/llegar-al-corazon-las-regiones-semiaridas\/\" \/>\n<meta property=\"og:locale\" content=\"en_US\" \/>\n<meta property=\"og:type\" content=\"article\" \/>\n<meta property=\"og:title\" content=\"C\u00f3mo llegar al coraz\u00f3n de las regiones semi\u00e1ridas - Semi\u00e1ridos\" \/>\n<meta property=\"og:description\" content=\"Con el fin de compartir experiencias e iniciativas que respondan al interrogante sobre \u00bfC\u00f3mo trabajar a lo largo de los semi\u00e1ridos de Am\u00e9rica Latina? a fines de noviembre la Plataforma Semi\u00e1ridos Am\u00e9rica Latina, organiz\u00f3 una conferencia virtual que cont\u00f3 con la participaci\u00f3n como panelistas de Cristina Do Nascimento, Hardi Vieira, Lautaro Viscay y Gabriel Seghezzo.\" \/>\n<meta property=\"og:url\" content=\"https:\/\/www.semiaridos.org\/noticias\/llegar-al-corazon-las-regiones-semiaridas\/\" \/>\n<meta property=\"og:site_name\" content=\"Semi\u00e1ridos\" \/>\n<meta property=\"article:published_time\" content=\"2020-12-10T16:58:24+00:00\" \/>\n<meta property=\"og:image\" content=\"https:\/\/www.semiaridos.org\/\/files\/2020\/12\/foto-cisterna.jpg\" \/>\n\t<meta property=\"og:image:width\" content=\"1152\" \/>\n\t<meta property=\"og:image:height\" content=\"864\" \/>\n\t<meta property=\"og:image:type\" content=\"image\/jpeg\" \/>\n<meta name=\"author\" content=\"Semi\u00e1ridos Plataforma\" \/>\n<meta name=\"twitter:card\" content=\"summary_large_image\" \/>\n<meta name=\"twitter:label1\" content=\"Written by\" \/>\n\t<meta name=\"twitter:data1\" content=\"Semi\u00e1ridos Plataforma\" \/>\n\t<meta name=\"twitter:label2\" content=\"Est. reading time\" \/>\n\t<meta name=\"twitter:data2\" content=\"2 minutes\" \/>\n<script type=\"application\/ld+json\" class=\"yoast-schema-graph\">{\"@context\":\"https:\/\/schema.org\",\"@graph\":[{\"@type\":\"WebPage\",\"@id\":\"https:\/\/www.semiaridos.org\/noticias\/llegar-al-corazon-las-regiones-semiaridas\/\",\"url\":\"https:\/\/www.semiaridos.org\/noticias\/llegar-al-corazon-las-regiones-semiaridas\/\",\"name\":\"C\u00f3mo llegar al coraz\u00f3n de las regiones semi\u00e1ridas - Semi\u00e1ridos\",\"isPartOf\":{\"@id\":\"https:\/\/www.semiaridos.org\/#website\"},\"primaryImageOfPage\":{\"@id\":\"https:\/\/www.semiaridos.org\/noticias\/llegar-al-corazon-las-regiones-semiaridas\/#primaryimage\"},\"image\":{\"@id\":\"https:\/\/www.semiaridos.org\/noticias\/llegar-al-corazon-las-regiones-semiaridas\/#primaryimage\"},\"thumbnailUrl\":\"https:\/\/www.semiaridos.org\/\/files\/2020\/12\/foto-cisterna.jpg\",\"datePublished\":\"2020-12-10T16:58:24+00:00\",\"author\":{\"@id\":\"https:\/\/www.semiaridos.org\/#\/schema\/person\/4c4cf6a3a8d1bd0c98c84259a5db4998\"},\"breadcrumb\":{\"@id\":\"https:\/\/www.semiaridos.org\/noticias\/llegar-al-corazon-las-regiones-semiaridas\/#breadcrumb\"},\"inLanguage\":\"en-US\",\"potentialAction\":[{\"@type\":\"ReadAction\",\"target\":[\"https:\/\/www.semiaridos.org\/noticias\/llegar-al-corazon-las-regiones-semiaridas\/\"]}]},{\"@type\":\"ImageObject\",\"inLanguage\":\"en-US\",\"@id\":\"https:\/\/www.semiaridos.org\/noticias\/llegar-al-corazon-las-regiones-semiaridas\/#primaryimage\",\"url\":\"https:\/\/www.semiaridos.org\/\/files\/2020\/12\/foto-cisterna.jpg\",\"contentUrl\":\"https:\/\/www.semiaridos.org\/\/files\/2020\/12\/foto-cisterna.jpg\",\"width\":1152,\"height\":864,\"caption\":\"foto cisterna destacada\"},{\"@type\":\"BreadcrumbList\",\"@id\":\"https:\/\/www.semiaridos.org\/noticias\/llegar-al-corazon-las-regiones-semiaridas\/#breadcrumb\",\"itemListElement\":[{\"@type\":\"ListItem\",\"position\":1,\"name\":\"Portada\",\"item\":\"https:\/\/www.semiaridos.org\/en\/\"},{\"@type\":\"ListItem\",\"position\":2,\"name\":\"C\u00f3mo llegar al coraz\u00f3n de las regiones semi\u00e1ridas\"}]},{\"@type\":\"WebSite\",\"@id\":\"https:\/\/www.semiaridos.org\/#website\",\"url\":\"https:\/\/www.semiaridos.org\/\",\"name\":\"Semi\u00e1ridos\",\"description\":\"Otro sitio realizado con WordPress\",\"potentialAction\":[{\"@type\":\"SearchAction\",\"target\":{\"@type\":\"EntryPoint\",\"urlTemplate\":\"https:\/\/www.semiaridos.org\/?s={search_term_string}\"},\"query-input\":{\"@type\":\"PropertyValueSpecification\",\"valueRequired\":true,\"valueName\":\"search_term_string\"}}],\"inLanguage\":\"en-US\"},{\"@type\":\"Person\",\"@id\":\"https:\/\/www.semiaridos.org\/#\/schema\/person\/4c4cf6a3a8d1bd0c98c84259a5db4998\",\"name\":\"Semi\u00e1ridos Plataforma\",\"image\":{\"@type\":\"ImageObject\",\"inLanguage\":\"en-US\",\"@id\":\"https:\/\/www.semiaridos.org\/#\/schema\/person\/image\/\",\"url\":\"https:\/\/secure.gravatar.com\/avatar\/5ebd2905bbcce14afe1f3d0b167c53a55585123b9a8ebca5a6aa909278711be1?s=96&d=identicon&r=g\",\"contentUrl\":\"https:\/\/secure.gravatar.com\/avatar\/5ebd2905bbcce14afe1f3d0b167c53a55585123b9a8ebca5a6aa909278711be1?s=96&d=identicon&r=g\",\"caption\":\"Semi\u00e1ridos Plataforma\"},\"description\":\"Semi\u00e1ridos, iniciativa desarrollada en el marco de la International Land Coalition. Busca atender las problem\u00e1ticas de las zonas semi\u00e1ridas de Am\u00e9ricaLatina\",\"sameAs\":[\"http:\/\/www.semiaridos.org\"]}]}<\/script>\n<!-- \/ Yoast SEO plugin. -->","yoast_head_json":{"title":"C\u00f3mo llegar al coraz\u00f3n de las regiones semi\u00e1ridas - Semi\u00e1ridos","robots":{"index":"index","follow":"follow","max-snippet":"max-snippet:-1","max-image-preview":"max-image-preview:large","max-video-preview":"max-video-preview:-1"},"canonical":"https:\/\/www.semiaridos.org\/noticias\/llegar-al-corazon-las-regiones-semiaridas\/","og_locale":"en_US","og_type":"article","og_title":"C\u00f3mo llegar al coraz\u00f3n de las regiones semi\u00e1ridas - Semi\u00e1ridos","og_description":"Con el fin de compartir experiencias e iniciativas que respondan al interrogante sobre \u00bfC\u00f3mo trabajar a lo largo de los semi\u00e1ridos de Am\u00e9rica Latina? a fines de noviembre la Plataforma Semi\u00e1ridos Am\u00e9rica Latina, organiz\u00f3 una conferencia virtual que cont\u00f3 con la participaci\u00f3n como panelistas de Cristina Do Nascimento, Hardi Vieira, Lautaro Viscay y Gabriel Seghezzo.","og_url":"https:\/\/www.semiaridos.org\/noticias\/llegar-al-corazon-las-regiones-semiaridas\/","og_site_name":"Semi\u00e1ridos","article_published_time":"2020-12-10T16:58:24+00:00","og_image":[{"width":1152,"height":864,"url":"https:\/\/www.semiaridos.org\/\/files\/2020\/12\/foto-cisterna.jpg","type":"image\/jpeg"}],"author":"Semi\u00e1ridos Plataforma","twitter_card":"summary_large_image","twitter_misc":{"Written by":"Semi\u00e1ridos Plataforma","Est. reading time":"2 minutes"},"schema":{"@context":"https:\/\/schema.org","@graph":[{"@type":"WebPage","@id":"https:\/\/www.semiaridos.org\/noticias\/llegar-al-corazon-las-regiones-semiaridas\/","url":"https:\/\/www.semiaridos.org\/noticias\/llegar-al-corazon-las-regiones-semiaridas\/","name":"C\u00f3mo llegar al coraz\u00f3n de las regiones semi\u00e1ridas - Semi\u00e1ridos","isPartOf":{"@id":"https:\/\/www.semiaridos.org\/#website"},"primaryImageOfPage":{"@id":"https:\/\/www.semiaridos.org\/noticias\/llegar-al-corazon-las-regiones-semiaridas\/#primaryimage"},"image":{"@id":"https:\/\/www.semiaridos.org\/noticias\/llegar-al-corazon-las-regiones-semiaridas\/#primaryimage"},"thumbnailUrl":"https:\/\/www.semiaridos.org\/\/files\/2020\/12\/foto-cisterna.jpg","datePublished":"2020-12-10T16:58:24+00:00","author":{"@id":"https:\/\/www.semiaridos.org\/#\/schema\/person\/4c4cf6a3a8d1bd0c98c84259a5db4998"},"breadcrumb":{"@id":"https:\/\/www.semiaridos.org\/noticias\/llegar-al-corazon-las-regiones-semiaridas\/#breadcrumb"},"inLanguage":"en-US","potentialAction":[{"@type":"ReadAction","target":["https:\/\/www.semiaridos.org\/noticias\/llegar-al-corazon-las-regiones-semiaridas\/"]}]},{"@type":"ImageObject","inLanguage":"en-US","@id":"https:\/\/www.semiaridos.org\/noticias\/llegar-al-corazon-las-regiones-semiaridas\/#primaryimage","url":"https:\/\/www.semiaridos.org\/\/files\/2020\/12\/foto-cisterna.jpg","contentUrl":"https:\/\/www.semiaridos.org\/\/files\/2020\/12\/foto-cisterna.jpg","width":1152,"height":864,"caption":"foto cisterna destacada"},{"@type":"BreadcrumbList","@id":"https:\/\/www.semiaridos.org\/noticias\/llegar-al-corazon-las-regiones-semiaridas\/#breadcrumb","itemListElement":[{"@type":"ListItem","position":1,"name":"Portada","item":"https:\/\/www.semiaridos.org\/en\/"},{"@type":"ListItem","position":2,"name":"C\u00f3mo llegar al coraz\u00f3n de las regiones semi\u00e1ridas"}]},{"@type":"WebSite","@id":"https:\/\/www.semiaridos.org\/#website","url":"https:\/\/www.semiaridos.org\/","name":"Semi\u00e1ridos","description":"Otro sitio realizado con WordPress","potentialAction":[{"@type":"SearchAction","target":{"@type":"EntryPoint","urlTemplate":"https:\/\/www.semiaridos.org\/?s={search_term_string}"},"query-input":{"@type":"PropertyValueSpecification","valueRequired":true,"valueName":"search_term_string"}}],"inLanguage":"en-US"},{"@type":"Person","@id":"https:\/\/www.semiaridos.org\/#\/schema\/person\/4c4cf6a3a8d1bd0c98c84259a5db4998","name":"Semi\u00e1ridos Plataforma","image":{"@type":"ImageObject","inLanguage":"en-US","@id":"https:\/\/www.semiaridos.org\/#\/schema\/person\/image\/","url":"https:\/\/secure.gravatar.com\/avatar\/5ebd2905bbcce14afe1f3d0b167c53a55585123b9a8ebca5a6aa909278711be1?s=96&d=identicon&r=g","contentUrl":"https:\/\/secure.gravatar.com\/avatar\/5ebd2905bbcce14afe1f3d0b167c53a55585123b9a8ebca5a6aa909278711be1?s=96&d=identicon&r=g","caption":"Semi\u00e1ridos Plataforma"},"description":"Semi\u00e1ridos, iniciativa desarrollada en el marco de la International Land Coalition. Busca atender las problem\u00e1ticas de las zonas semi\u00e1ridas de Am\u00e9ricaLatina","sameAs":["http:\/\/www.semiaridos.org"]}]}},"_links":{"self":[{"href":"https:\/\/www.semiaridos.org\/en\/wp-json\/wp\/v2\/posts\/1731","targetHints":{"allow":["GET"]}}],"collection":[{"href":"https:\/\/www.semiaridos.org\/en\/wp-json\/wp\/v2\/posts"}],"about":[{"href":"https:\/\/www.semiaridos.org\/en\/wp-json\/wp\/v2\/types\/post"}],"author":[{"embeddable":true,"href":"https:\/\/www.semiaridos.org\/en\/wp-json\/wp\/v2\/users\/4"}],"replies":[{"embeddable":true,"href":"https:\/\/www.semiaridos.org\/en\/wp-json\/wp\/v2\/comments?post=1731"}],"version-history":[{"count":2,"href":"https:\/\/www.semiaridos.org\/en\/wp-json\/wp\/v2\/posts\/1731\/revisions"}],"predecessor-version":[{"id":1734,"href":"https:\/\/www.semiaridos.org\/en\/wp-json\/wp\/v2\/posts\/1731\/revisions\/1734"}],"wp:featuredmedia":[{"embeddable":true,"href":"https:\/\/www.semiaridos.org\/en\/wp-json\/wp\/v2\/media\/1732"}],"wp:attachment":[{"href":"https:\/\/www.semiaridos.org\/en\/wp-json\/wp\/v2\/media?parent=1731"}],"wp:term":[{"taxonomy":"category","embeddable":true,"href":"https:\/\/www.semiaridos.org\/en\/wp-json\/wp\/v2\/categories?post=1731"},{"taxonomy":"post_tag","embeddable":true,"href":"https:\/\/www.semiaridos.org\/en\/wp-json\/wp\/v2\/tags?post=1731"}],"curies":[{"name":"wp","href":"https:\/\/api.w.org\/{rel}","templated":true}]}}