{"id":2661,"date":"2021-10-13T15:23:13","date_gmt":"2021-10-13T18:23:13","guid":{"rendered":"https:\/\/www.semiaridos.org\/?p=2661"},"modified":"2021-10-13T15:34:32","modified_gmt":"2021-10-13T18:34:32","slug":"experiencias-de-las-regiones-semiaridas-en-el-foro-de-la-tierra-2021","status":"publish","type":"post","link":"https:\/\/www.semiaridos.org\/en\/noticias\/experiencias-de-las-regiones-semiaridas-en-el-foro-de-la-tierra-2021\/","title":{"rendered":"Experiencias de las regiones semi\u00e1ridas en el Foro de la Tierra 2021"},"content":{"rendered":"<div class=\"wpb-content-wrapper\"><p>[vc_row css_animation=&#8221;&#8221; row_type=&#8221;row&#8221; use_row_as_full_screen_section=&#8221;no&#8221; type=&#8221;full_width&#8221; angled_section=&#8221;no&#8221; text_align=&#8221;left&#8221; background_image_as_pattern=&#8221;without_pattern&#8221;][vc_column][vc_single_image image=&#8221;2662&#8243; img_size=&#8221;full&#8221; alignment=&#8221;center&#8221; qode_css_animation=&#8221;&#8221;][vc_empty_space][vc_column_text]<\/p>\n<p style=\"font-weight: 400;\">Las regiones semi\u00e1ridas cuentan con una gran cantidad de recursos naturales, valores culturales y sociales que sumado a su rica historia organizativa, posibilitan que tengan un enorme potencial de resiliencia clim\u00e1tica.<\/p>\n<p style=\"font-weight: 400;\">En la Sesi\u00f3n 5 del jueves 14 de octubre del Foro de la Tierra 2021, coorganizada por la Plataforma Semi\u00e1ridos de Am\u00e9rica Latina y en alianza con la Articulaci\u00f3n del Semi\u00e1rido Brasile\u00f1o (ASA) y DAKI Semi\u00e1rido, \u00a0se abordar\u00e1n \u00a0algunas experiencias con soluciones concretas que se est\u00e1n desarrollando en los territorios en relaci\u00f3n al acceso al agua, a pr\u00e1cticas agroecol\u00f3gicas y a la gesti\u00f3n de los recursos naturales, evidenciando sus aportes a los Objetivos de Desarrollo Sostenible (ODS). \u00a0\u00a0Adem\u00e1s se podr\u00e1 conocer la diversidad, complejidad y resiliencia de las \u00e1reas semi\u00e1ridas de Am\u00e9rica Latina.<\/p>\n<p style=\"font-weight: 400;\">No se lo pierdan!<\/p>\n<p style=\"font-weight: 400;\">[Sesi\u00f3n 5] Jueves 14 de octubre \/\u00a009:00 H <strong>Lima, Quito, Bogot\u00e1 y Ciudad de Panam\u00e1<\/strong><\/p>\n<p style=\"font-weight: 400;\"><strong>10:00 h La Paz<\/strong><\/p>\n<p style=\"font-weight: 400;\"><strong>11:00 h Buenos Aires, Montevideo, Asunci\u00f3n y Brasilia<\/strong><\/p>\n<p style=\"font-weight: 400;\"><strong>08:00 h Centroam\u00e9rica<\/strong><\/p>\n<p>&nbsp;<\/p>\n<p>&nbsp;<\/p>\n<p>Puedes inscribirte en: <a href=\"https:\/\/bit.ly\/Inscripci\u00f3n_FdT2021\" target=\"_blank\" rel=\"noopener\">https:\/\/bit.ly\/Inscripci\u00f3n_FdT2021<\/a><\/p>\n<p>\ud83d\udde3\ufe0fSesi\u00f3n en Espa\u00f1ol con traducci\u00f3n simult\u00e1nea al ingl\u00e9s y al portugu\u00e9s[\/vc_column_text][\/vc_column][\/vc_row]<\/p>\n<\/div>","protected":false},"excerpt":{"rendered":"<p>En la Sesi\u00f3n 5 del jueves 14 de octubre del Foro de la Tierra 2021, se abordar\u00e1n experiencias con soluciones concretas que se est\u00e1n desarrollando en los territorios, evidenciando sus aportes a los Objetivos de Desarrollo Sostenible (ODS)<\/p>\n","protected":false},"author":4,"featured_media":2662,"comment_status":"open","ping_status":"open","sticky":false,"template":"","format":"standard","meta":{"footnotes":""},"categories":[14],"tags":[176,196,732,568],"class_list":["post-2661","post","type-post","status-publish","format-standard","has-post-thumbnail","hentry","category-noticias","tag-foro-de-la-tierra","tag-ods","tag-plataforma-semiaridos-pt-br","tag-regiones-semiaridas"],"yoast_head":"<!-- This site is optimized with the Yoast SEO plugin v26.3 - https:\/\/yoast.com\/wordpress\/plugins\/seo\/ -->\n<title>Experiencias de las regiones semi\u00e1ridas en el Foro de la Tierra 2021 - Semi\u00e1ridos<\/title>\n<meta name=\"robots\" content=\"index, follow, max-snippet:-1, max-image-preview:large, max-video-preview:-1\" \/>\n<link rel=\"canonical\" href=\"https:\/\/www.semiaridos.org\/noticias\/experiencias-de-las-regiones-semiaridas-en-el-foro-de-la-tierra-2021\/\" \/>\n<meta property=\"og:locale\" content=\"en_US\" \/>\n<meta property=\"og:type\" content=\"article\" \/>\n<meta property=\"og:title\" content=\"Experiencias de las regiones semi\u00e1ridas en el Foro de la Tierra 2021 - Semi\u00e1ridos\" \/>\n<meta property=\"og:description\" content=\"En la Sesi\u00f3n 5 del jueves 14 de octubre del Foro de la Tierra 2021, se abordar\u00e1n experiencias con soluciones concretas que se est\u00e1n desarrollando en los territorios, evidenciando sus aportes a los Objetivos de Desarrollo Sostenible (ODS)\" \/>\n<meta property=\"og:url\" content=\"https:\/\/www.semiaridos.org\/noticias\/experiencias-de-las-regiones-semiaridas-en-el-foro-de-la-tierra-2021\/\" \/>\n<meta property=\"og:site_name\" content=\"Semi\u00e1ridos\" \/>\n<meta property=\"article:published_time\" content=\"2021-10-13T18:23:13+00:00\" \/>\n<meta property=\"article:modified_time\" content=\"2021-10-13T18:34:32+00:00\" \/>\n<meta property=\"og:image\" content=\"https:\/\/www.semiaridos.org\/\/files\/2021\/10\/Foro-de-la-Tierra.jpg\" \/>\n\t<meta property=\"og:image:width\" content=\"1280\" \/>\n\t<meta property=\"og:image:height\" content=\"640\" \/>\n\t<meta property=\"og:image:type\" content=\"image\/jpeg\" \/>\n<meta name=\"author\" content=\"Semi\u00e1ridos Plataforma\" \/>\n<meta name=\"twitter:card\" content=\"summary_large_image\" \/>\n<meta name=\"twitter:label1\" content=\"Written by\" \/>\n\t<meta name=\"twitter:data1\" content=\"Semi\u00e1ridos Plataforma\" \/>\n\t<meta name=\"twitter:label2\" content=\"Est. reading time\" \/>\n\t<meta name=\"twitter:data2\" content=\"1 minute\" \/>\n<script type=\"application\/ld+json\" class=\"yoast-schema-graph\">{\"@context\":\"https:\/\/schema.org\",\"@graph\":[{\"@type\":\"WebPage\",\"@id\":\"https:\/\/www.semiaridos.org\/noticias\/experiencias-de-las-regiones-semiaridas-en-el-foro-de-la-tierra-2021\/\",\"url\":\"https:\/\/www.semiaridos.org\/noticias\/experiencias-de-las-regiones-semiaridas-en-el-foro-de-la-tierra-2021\/\",\"name\":\"Experiencias de las regiones semi\u00e1ridas en el Foro de la Tierra 2021 - Semi\u00e1ridos\",\"isPartOf\":{\"@id\":\"https:\/\/www.semiaridos.org\/#website\"},\"primaryImageOfPage\":{\"@id\":\"https:\/\/www.semiaridos.org\/noticias\/experiencias-de-las-regiones-semiaridas-en-el-foro-de-la-tierra-2021\/#primaryimage\"},\"image\":{\"@id\":\"https:\/\/www.semiaridos.org\/noticias\/experiencias-de-las-regiones-semiaridas-en-el-foro-de-la-tierra-2021\/#primaryimage\"},\"thumbnailUrl\":\"https:\/\/www.semiaridos.org\/\/files\/2021\/10\/Foro-de-la-Tierra.jpg\",\"datePublished\":\"2021-10-13T18:23:13+00:00\",\"dateModified\":\"2021-10-13T18:34:32+00:00\",\"author\":{\"@id\":\"https:\/\/www.semiaridos.org\/#\/schema\/person\/4c4cf6a3a8d1bd0c98c84259a5db4998\"},\"breadcrumb\":{\"@id\":\"https:\/\/www.semiaridos.org\/noticias\/experiencias-de-las-regiones-semiaridas-en-el-foro-de-la-tierra-2021\/#breadcrumb\"},\"inLanguage\":\"en-US\",\"potentialAction\":[{\"@type\":\"ReadAction\",\"target\":[\"https:\/\/www.semiaridos.org\/noticias\/experiencias-de-las-regiones-semiaridas-en-el-foro-de-la-tierra-2021\/\"]}]},{\"@type\":\"ImageObject\",\"inLanguage\":\"en-US\",\"@id\":\"https:\/\/www.semiaridos.org\/noticias\/experiencias-de-las-regiones-semiaridas-en-el-foro-de-la-tierra-2021\/#primaryimage\",\"url\":\"https:\/\/www.semiaridos.org\/\/files\/2021\/10\/Foro-de-la-Tierra.jpg\",\"contentUrl\":\"https:\/\/www.semiaridos.org\/\/files\/2021\/10\/Foro-de-la-Tierra.jpg\",\"width\":1280,\"height\":640,\"caption\":\"Foro de la Tierra\"},{\"@type\":\"BreadcrumbList\",\"@id\":\"https:\/\/www.semiaridos.org\/noticias\/experiencias-de-las-regiones-semiaridas-en-el-foro-de-la-tierra-2021\/#breadcrumb\",\"itemListElement\":[{\"@type\":\"ListItem\",\"position\":1,\"name\":\"Portada\",\"item\":\"https:\/\/www.semiaridos.org\/en\/\"},{\"@type\":\"ListItem\",\"position\":2,\"name\":\"Experiencias de las regiones semi\u00e1ridas en el Foro de la Tierra 2021\"}]},{\"@type\":\"WebSite\",\"@id\":\"https:\/\/www.semiaridos.org\/#website\",\"url\":\"https:\/\/www.semiaridos.org\/\",\"name\":\"Semi\u00e1ridos\",\"description\":\"Otro sitio realizado con WordPress\",\"potentialAction\":[{\"@type\":\"SearchAction\",\"target\":{\"@type\":\"EntryPoint\",\"urlTemplate\":\"https:\/\/www.semiaridos.org\/?s={search_term_string}\"},\"query-input\":{\"@type\":\"PropertyValueSpecification\",\"valueRequired\":true,\"valueName\":\"search_term_string\"}}],\"inLanguage\":\"en-US\"},{\"@type\":\"Person\",\"@id\":\"https:\/\/www.semiaridos.org\/#\/schema\/person\/4c4cf6a3a8d1bd0c98c84259a5db4998\",\"name\":\"Semi\u00e1ridos Plataforma\",\"image\":{\"@type\":\"ImageObject\",\"inLanguage\":\"en-US\",\"@id\":\"https:\/\/www.semiaridos.org\/#\/schema\/person\/image\/\",\"url\":\"https:\/\/secure.gravatar.com\/avatar\/5ebd2905bbcce14afe1f3d0b167c53a55585123b9a8ebca5a6aa909278711be1?s=96&d=identicon&r=g\",\"contentUrl\":\"https:\/\/secure.gravatar.com\/avatar\/5ebd2905bbcce14afe1f3d0b167c53a55585123b9a8ebca5a6aa909278711be1?s=96&d=identicon&r=g\",\"caption\":\"Semi\u00e1ridos Plataforma\"},\"description\":\"Semi\u00e1ridos, iniciativa desarrollada en el marco de la International Land Coalition. Busca atender las problem\u00e1ticas de las zonas semi\u00e1ridas de Am\u00e9ricaLatina\",\"sameAs\":[\"http:\/\/www.semiaridos.org\"]}]}<\/script>\n<!-- \/ Yoast SEO plugin. -->","yoast_head_json":{"title":"Experiencias de las regiones semi\u00e1ridas en el Foro de la Tierra 2021 - Semi\u00e1ridos","robots":{"index":"index","follow":"follow","max-snippet":"max-snippet:-1","max-image-preview":"max-image-preview:large","max-video-preview":"max-video-preview:-1"},"canonical":"https:\/\/www.semiaridos.org\/noticias\/experiencias-de-las-regiones-semiaridas-en-el-foro-de-la-tierra-2021\/","og_locale":"en_US","og_type":"article","og_title":"Experiencias de las regiones semi\u00e1ridas en el Foro de la Tierra 2021 - Semi\u00e1ridos","og_description":"En la Sesi\u00f3n 5 del jueves 14 de octubre del Foro de la Tierra 2021, se abordar\u00e1n experiencias con soluciones concretas que se est\u00e1n desarrollando en los territorios, evidenciando sus aportes a los Objetivos de Desarrollo Sostenible (ODS)","og_url":"https:\/\/www.semiaridos.org\/noticias\/experiencias-de-las-regiones-semiaridas-en-el-foro-de-la-tierra-2021\/","og_site_name":"Semi\u00e1ridos","article_published_time":"2021-10-13T18:23:13+00:00","article_modified_time":"2021-10-13T18:34:32+00:00","og_image":[{"width":1280,"height":640,"url":"https:\/\/www.semiaridos.org\/\/files\/2021\/10\/Foro-de-la-Tierra.jpg","type":"image\/jpeg"}],"author":"Semi\u00e1ridos Plataforma","twitter_card":"summary_large_image","twitter_misc":{"Written by":"Semi\u00e1ridos Plataforma","Est. reading time":"1 minute"},"schema":{"@context":"https:\/\/schema.org","@graph":[{"@type":"WebPage","@id":"https:\/\/www.semiaridos.org\/noticias\/experiencias-de-las-regiones-semiaridas-en-el-foro-de-la-tierra-2021\/","url":"https:\/\/www.semiaridos.org\/noticias\/experiencias-de-las-regiones-semiaridas-en-el-foro-de-la-tierra-2021\/","name":"Experiencias de las regiones semi\u00e1ridas en el Foro de la Tierra 2021 - Semi\u00e1ridos","isPartOf":{"@id":"https:\/\/www.semiaridos.org\/#website"},"primaryImageOfPage":{"@id":"https:\/\/www.semiaridos.org\/noticias\/experiencias-de-las-regiones-semiaridas-en-el-foro-de-la-tierra-2021\/#primaryimage"},"image":{"@id":"https:\/\/www.semiaridos.org\/noticias\/experiencias-de-las-regiones-semiaridas-en-el-foro-de-la-tierra-2021\/#primaryimage"},"thumbnailUrl":"https:\/\/www.semiaridos.org\/\/files\/2021\/10\/Foro-de-la-Tierra.jpg","datePublished":"2021-10-13T18:23:13+00:00","dateModified":"2021-10-13T18:34:32+00:00","author":{"@id":"https:\/\/www.semiaridos.org\/#\/schema\/person\/4c4cf6a3a8d1bd0c98c84259a5db4998"},"breadcrumb":{"@id":"https:\/\/www.semiaridos.org\/noticias\/experiencias-de-las-regiones-semiaridas-en-el-foro-de-la-tierra-2021\/#breadcrumb"},"inLanguage":"en-US","potentialAction":[{"@type":"ReadAction","target":["https:\/\/www.semiaridos.org\/noticias\/experiencias-de-las-regiones-semiaridas-en-el-foro-de-la-tierra-2021\/"]}]},{"@type":"ImageObject","inLanguage":"en-US","@id":"https:\/\/www.semiaridos.org\/noticias\/experiencias-de-las-regiones-semiaridas-en-el-foro-de-la-tierra-2021\/#primaryimage","url":"https:\/\/www.semiaridos.org\/\/files\/2021\/10\/Foro-de-la-Tierra.jpg","contentUrl":"https:\/\/www.semiaridos.org\/\/files\/2021\/10\/Foro-de-la-Tierra.jpg","width":1280,"height":640,"caption":"Foro de la Tierra"},{"@type":"BreadcrumbList","@id":"https:\/\/www.semiaridos.org\/noticias\/experiencias-de-las-regiones-semiaridas-en-el-foro-de-la-tierra-2021\/#breadcrumb","itemListElement":[{"@type":"ListItem","position":1,"name":"Portada","item":"https:\/\/www.semiaridos.org\/en\/"},{"@type":"ListItem","position":2,"name":"Experiencias de las regiones semi\u00e1ridas en el Foro de la Tierra 2021"}]},{"@type":"WebSite","@id":"https:\/\/www.semiaridos.org\/#website","url":"https:\/\/www.semiaridos.org\/","name":"Semi\u00e1ridos","description":"Otro sitio realizado con WordPress","potentialAction":[{"@type":"SearchAction","target":{"@type":"EntryPoint","urlTemplate":"https:\/\/www.semiaridos.org\/?s={search_term_string}"},"query-input":{"@type":"PropertyValueSpecification","valueRequired":true,"valueName":"search_term_string"}}],"inLanguage":"en-US"},{"@type":"Person","@id":"https:\/\/www.semiaridos.org\/#\/schema\/person\/4c4cf6a3a8d1bd0c98c84259a5db4998","name":"Semi\u00e1ridos Plataforma","image":{"@type":"ImageObject","inLanguage":"en-US","@id":"https:\/\/www.semiaridos.org\/#\/schema\/person\/image\/","url":"https:\/\/secure.gravatar.com\/avatar\/5ebd2905bbcce14afe1f3d0b167c53a55585123b9a8ebca5a6aa909278711be1?s=96&d=identicon&r=g","contentUrl":"https:\/\/secure.gravatar.com\/avatar\/5ebd2905bbcce14afe1f3d0b167c53a55585123b9a8ebca5a6aa909278711be1?s=96&d=identicon&r=g","caption":"Semi\u00e1ridos Plataforma"},"description":"Semi\u00e1ridos, iniciativa desarrollada en el marco de la International Land Coalition. Busca atender las problem\u00e1ticas de las zonas semi\u00e1ridas de Am\u00e9ricaLatina","sameAs":["http:\/\/www.semiaridos.org"]}]}},"_links":{"self":[{"href":"https:\/\/www.semiaridos.org\/en\/wp-json\/wp\/v2\/posts\/2661","targetHints":{"allow":["GET"]}}],"collection":[{"href":"https:\/\/www.semiaridos.org\/en\/wp-json\/wp\/v2\/posts"}],"about":[{"href":"https:\/\/www.semiaridos.org\/en\/wp-json\/wp\/v2\/types\/post"}],"author":[{"embeddable":true,"href":"https:\/\/www.semiaridos.org\/en\/wp-json\/wp\/v2\/users\/4"}],"replies":[{"embeddable":true,"href":"https:\/\/www.semiaridos.org\/en\/wp-json\/wp\/v2\/comments?post=2661"}],"version-history":[{"count":4,"href":"https:\/\/www.semiaridos.org\/en\/wp-json\/wp\/v2\/posts\/2661\/revisions"}],"predecessor-version":[{"id":2668,"href":"https:\/\/www.semiaridos.org\/en\/wp-json\/wp\/v2\/posts\/2661\/revisions\/2668"}],"wp:featuredmedia":[{"embeddable":true,"href":"https:\/\/www.semiaridos.org\/en\/wp-json\/wp\/v2\/media\/2662"}],"wp:attachment":[{"href":"https:\/\/www.semiaridos.org\/en\/wp-json\/wp\/v2\/media?parent=2661"}],"wp:term":[{"taxonomy":"category","embeddable":true,"href":"https:\/\/www.semiaridos.org\/en\/wp-json\/wp\/v2\/categories?post=2661"},{"taxonomy":"post_tag","embeddable":true,"href":"https:\/\/www.semiaridos.org\/en\/wp-json\/wp\/v2\/tags?post=2661"}],"curies":[{"name":"wp","href":"https:\/\/api.w.org\/{rel}","templated":true}]}}