{"id":2670,"date":"2021-10-25T13:03:53","date_gmt":"2021-10-25T16:03:53","guid":{"rendered":"https:\/\/www.semiaridos.org\/?p=2670"},"modified":"2021-10-25T13:03:53","modified_gmt":"2021-10-25T16:03:53","slug":"aportes-regionales-de-la-plataforma-semiaridos","status":"publish","type":"post","link":"https:\/\/www.semiaridos.org\/en\/noticias\/aportes-regionales-de-la-plataforma-semiaridos\/","title":{"rendered":"Aportes regionales de la Plataforma Semi\u00e1ridos"},"content":{"rendered":"<div class=\"wpb-content-wrapper\"><p>[vc_row css_animation=&#8221;&#8221; row_type=&#8221;row&#8221; use_row_as_full_screen_section=&#8221;no&#8221; type=&#8221;full_width&#8221; angled_section=&#8221;no&#8221; text_align=&#8221;left&#8221; background_image_as_pattern=&#8221;without_pattern&#8221;][vc_column][vc_column_text]<\/p>\n<p style=\"font-weight: 400;\">La Plataforma Semi\u00e1ridos de Am\u00e9rica Latina fue creada en 2013 con el apoyo de la International Land Coalition (ILC- ALC) \u00a0con el objetivo de mejorar las condiciones de vida de las comunidades ind\u00edgenas, campesinas y afrodescendientes de las regiones semi\u00e1ridas de Am\u00e9rica Latina.<\/p>\n<p style=\"font-weight: 400;\">Desde su creaci\u00f3n las instituciones y organizaciones que la integran fueron desarrollando procesos que incluyen la gesti\u00f3n del conocimiento y el intercambio de saberes, la realizaci\u00f3n de inversiones prediales con fondos p\u00fablicos y privados, el fortalecimiento de las organizaciones sociales orientadas a la incidencia, y la elaboraci\u00f3n de propuestas de pol\u00edticas p\u00fablicas, entre otras acciones. Todas ellas basadas en un enfoque de convivencia con los ecosistemas semi\u00e1ridos y manteniendo una perspectiva generacional y de g\u00e9nero.<\/p>\n<p style=\"font-weight: 400;\">Actualmente la Plataforma est\u00e1 conformada por 16 organizaciones miembros y no miembros de la ILC, de 10 pa\u00edses de la regi\u00f3n, entre las que se encuentran organizaciones de base representativas de mujeres, campesinos e ind\u00edgenas.<\/p>\n<p style=\"font-weight: 400;\">Recientemente la ILC present\u00f3 un documento estrat\u00e9gico llamado\u00a0<strong><em>An\u00e1lisis de Contribuci\u00f3n de la Plataforma Semi\u00e1ridos Am\u00e9rica Latina<\/em><\/strong>, en el que identifica el impacto que tiene esta iniciativa con respecto a cambios en las pol\u00edticas p\u00fablicas, en pr\u00e1cticas de gobierno y en las capacidades de los propios miembros de la Plataforma.<\/p>\n<p>[\/vc_column_text][vc_column_text]Algunos de los logros que se destacan son:<\/p>\n<ul>\n<li><strong>\u00a0Influye en las pol\u00edticas sobre tierras y acceso al agua<\/strong>. Esto se vio reflejado en la sanci\u00f3n y promulgaci\u00f3n de la &#8220;Ley de Acceso y Gesti\u00f3n al Agua&#8221; para zonas semi\u00e1ridas de la provincia de Salta, Argentina. Gracias a esta ley, todas las obras de infraestructura p\u00fablica de zonas rurales secas contar\u00e1n con cisternas de captaci\u00f3n de agua en la provincia de Salta, pudiendo beneficiar a las 2,500 familias campesinas del semi\u00e1rido chaque\u00f1o provincial y a 5,000 familias ind\u00edgenas. Pero, adem\u00e1s, la ley puede alcanzar a otras 30,000 familias de otras zonas semi\u00e1ridas y \u00e1ridas de la provincia.<\/li>\n<li><strong>Promueve cambios en las pol\u00edticas p\u00fablicas.<\/strong> Logr\u00f3 establecer mesas de negociaci\u00f3n para el acceso al agua (Mesas de Agua) y la gesti\u00f3n territorial en Argentina, Bolivia, Paraguay y Venezuela con la participaci\u00f3n de sus respectivos gobiernos.<\/li>\n<li><strong>Fortalece su capacidad de transformaci\u00f3n<\/strong>. Se posicion\u00f3 frente a actores del \u00e1mbito pol\u00edtico y social en distintos pa\u00edses. En Centroam\u00e9rica tuvo \u00e9xito en el involucramiento de representantes de los gobiernos en los Foros Regionales llevados a cabo, como el Foro de Cambio Clim\u00e1tico, con la participaci\u00f3n de funcionarios del Plan Trifinio y su Secretar\u00eda Ejecutiva, organismo que integra a los gobiernos de Honduras, Guatemala y El Salvador. Estos espacios tuvieron como objetivo formular una hoja de ruta para la adaptabilidad al cambio clim\u00e1tico en Am\u00e9rica Latina, con la participaci\u00f3n de organizaciones sociales y de base.<\/li>\n<\/ul>\n<p>[\/vc_column_text][vc_empty_space][vc_column_text]<\/p>\n<p style=\"font-weight: 400;\"><strong>Principales desaf\u00edos<\/strong><\/p>\n<p style=\"font-weight: 400;\">En otro orden, en el documento de la ILC se se\u00f1ala que entre los desaf\u00edos externos a los que se ha enfrentado la Plataforma en los \u00faltimos a\u00f1os, &#8220;la COVID-19 es uno de los m\u00e1s importantes ya que obliga a la plataforma a contribuir con la atenci\u00f3n de emergencia a la poblaci\u00f3n rural, y al mismo tiempo mantiene su programaci\u00f3n anual, teniendo que adaptarse a nuevas modalidades de trabajo. A ello se suma el contexto pol\u00edtico de los diferentes pa\u00edses que a menudo pone obst\u00e1culos a las propuestas en favor de la agricultura familiar y de los derechos de las poblaciones rurales a la tierra y los recursos naturales&#8221;.<\/p>\n<p style=\"font-weight: 400;\">En cuanto a las\u00a0<strong>lecciones aprendidas,<\/strong>\u00a0se desataca que un\u00a0<strong>trabajo de incidencia local exitoso requiere ser validado y sostenido por experiencias basadas en los territorios<\/strong>, que a su vez sean fruto de acuerdos multisectoriales e, incluso, internacionales. En ese sentido, la solidez y permanencia de la acci\u00f3n territorial por parte de los miembros y aliados de Semi\u00e1ridos han sido centrales.<\/p>\n<p>[\/vc_column_text][\/vc_column][\/vc_row]<\/p>\n<\/div>","protected":false},"excerpt":{"rendered":"<p>La Plataforma Semi\u00e1ridos de Am\u00e9rica Latina fue creada en 2013 con el apoyo de la International Land Coalition (ILC- ALC)  con el objetivo de mejorar las condiciones de vida de las comunidades ind\u00edgenas, campesinas y afrodescendientes de las regiones semi\u00e1ridas de Am\u00e9rica Latina.<\/p>\n","protected":false},"author":4,"featured_media":2671,"comment_status":"open","ping_status":"open","sticky":false,"template":"","format":"standard","meta":{"footnotes":""},"categories":[14],"tags":[350,735,717,186,718,732],"class_list":["post-2670","post","type-post","status-publish","format-standard","has-post-thumbnail","hentry","category-noticias","tag-acceso-a-la-tierra","tag-acceso-al-agua-pt-br","tag-desafios","tag-ilc-alc","tag-incidencia-politica","tag-plataforma-semiaridos-pt-br"],"yoast_head":"<!-- This site is optimized with the Yoast SEO plugin v26.3 - https:\/\/yoast.com\/wordpress\/plugins\/seo\/ -->\n<title>Aportes regionales de la Plataforma Semi\u00e1ridos - Semi\u00e1ridos<\/title>\n<meta name=\"robots\" content=\"index, follow, max-snippet:-1, max-image-preview:large, max-video-preview:-1\" \/>\n<link rel=\"canonical\" href=\"https:\/\/www.semiaridos.org\/en\/news\/aportes-regionales-de-la-plataforma-semiaridos\/\" \/>\n<meta property=\"og:locale\" content=\"en_US\" \/>\n<meta property=\"og:type\" content=\"article\" \/>\n<meta property=\"og:title\" content=\"Aportes regionales de la Plataforma Semi\u00e1ridos - Semi\u00e1ridos\" \/>\n<meta property=\"og:description\" content=\"La Plataforma Semi\u00e1ridos de Am\u00e9rica Latina fue creada en 2013 con el apoyo de la International Land Coalition (ILC- ALC) con el objetivo de mejorar las condiciones de vida de las comunidades ind\u00edgenas, campesinas y afrodescendientes de las regiones semi\u00e1ridas de Am\u00e9rica Latina.\" \/>\n<meta property=\"og:url\" content=\"https:\/\/www.semiaridos.org\/en\/news\/aportes-regionales-de-la-plataforma-semiaridos\/\" \/>\n<meta property=\"og:site_name\" content=\"Semi\u00e1ridos\" \/>\n<meta property=\"article:published_time\" content=\"2021-10-25T16:03:53+00:00\" \/>\n<meta property=\"og:image\" content=\"https:\/\/www.semiaridos.org\/\/files\/2021\/10\/cisterna-mujer-Arg.jpg\" \/>\n\t<meta property=\"og:image:width\" content=\"526\" \/>\n\t<meta property=\"og:image:height\" content=\"526\" \/>\n\t<meta property=\"og:image:type\" content=\"image\/jpeg\" \/>\n<meta name=\"author\" content=\"Semi\u00e1ridos Plataforma\" \/>\n<meta name=\"twitter:card\" content=\"summary_large_image\" \/>\n<meta name=\"twitter:label1\" content=\"Written by\" \/>\n\t<meta name=\"twitter:data1\" content=\"Semi\u00e1ridos Plataforma\" \/>\n\t<meta name=\"twitter:label2\" content=\"Est. reading time\" \/>\n\t<meta name=\"twitter:data2\" content=\"3 minutes\" \/>\n<script type=\"application\/ld+json\" class=\"yoast-schema-graph\">{\"@context\":\"https:\/\/schema.org\",\"@graph\":[{\"@type\":\"WebPage\",\"@id\":\"https:\/\/www.semiaridos.org\/en\/news\/aportes-regionales-de-la-plataforma-semiaridos\/\",\"url\":\"https:\/\/www.semiaridos.org\/en\/news\/aportes-regionales-de-la-plataforma-semiaridos\/\",\"name\":\"Aportes regionales de la Plataforma Semi\u00e1ridos - Semi\u00e1ridos\",\"isPartOf\":{\"@id\":\"https:\/\/www.semiaridos.org\/#website\"},\"primaryImageOfPage\":{\"@id\":\"https:\/\/www.semiaridos.org\/en\/news\/aportes-regionales-de-la-plataforma-semiaridos\/#primaryimage\"},\"image\":{\"@id\":\"https:\/\/www.semiaridos.org\/en\/news\/aportes-regionales-de-la-plataforma-semiaridos\/#primaryimage\"},\"thumbnailUrl\":\"https:\/\/www.semiaridos.org\/\/files\/2021\/10\/cisterna-mujer-Arg.jpg\",\"datePublished\":\"2021-10-25T16:03:53+00:00\",\"author\":{\"@id\":\"https:\/\/www.semiaridos.org\/#\/schema\/person\/4c4cf6a3a8d1bd0c98c84259a5db4998\"},\"breadcrumb\":{\"@id\":\"https:\/\/www.semiaridos.org\/en\/news\/aportes-regionales-de-la-plataforma-semiaridos\/#breadcrumb\"},\"inLanguage\":\"en-US\",\"potentialAction\":[{\"@type\":\"ReadAction\",\"target\":[\"https:\/\/www.semiaridos.org\/en\/news\/aportes-regionales-de-la-plataforma-semiaridos\/\"]}]},{\"@type\":\"ImageObject\",\"inLanguage\":\"en-US\",\"@id\":\"https:\/\/www.semiaridos.org\/en\/news\/aportes-regionales-de-la-plataforma-semiaridos\/#primaryimage\",\"url\":\"https:\/\/www.semiaridos.org\/\/files\/2021\/10\/cisterna-mujer-Arg.jpg\",\"contentUrl\":\"https:\/\/www.semiaridos.org\/\/files\/2021\/10\/cisterna-mujer-Arg.jpg\",\"width\":526,\"height\":526,\"caption\":\"cisterna mujer Arg\"},{\"@type\":\"BreadcrumbList\",\"@id\":\"https:\/\/www.semiaridos.org\/en\/news\/aportes-regionales-de-la-plataforma-semiaridos\/#breadcrumb\",\"itemListElement\":[{\"@type\":\"ListItem\",\"position\":1,\"name\":\"Portada\",\"item\":\"https:\/\/www.semiaridos.org\/en\/\"},{\"@type\":\"ListItem\",\"position\":2,\"name\":\"Aportes regionales de la Plataforma Semi\u00e1ridos\"}]},{\"@type\":\"WebSite\",\"@id\":\"https:\/\/www.semiaridos.org\/#website\",\"url\":\"https:\/\/www.semiaridos.org\/\",\"name\":\"Semi\u00e1ridos\",\"description\":\"Otro sitio realizado con WordPress\",\"potentialAction\":[{\"@type\":\"SearchAction\",\"target\":{\"@type\":\"EntryPoint\",\"urlTemplate\":\"https:\/\/www.semiaridos.org\/?s={search_term_string}\"},\"query-input\":{\"@type\":\"PropertyValueSpecification\",\"valueRequired\":true,\"valueName\":\"search_term_string\"}}],\"inLanguage\":\"en-US\"},{\"@type\":\"Person\",\"@id\":\"https:\/\/www.semiaridos.org\/#\/schema\/person\/4c4cf6a3a8d1bd0c98c84259a5db4998\",\"name\":\"Semi\u00e1ridos Plataforma\",\"image\":{\"@type\":\"ImageObject\",\"inLanguage\":\"en-US\",\"@id\":\"https:\/\/www.semiaridos.org\/#\/schema\/person\/image\/\",\"url\":\"https:\/\/secure.gravatar.com\/avatar\/5ebd2905bbcce14afe1f3d0b167c53a55585123b9a8ebca5a6aa909278711be1?s=96&d=identicon&r=g\",\"contentUrl\":\"https:\/\/secure.gravatar.com\/avatar\/5ebd2905bbcce14afe1f3d0b167c53a55585123b9a8ebca5a6aa909278711be1?s=96&d=identicon&r=g\",\"caption\":\"Semi\u00e1ridos Plataforma\"},\"description\":\"Semi\u00e1ridos, iniciativa desarrollada en el marco de la International Land Coalition. Busca atender las problem\u00e1ticas de las zonas semi\u00e1ridas de Am\u00e9ricaLatina\",\"sameAs\":[\"http:\/\/www.semiaridos.org\"]}]}<\/script>\n<!-- \/ Yoast SEO plugin. -->","yoast_head_json":{"title":"Aportes regionales de la Plataforma Semi\u00e1ridos - Semi\u00e1ridos","robots":{"index":"index","follow":"follow","max-snippet":"max-snippet:-1","max-image-preview":"max-image-preview:large","max-video-preview":"max-video-preview:-1"},"canonical":"https:\/\/www.semiaridos.org\/en\/news\/aportes-regionales-de-la-plataforma-semiaridos\/","og_locale":"en_US","og_type":"article","og_title":"Aportes regionales de la Plataforma Semi\u00e1ridos - Semi\u00e1ridos","og_description":"La Plataforma Semi\u00e1ridos de Am\u00e9rica Latina fue creada en 2013 con el apoyo de la International Land Coalition (ILC- ALC) con el objetivo de mejorar las condiciones de vida de las comunidades ind\u00edgenas, campesinas y afrodescendientes de las regiones semi\u00e1ridas de Am\u00e9rica Latina.","og_url":"https:\/\/www.semiaridos.org\/en\/news\/aportes-regionales-de-la-plataforma-semiaridos\/","og_site_name":"Semi\u00e1ridos","article_published_time":"2021-10-25T16:03:53+00:00","og_image":[{"width":526,"height":526,"url":"https:\/\/www.semiaridos.org\/\/files\/2021\/10\/cisterna-mujer-Arg.jpg","type":"image\/jpeg"}],"author":"Semi\u00e1ridos Plataforma","twitter_card":"summary_large_image","twitter_misc":{"Written by":"Semi\u00e1ridos Plataforma","Est. reading time":"3 minutes"},"schema":{"@context":"https:\/\/schema.org","@graph":[{"@type":"WebPage","@id":"https:\/\/www.semiaridos.org\/en\/news\/aportes-regionales-de-la-plataforma-semiaridos\/","url":"https:\/\/www.semiaridos.org\/en\/news\/aportes-regionales-de-la-plataforma-semiaridos\/","name":"Aportes regionales de la Plataforma Semi\u00e1ridos - Semi\u00e1ridos","isPartOf":{"@id":"https:\/\/www.semiaridos.org\/#website"},"primaryImageOfPage":{"@id":"https:\/\/www.semiaridos.org\/en\/news\/aportes-regionales-de-la-plataforma-semiaridos\/#primaryimage"},"image":{"@id":"https:\/\/www.semiaridos.org\/en\/news\/aportes-regionales-de-la-plataforma-semiaridos\/#primaryimage"},"thumbnailUrl":"https:\/\/www.semiaridos.org\/\/files\/2021\/10\/cisterna-mujer-Arg.jpg","datePublished":"2021-10-25T16:03:53+00:00","author":{"@id":"https:\/\/www.semiaridos.org\/#\/schema\/person\/4c4cf6a3a8d1bd0c98c84259a5db4998"},"breadcrumb":{"@id":"https:\/\/www.semiaridos.org\/en\/news\/aportes-regionales-de-la-plataforma-semiaridos\/#breadcrumb"},"inLanguage":"en-US","potentialAction":[{"@type":"ReadAction","target":["https:\/\/www.semiaridos.org\/en\/news\/aportes-regionales-de-la-plataforma-semiaridos\/"]}]},{"@type":"ImageObject","inLanguage":"en-US","@id":"https:\/\/www.semiaridos.org\/en\/news\/aportes-regionales-de-la-plataforma-semiaridos\/#primaryimage","url":"https:\/\/www.semiaridos.org\/\/files\/2021\/10\/cisterna-mujer-Arg.jpg","contentUrl":"https:\/\/www.semiaridos.org\/\/files\/2021\/10\/cisterna-mujer-Arg.jpg","width":526,"height":526,"caption":"cisterna mujer Arg"},{"@type":"BreadcrumbList","@id":"https:\/\/www.semiaridos.org\/en\/news\/aportes-regionales-de-la-plataforma-semiaridos\/#breadcrumb","itemListElement":[{"@type":"ListItem","position":1,"name":"Portada","item":"https:\/\/www.semiaridos.org\/en\/"},{"@type":"ListItem","position":2,"name":"Aportes regionales de la Plataforma Semi\u00e1ridos"}]},{"@type":"WebSite","@id":"https:\/\/www.semiaridos.org\/#website","url":"https:\/\/www.semiaridos.org\/","name":"Semi\u00e1ridos","description":"Otro sitio realizado con WordPress","potentialAction":[{"@type":"SearchAction","target":{"@type":"EntryPoint","urlTemplate":"https:\/\/www.semiaridos.org\/?s={search_term_string}"},"query-input":{"@type":"PropertyValueSpecification","valueRequired":true,"valueName":"search_term_string"}}],"inLanguage":"en-US"},{"@type":"Person","@id":"https:\/\/www.semiaridos.org\/#\/schema\/person\/4c4cf6a3a8d1bd0c98c84259a5db4998","name":"Semi\u00e1ridos Plataforma","image":{"@type":"ImageObject","inLanguage":"en-US","@id":"https:\/\/www.semiaridos.org\/#\/schema\/person\/image\/","url":"https:\/\/secure.gravatar.com\/avatar\/5ebd2905bbcce14afe1f3d0b167c53a55585123b9a8ebca5a6aa909278711be1?s=96&d=identicon&r=g","contentUrl":"https:\/\/secure.gravatar.com\/avatar\/5ebd2905bbcce14afe1f3d0b167c53a55585123b9a8ebca5a6aa909278711be1?s=96&d=identicon&r=g","caption":"Semi\u00e1ridos Plataforma"},"description":"Semi\u00e1ridos, iniciativa desarrollada en el marco de la International Land Coalition. Busca atender las problem\u00e1ticas de las zonas semi\u00e1ridas de Am\u00e9ricaLatina","sameAs":["http:\/\/www.semiaridos.org"]}]}},"_links":{"self":[{"href":"https:\/\/www.semiaridos.org\/en\/wp-json\/wp\/v2\/posts\/2670","targetHints":{"allow":["GET"]}}],"collection":[{"href":"https:\/\/www.semiaridos.org\/en\/wp-json\/wp\/v2\/posts"}],"about":[{"href":"https:\/\/www.semiaridos.org\/en\/wp-json\/wp\/v2\/types\/post"}],"author":[{"embeddable":true,"href":"https:\/\/www.semiaridos.org\/en\/wp-json\/wp\/v2\/users\/4"}],"replies":[{"embeddable":true,"href":"https:\/\/www.semiaridos.org\/en\/wp-json\/wp\/v2\/comments?post=2670"}],"version-history":[{"count":3,"href":"https:\/\/www.semiaridos.org\/en\/wp-json\/wp\/v2\/posts\/2670\/revisions"}],"predecessor-version":[{"id":2676,"href":"https:\/\/www.semiaridos.org\/en\/wp-json\/wp\/v2\/posts\/2670\/revisions\/2676"}],"wp:featuredmedia":[{"embeddable":true,"href":"https:\/\/www.semiaridos.org\/en\/wp-json\/wp\/v2\/media\/2671"}],"wp:attachment":[{"href":"https:\/\/www.semiaridos.org\/en\/wp-json\/wp\/v2\/media?parent=2670"}],"wp:term":[{"taxonomy":"category","embeddable":true,"href":"https:\/\/www.semiaridos.org\/en\/wp-json\/wp\/v2\/categories?post=2670"},{"taxonomy":"post_tag","embeddable":true,"href":"https:\/\/www.semiaridos.org\/en\/wp-json\/wp\/v2\/tags?post=2670"}],"curies":[{"name":"wp","href":"https:\/\/api.w.org\/{rel}","templated":true}]}}