{"id":2879,"date":"2022-12-19T19:23:51","date_gmt":"2022-12-19T22:23:51","guid":{"rendered":"https:\/\/www.semiaridos.org\/?p=2879"},"modified":"2022-12-19T19:23:51","modified_gmt":"2022-12-19T22:23:51","slug":"la-plataforma-semiaridos-participo-en-la-reaf-chile-2022","status":"publish","type":"post","link":"https:\/\/www.semiaridos.org\/en\/news\/la-plataforma-semiaridos-participo-en-la-reaf-chile-2022\/","title":{"rendered":"La Plataforma Semiaridos participo en la REAF Chile 2022"},"content":{"rendered":"<div class=\"wpb-content-wrapper\"><p>[vc_row css_animation=&#8221;&#8221; row_type=&#8221;row&#8221; use_row_as_full_screen_section=&#8221;no&#8221; type=&#8221;full_width&#8221; angled_section=&#8221;no&#8221; text_align=&#8221;left&#8221; background_image_as_pattern=&#8221;without_pattern&#8221;][vc_column][vc_column_text]<em>Por Roc\u00edo Castillo\/Fundaci\u00f3n Hugo|Plataforma Semi\u00e1ridos<\/em><\/p>\n<p>La II Conferencia de Agricultura Familiar del Mercosur Ampliado se celebr\u00f3 en Santiago (Chile) del 5 al 7 de diciembre y la Plataforma Semi\u00e1ridos de Am\u00e9rica Latina estuvo presente. Gabriel Seghezzo, Secretario Ejecutivo de la Plataforma Semi\u00e1ridos y Eddie Ram\u00edrez, Presidente de la Fundaci\u00f3n HUGO, miembro paraguayo de la Plataforma, participaron de la II Conferencia que se llev\u00f3 a cabo en la sede de la Oficina Regional de la FAO RLC.<\/p>\n<p>La Reuni\u00f3n Especializada de Agricultura Familiar del Mercado Com\u00fan del Sur (REAF\/MERCOSUR) construye pol\u00edticas en dialogo, lo hace desde sus inicios, y el Decenio de la Agricultura Familiar es una oportunidad para reafirmar las pol\u00edticas existentes, escalar y generar agendas de innovaci\u00f3n que potencien a la AF de la regi\u00f3n.<\/p>\n<p>En esta oportunidad las delegaciones que integran la REAF se han propuesto\u00a0 impulsar un debate amplio sobre la Implementaci\u00f3n del Decenio de la AF en el Mercosur Ampliado, sentando las bases para una estrategia consensuada de desarrollo para la AF en la regi\u00f3n, con el compromiso de los Estados de avanzar en un Plan Subregional y estimular los Planes Nacionales. Tambi\u00e9n se propusieron revisar y repensar las estrategias e instrumentos de pol\u00edticas, comprendiendo sus limitaciones y potencialidades; y replantear las bases orientadoras\u00a0 para poder proyectar una nueva agenda con mayores y robustos acuerdos interinstitucionales, multidimensionales, multiactores, de gobernanza \u00e1gil.<\/p>\n<p>Se destac\u00f3 la necesidad de que la agricultura familiar encienda sus motores y acelere su respuesta contributiva para enfrentar \u00a0los enormes desaf\u00edos de nuestras sociedades y el cumplimiento de los ODS.[\/vc_column_text][vc_empty_space][vc_single_image image=&#8221;2885&#8243; img_size=&#8221;full&#8221; alignment=&#8221;center&#8221; qode_css_animation=&#8221;&#8221;][vc_empty_space][vc_column_text]La REAF acompa\u00f1\u00f3 el lanzamiento del Decenio de la AF en Am\u00e9rica Latina y Caribe (ALC), donde gobiernos, organizaciones de AF y parlamentarios firmaron la \u201cDeclaraci\u00f3n de B\u00e1varo\u201d en el 2019, con los principales ejes para la D\u00e9cada en la regi\u00f3n de ALC. Alentando a las subregiones a desarrollar propuestas transformadoras para avanzar hacia sistemas alimentarios m\u00e1s sostenibles y resilientes.<\/p>\n<p>La necesidad de rendir cuentas, pero fundamentalmente de proyectar una agenda transformadora es compartida por los representantes de las instituciones p\u00fablicas, por las organizaciones de la agricultura familiar, y por los organismos internacionales.[\/vc_column_text][\/vc_column][\/vc_row]<\/p>\n<\/div>","protected":false},"excerpt":{"rendered":"<p>La II Conferencia de Agricultura Familiar del Mercosur Ampliado se celebr\u00f3 en Santiago (Chile) del 5 al 7 de diciembre y la Plataforma Semi\u00e1ridos de Am\u00e9rica Latina estuvo presente. Gabriel Seghezzo, Secretario Ejecutivo de la Plataforma Semi\u00e1ridos y Eddie Ram\u00edrez, Presidente de la Fundaci\u00f3n HUGO, miembro paraguayo de la Plataforma, participaron de la II Conferencia que se llev\u00f3 a cabo en la sede de la Oficina Regional de la FAO RLC. <\/p>\n","protected":false},"author":4,"featured_media":2882,"comment_status":"open","ping_status":"open","sticky":false,"template":"","format":"standard","meta":{"footnotes":""},"categories":[15],"tags":[313,888,37,317,635,782,46,588,185,314,889,315],"class_list":["post-2879","post","type-post","status-publish","format-standard","has-post-thumbnail","hentry","category-news","tag-agricultura-familiar","tag-america-latina-en","tag-argentina","tag-chile","tag-conferencia","tag-ddie-ramirez","tag-fao","tag-fundacion-hugo","tag-gabriel-seghezzo","tag-mercosur","tag-plataforma-semiaridos-en","tag-reaf"],"yoast_head":"<!-- This site is optimized with the Yoast SEO plugin v26.3 - https:\/\/yoast.com\/wordpress\/plugins\/seo\/ -->\n<title>La Plataforma Semiaridos participo en la REAF Chile 2022 - Semi\u00e1ridos<\/title>\n<meta name=\"robots\" content=\"index, follow, max-snippet:-1, max-image-preview:large, max-video-preview:-1\" \/>\n<link rel=\"canonical\" href=\"https:\/\/www.semiaridos.org\/noticias\/la-plataforma-semiaridos-participo-en-la-reaf-chile-2022\/\" \/>\n<meta property=\"og:locale\" content=\"en_US\" \/>\n<meta property=\"og:type\" content=\"article\" \/>\n<meta property=\"og:title\" content=\"La Plataforma Semiaridos participo en la REAF Chile 2022 - Semi\u00e1ridos\" \/>\n<meta property=\"og:description\" content=\"La II Conferencia de Agricultura Familiar del Mercosur Ampliado se celebr\u00f3 en Santiago (Chile) del 5 al 7 de diciembre y la Plataforma Semi\u00e1ridos de Am\u00e9rica Latina estuvo presente. Gabriel Seghezzo, Secretario Ejecutivo de la Plataforma Semi\u00e1ridos y Eddie Ram\u00edrez, Presidente de la Fundaci\u00f3n HUGO, miembro paraguayo de la Plataforma, participaron de la II Conferencia que se llev\u00f3 a cabo en la sede de la Oficina Regional de la FAO RLC.\" \/>\n<meta property=\"og:url\" content=\"https:\/\/www.semiaridos.org\/noticias\/la-plataforma-semiaridos-participo-en-la-reaf-chile-2022\/\" \/>\n<meta property=\"og:site_name\" content=\"Semi\u00e1ridos\" \/>\n<meta property=\"article:published_time\" content=\"2022-12-19T22:23:51+00:00\" \/>\n<meta property=\"og:image\" content=\"https:\/\/www.semiaridos.org\/\/files\/2022\/12\/Reaf-Chile1.jpeg\" \/>\n\t<meta property=\"og:image:width\" content=\"1600\" \/>\n\t<meta property=\"og:image:height\" content=\"1200\" \/>\n\t<meta property=\"og:image:type\" content=\"image\/jpeg\" \/>\n<meta name=\"author\" content=\"Semi\u00e1ridos Plataforma\" \/>\n<meta name=\"twitter:card\" content=\"summary_large_image\" \/>\n<meta name=\"twitter:label1\" content=\"Written by\" \/>\n\t<meta name=\"twitter:data1\" content=\"Semi\u00e1ridos Plataforma\" \/>\n\t<meta name=\"twitter:label2\" content=\"Est. reading time\" \/>\n\t<meta name=\"twitter:data2\" content=\"2 minutes\" \/>\n<script type=\"application\/ld+json\" class=\"yoast-schema-graph\">{\"@context\":\"https:\/\/schema.org\",\"@graph\":[{\"@type\":\"WebPage\",\"@id\":\"https:\/\/www.semiaridos.org\/noticias\/la-plataforma-semiaridos-participo-en-la-reaf-chile-2022\/\",\"url\":\"https:\/\/www.semiaridos.org\/noticias\/la-plataforma-semiaridos-participo-en-la-reaf-chile-2022\/\",\"name\":\"La Plataforma Semiaridos participo en la REAF Chile 2022 - Semi\u00e1ridos\",\"isPartOf\":{\"@id\":\"https:\/\/www.semiaridos.org\/#website\"},\"primaryImageOfPage\":{\"@id\":\"https:\/\/www.semiaridos.org\/noticias\/la-plataforma-semiaridos-participo-en-la-reaf-chile-2022\/#primaryimage\"},\"image\":{\"@id\":\"https:\/\/www.semiaridos.org\/noticias\/la-plataforma-semiaridos-participo-en-la-reaf-chile-2022\/#primaryimage\"},\"thumbnailUrl\":\"https:\/\/www.semiaridos.org\/\/files\/2022\/12\/Reaf-Chile1.jpeg\",\"datePublished\":\"2022-12-19T22:23:51+00:00\",\"author\":{\"@id\":\"https:\/\/www.semiaridos.org\/#\/schema\/person\/4c4cf6a3a8d1bd0c98c84259a5db4998\"},\"breadcrumb\":{\"@id\":\"https:\/\/www.semiaridos.org\/noticias\/la-plataforma-semiaridos-participo-en-la-reaf-chile-2022\/#breadcrumb\"},\"inLanguage\":\"en-US\",\"potentialAction\":[{\"@type\":\"ReadAction\",\"target\":[\"https:\/\/www.semiaridos.org\/noticias\/la-plataforma-semiaridos-participo-en-la-reaf-chile-2022\/\"]}]},{\"@type\":\"ImageObject\",\"inLanguage\":\"en-US\",\"@id\":\"https:\/\/www.semiaridos.org\/noticias\/la-plataforma-semiaridos-participo-en-la-reaf-chile-2022\/#primaryimage\",\"url\":\"https:\/\/www.semiaridos.org\/\/files\/2022\/12\/Reaf-Chile1.jpeg\",\"contentUrl\":\"https:\/\/www.semiaridos.org\/\/files\/2022\/12\/Reaf-Chile1.jpeg\",\"width\":1600,\"height\":1200,\"caption\":\"Reaf Chile1\"},{\"@type\":\"BreadcrumbList\",\"@id\":\"https:\/\/www.semiaridos.org\/noticias\/la-plataforma-semiaridos-participo-en-la-reaf-chile-2022\/#breadcrumb\",\"itemListElement\":[{\"@type\":\"ListItem\",\"position\":1,\"name\":\"Portada\",\"item\":\"https:\/\/www.semiaridos.org\/en\/\"},{\"@type\":\"ListItem\",\"position\":2,\"name\":\"La Plataforma Semiaridos participo en la REAF Chile 2022\"}]},{\"@type\":\"WebSite\",\"@id\":\"https:\/\/www.semiaridos.org\/#website\",\"url\":\"https:\/\/www.semiaridos.org\/\",\"name\":\"Semi\u00e1ridos\",\"description\":\"Otro sitio realizado con WordPress\",\"potentialAction\":[{\"@type\":\"SearchAction\",\"target\":{\"@type\":\"EntryPoint\",\"urlTemplate\":\"https:\/\/www.semiaridos.org\/?s={search_term_string}\"},\"query-input\":{\"@type\":\"PropertyValueSpecification\",\"valueRequired\":true,\"valueName\":\"search_term_string\"}}],\"inLanguage\":\"en-US\"},{\"@type\":\"Person\",\"@id\":\"https:\/\/www.semiaridos.org\/#\/schema\/person\/4c4cf6a3a8d1bd0c98c84259a5db4998\",\"name\":\"Semi\u00e1ridos Plataforma\",\"image\":{\"@type\":\"ImageObject\",\"inLanguage\":\"en-US\",\"@id\":\"https:\/\/www.semiaridos.org\/#\/schema\/person\/image\/\",\"url\":\"https:\/\/secure.gravatar.com\/avatar\/5ebd2905bbcce14afe1f3d0b167c53a55585123b9a8ebca5a6aa909278711be1?s=96&d=identicon&r=g\",\"contentUrl\":\"https:\/\/secure.gravatar.com\/avatar\/5ebd2905bbcce14afe1f3d0b167c53a55585123b9a8ebca5a6aa909278711be1?s=96&d=identicon&r=g\",\"caption\":\"Semi\u00e1ridos Plataforma\"},\"description\":\"Semi\u00e1ridos, iniciativa desarrollada en el marco de la International Land Coalition. Busca atender las problem\u00e1ticas de las zonas semi\u00e1ridas de Am\u00e9ricaLatina\",\"sameAs\":[\"http:\/\/www.semiaridos.org\"]}]}<\/script>\n<!-- \/ Yoast SEO plugin. -->","yoast_head_json":{"title":"La Plataforma Semiaridos participo en la REAF Chile 2022 - Semi\u00e1ridos","robots":{"index":"index","follow":"follow","max-snippet":"max-snippet:-1","max-image-preview":"max-image-preview:large","max-video-preview":"max-video-preview:-1"},"canonical":"https:\/\/www.semiaridos.org\/noticias\/la-plataforma-semiaridos-participo-en-la-reaf-chile-2022\/","og_locale":"en_US","og_type":"article","og_title":"La Plataforma Semiaridos participo en la REAF Chile 2022 - Semi\u00e1ridos","og_description":"La II Conferencia de Agricultura Familiar del Mercosur Ampliado se celebr\u00f3 en Santiago (Chile) del 5 al 7 de diciembre y la Plataforma Semi\u00e1ridos de Am\u00e9rica Latina estuvo presente. Gabriel Seghezzo, Secretario Ejecutivo de la Plataforma Semi\u00e1ridos y Eddie Ram\u00edrez, Presidente de la Fundaci\u00f3n HUGO, miembro paraguayo de la Plataforma, participaron de la II Conferencia que se llev\u00f3 a cabo en la sede de la Oficina Regional de la FAO RLC.","og_url":"https:\/\/www.semiaridos.org\/noticias\/la-plataforma-semiaridos-participo-en-la-reaf-chile-2022\/","og_site_name":"Semi\u00e1ridos","article_published_time":"2022-12-19T22:23:51+00:00","og_image":[{"width":1600,"height":1200,"url":"https:\/\/www.semiaridos.org\/\/files\/2022\/12\/Reaf-Chile1.jpeg","type":"image\/jpeg"}],"author":"Semi\u00e1ridos Plataforma","twitter_card":"summary_large_image","twitter_misc":{"Written by":"Semi\u00e1ridos Plataforma","Est. reading time":"2 minutes"},"schema":{"@context":"https:\/\/schema.org","@graph":[{"@type":"WebPage","@id":"https:\/\/www.semiaridos.org\/noticias\/la-plataforma-semiaridos-participo-en-la-reaf-chile-2022\/","url":"https:\/\/www.semiaridos.org\/noticias\/la-plataforma-semiaridos-participo-en-la-reaf-chile-2022\/","name":"La Plataforma Semiaridos participo en la REAF Chile 2022 - Semi\u00e1ridos","isPartOf":{"@id":"https:\/\/www.semiaridos.org\/#website"},"primaryImageOfPage":{"@id":"https:\/\/www.semiaridos.org\/noticias\/la-plataforma-semiaridos-participo-en-la-reaf-chile-2022\/#primaryimage"},"image":{"@id":"https:\/\/www.semiaridos.org\/noticias\/la-plataforma-semiaridos-participo-en-la-reaf-chile-2022\/#primaryimage"},"thumbnailUrl":"https:\/\/www.semiaridos.org\/\/files\/2022\/12\/Reaf-Chile1.jpeg","datePublished":"2022-12-19T22:23:51+00:00","author":{"@id":"https:\/\/www.semiaridos.org\/#\/schema\/person\/4c4cf6a3a8d1bd0c98c84259a5db4998"},"breadcrumb":{"@id":"https:\/\/www.semiaridos.org\/noticias\/la-plataforma-semiaridos-participo-en-la-reaf-chile-2022\/#breadcrumb"},"inLanguage":"en-US","potentialAction":[{"@type":"ReadAction","target":["https:\/\/www.semiaridos.org\/noticias\/la-plataforma-semiaridos-participo-en-la-reaf-chile-2022\/"]}]},{"@type":"ImageObject","inLanguage":"en-US","@id":"https:\/\/www.semiaridos.org\/noticias\/la-plataforma-semiaridos-participo-en-la-reaf-chile-2022\/#primaryimage","url":"https:\/\/www.semiaridos.org\/\/files\/2022\/12\/Reaf-Chile1.jpeg","contentUrl":"https:\/\/www.semiaridos.org\/\/files\/2022\/12\/Reaf-Chile1.jpeg","width":1600,"height":1200,"caption":"Reaf Chile1"},{"@type":"BreadcrumbList","@id":"https:\/\/www.semiaridos.org\/noticias\/la-plataforma-semiaridos-participo-en-la-reaf-chile-2022\/#breadcrumb","itemListElement":[{"@type":"ListItem","position":1,"name":"Portada","item":"https:\/\/www.semiaridos.org\/en\/"},{"@type":"ListItem","position":2,"name":"La Plataforma Semiaridos participo en la REAF Chile 2022"}]},{"@type":"WebSite","@id":"https:\/\/www.semiaridos.org\/#website","url":"https:\/\/www.semiaridos.org\/","name":"Semi\u00e1ridos","description":"Otro sitio realizado con WordPress","potentialAction":[{"@type":"SearchAction","target":{"@type":"EntryPoint","urlTemplate":"https:\/\/www.semiaridos.org\/?s={search_term_string}"},"query-input":{"@type":"PropertyValueSpecification","valueRequired":true,"valueName":"search_term_string"}}],"inLanguage":"en-US"},{"@type":"Person","@id":"https:\/\/www.semiaridos.org\/#\/schema\/person\/4c4cf6a3a8d1bd0c98c84259a5db4998","name":"Semi\u00e1ridos Plataforma","image":{"@type":"ImageObject","inLanguage":"en-US","@id":"https:\/\/www.semiaridos.org\/#\/schema\/person\/image\/","url":"https:\/\/secure.gravatar.com\/avatar\/5ebd2905bbcce14afe1f3d0b167c53a55585123b9a8ebca5a6aa909278711be1?s=96&d=identicon&r=g","contentUrl":"https:\/\/secure.gravatar.com\/avatar\/5ebd2905bbcce14afe1f3d0b167c53a55585123b9a8ebca5a6aa909278711be1?s=96&d=identicon&r=g","caption":"Semi\u00e1ridos Plataforma"},"description":"Semi\u00e1ridos, iniciativa desarrollada en el marco de la International Land Coalition. Busca atender las problem\u00e1ticas de las zonas semi\u00e1ridas de Am\u00e9ricaLatina","sameAs":["http:\/\/www.semiaridos.org"]}]}},"_links":{"self":[{"href":"https:\/\/www.semiaridos.org\/en\/wp-json\/wp\/v2\/posts\/2879","targetHints":{"allow":["GET"]}}],"collection":[{"href":"https:\/\/www.semiaridos.org\/en\/wp-json\/wp\/v2\/posts"}],"about":[{"href":"https:\/\/www.semiaridos.org\/en\/wp-json\/wp\/v2\/types\/post"}],"author":[{"embeddable":true,"href":"https:\/\/www.semiaridos.org\/en\/wp-json\/wp\/v2\/users\/4"}],"replies":[{"embeddable":true,"href":"https:\/\/www.semiaridos.org\/en\/wp-json\/wp\/v2\/comments?post=2879"}],"version-history":[{"count":2,"href":"https:\/\/www.semiaridos.org\/en\/wp-json\/wp\/v2\/posts\/2879\/revisions"}],"predecessor-version":[{"id":2888,"href":"https:\/\/www.semiaridos.org\/en\/wp-json\/wp\/v2\/posts\/2879\/revisions\/2888"}],"wp:featuredmedia":[{"embeddable":true,"href":"https:\/\/www.semiaridos.org\/en\/wp-json\/wp\/v2\/media\/2882"}],"wp:attachment":[{"href":"https:\/\/www.semiaridos.org\/en\/wp-json\/wp\/v2\/media?parent=2879"}],"wp:term":[{"taxonomy":"category","embeddable":true,"href":"https:\/\/www.semiaridos.org\/en\/wp-json\/wp\/v2\/categories?post=2879"},{"taxonomy":"post_tag","embeddable":true,"href":"https:\/\/www.semiaridos.org\/en\/wp-json\/wp\/v2\/tags?post=2879"}],"curies":[{"name":"wp","href":"https:\/\/api.w.org\/{rel}","templated":true}]}}