{"id":2893,"date":"2023-03-01T14:38:17","date_gmt":"2023-03-01T17:38:17","guid":{"rendered":"https:\/\/www.semiaridos.org\/?p=2893"},"modified":"2025-02-12T13:43:35","modified_gmt":"2025-02-12T16:43:35","slug":"comunicacion-y-disputas-narrativas-en-los-semiaridos-de-america-latina","status":"publish","type":"post","link":"https:\/\/www.semiaridos.org\/en\/publicaciones\/comunicacion-y-disputas-narrativas-en-los-semiaridos-de-america-latina\/","title":{"rendered":"Comunicaci\u00f3n y disputas narrativas en los Semi\u00e1ridos de Am\u00e9rica Latina"},"content":{"rendered":"<div class=\"wpb-content-wrapper\"><p>[vc_row css_animation=&#8221;&#8221; row_type=&#8221;row&#8221; use_row_as_full_screen_section=&#8221;no&#8221; type=&#8221;full_width&#8221; angled_section=&#8221;no&#8221; text_align=&#8221;left&#8221; background_image_as_pattern=&#8221;without_pattern&#8221;][vc_column][vc_column_text]Comunicaci\u00f3n y Disputas Narrativas en los Semi\u00e1ridos de Am\u00e9rica Latina es el conjunto de textos resultado del debate producido en el seminario virtual de mismo nombre, realizado por la Plataforma Semi\u00e1ridos, en septiembre de 2021. El objetivo del encuentro fue proporcionar nuevas miradas hacia las historias que nos cuentan acerca de esas regiones, desde la presentaci\u00f3n de cuatro paneles con representaciones de organizaciones, agencias, y grupos de medios independientes que act\u00faan directamente con las pr\u00e1cticas de coexistencia con el Semi\u00e1rido en sus territorios de origen.<\/p>\n<p>Te invitamos a acompa\u00f1arnos en esta lectura y compartir este conocimiento de los Semi\u00e1ridos de Am\u00e9rica Latina. \u00a1Feliz lectura![\/vc_column_text][vc_empty_space][vc_column_text css=&#8221;&#8221;]<\/p>\n<p style=\"text-align: center;\"><iframe loading=\"lazy\" class=\"pdfjs-viewer\" width=\"650px\" height=\"889px\" src=\"https:\/\/www.semiaridos.org\/wp-content\/plugins\/pdf-viewer\/stable\/web\/viewer.html?file=https:\/\/www.semiaridos.org\/\/files\/2023\/03\/CARTILHA_SEMIARIDOS_ESP_janeiro25.pdf\"><\/iframe> <\/p>\n<p>[\/vc_column_text][\/vc_column][\/vc_row]<\/p>\n<\/div>","protected":false},"excerpt":{"rendered":"<p>Comunicaci\u00f3n y Disputas Narrativas en los Semi\u00e1ridos de Am\u00e9rica Latina es el conjunto de textos resultado del debate producido en el seminario virtual de mismo nombre, realizado por la Plataforma Semi\u00e1ridos, en septiembre de 2021. El objetivo del encuentro fue proporcionar nuevas miradas hacia las historias que nos cuentan acerca de esas regiones<\/p>\n","protected":false},"author":4,"featured_media":2897,"comment_status":"open","ping_status":"open","sticky":false,"template":"","format":"standard","meta":{"footnotes":""},"categories":[11],"tags":[19,791,37,96,56,789,792,697,793,790,78,699],"class_list":["post-2893","post","type-post","status-publish","format-standard","has-post-thumbnail","hentry","category-publicaciones","tag-america-latina","tag-angola-comunicacion","tag-argentina","tag-asa","tag-brasil","tag-comunicacion","tag-diana-segado","tag-disputas-narrativas","tag-driade-aguiar","tag-fernanda-cruz","tag-plataforma-semiaridos","tag-seminario"],"yoast_head":"<!-- This site is optimized with the Yoast SEO plugin v26.3 - https:\/\/yoast.com\/wordpress\/plugins\/seo\/ -->\n<title>Comunicaci\u00f3n y disputas narrativas en los Semi\u00e1ridos de Am\u00e9rica Latina - Semi\u00e1ridos<\/title>\n<meta name=\"robots\" content=\"index, follow, max-snippet:-1, max-image-preview:large, max-video-preview:-1\" \/>\n<link rel=\"canonical\" href=\"https:\/\/www.semiaridos.org\/publicaciones\/comunicacion-y-disputas-narrativas-en-los-semiaridos-de-america-latina\/\" \/>\n<meta property=\"og:locale\" content=\"en_US\" \/>\n<meta property=\"og:type\" content=\"article\" \/>\n<meta property=\"og:title\" content=\"Comunicaci\u00f3n y disputas narrativas en los Semi\u00e1ridos de Am\u00e9rica Latina - Semi\u00e1ridos\" \/>\n<meta property=\"og:description\" content=\"Comunicaci\u00f3n y Disputas Narrativas en los Semi\u00e1ridos de Am\u00e9rica Latina es el conjunto de textos resultado del debate producido en el seminario virtual de mismo nombre, realizado por la Plataforma Semi\u00e1ridos, en septiembre de 2021. El objetivo del encuentro fue proporcionar nuevas miradas hacia las historias que nos cuentan acerca de esas regiones\" \/>\n<meta property=\"og:url\" content=\"https:\/\/www.semiaridos.org\/publicaciones\/comunicacion-y-disputas-narrativas-en-los-semiaridos-de-america-latina\/\" \/>\n<meta property=\"og:site_name\" content=\"Semi\u00e1ridos\" \/>\n<meta property=\"article:published_time\" content=\"2023-03-01T17:38:17+00:00\" \/>\n<meta property=\"article:modified_time\" content=\"2025-02-12T16:43:35+00:00\" \/>\n<meta property=\"og:image\" content=\"https:\/\/www.semiaridos.org\/\/files\/2023\/03\/Feat-img-comu-y-disputas.jpg\" \/>\n\t<meta property=\"og:image:width\" content=\"524\" \/>\n\t<meta property=\"og:image:height\" content=\"712\" \/>\n\t<meta property=\"og:image:type\" content=\"image\/jpeg\" \/>\n<meta name=\"author\" content=\"Semi\u00e1ridos Plataforma\" \/>\n<meta name=\"twitter:card\" content=\"summary_large_image\" \/>\n<meta name=\"twitter:label1\" content=\"Written by\" \/>\n\t<meta name=\"twitter:data1\" content=\"Semi\u00e1ridos Plataforma\" \/>\n\t<meta name=\"twitter:label2\" content=\"Est. reading time\" \/>\n\t<meta name=\"twitter:data2\" content=\"1 minute\" \/>\n<script type=\"application\/ld+json\" class=\"yoast-schema-graph\">{\"@context\":\"https:\/\/schema.org\",\"@graph\":[{\"@type\":\"WebPage\",\"@id\":\"https:\/\/www.semiaridos.org\/publicaciones\/comunicacion-y-disputas-narrativas-en-los-semiaridos-de-america-latina\/\",\"url\":\"https:\/\/www.semiaridos.org\/publicaciones\/comunicacion-y-disputas-narrativas-en-los-semiaridos-de-america-latina\/\",\"name\":\"Comunicaci\u00f3n y disputas narrativas en los Semi\u00e1ridos de Am\u00e9rica Latina - Semi\u00e1ridos\",\"isPartOf\":{\"@id\":\"https:\/\/www.semiaridos.org\/#website\"},\"primaryImageOfPage\":{\"@id\":\"https:\/\/www.semiaridos.org\/publicaciones\/comunicacion-y-disputas-narrativas-en-los-semiaridos-de-america-latina\/#primaryimage\"},\"image\":{\"@id\":\"https:\/\/www.semiaridos.org\/publicaciones\/comunicacion-y-disputas-narrativas-en-los-semiaridos-de-america-latina\/#primaryimage\"},\"thumbnailUrl\":\"https:\/\/www.semiaridos.org\/\/files\/2023\/03\/Feat-img-comu-y-disputas.jpg\",\"datePublished\":\"2023-03-01T17:38:17+00:00\",\"dateModified\":\"2025-02-12T16:43:35+00:00\",\"author\":{\"@id\":\"https:\/\/www.semiaridos.org\/#\/schema\/person\/4c4cf6a3a8d1bd0c98c84259a5db4998\"},\"breadcrumb\":{\"@id\":\"https:\/\/www.semiaridos.org\/publicaciones\/comunicacion-y-disputas-narrativas-en-los-semiaridos-de-america-latina\/#breadcrumb\"},\"inLanguage\":\"en-US\",\"potentialAction\":[{\"@type\":\"ReadAction\",\"target\":[\"https:\/\/www.semiaridos.org\/publicaciones\/comunicacion-y-disputas-narrativas-en-los-semiaridos-de-america-latina\/\"]}]},{\"@type\":\"ImageObject\",\"inLanguage\":\"en-US\",\"@id\":\"https:\/\/www.semiaridos.org\/publicaciones\/comunicacion-y-disputas-narrativas-en-los-semiaridos-de-america-latina\/#primaryimage\",\"url\":\"https:\/\/www.semiaridos.org\/\/files\/2023\/03\/Feat-img-comu-y-disputas.jpg\",\"contentUrl\":\"https:\/\/www.semiaridos.org\/\/files\/2023\/03\/Feat-img-comu-y-disputas.jpg\",\"width\":524,\"height\":712},{\"@type\":\"BreadcrumbList\",\"@id\":\"https:\/\/www.semiaridos.org\/publicaciones\/comunicacion-y-disputas-narrativas-en-los-semiaridos-de-america-latina\/#breadcrumb\",\"itemListElement\":[{\"@type\":\"ListItem\",\"position\":1,\"name\":\"Portada\",\"item\":\"https:\/\/www.semiaridos.org\/en\/\"},{\"@type\":\"ListItem\",\"position\":2,\"name\":\"Comunicaci\u00f3n y disputas narrativas en los Semi\u00e1ridos de Am\u00e9rica Latina\"}]},{\"@type\":\"WebSite\",\"@id\":\"https:\/\/www.semiaridos.org\/#website\",\"url\":\"https:\/\/www.semiaridos.org\/\",\"name\":\"Semi\u00e1ridos\",\"description\":\"Otro sitio realizado con WordPress\",\"potentialAction\":[{\"@type\":\"SearchAction\",\"target\":{\"@type\":\"EntryPoint\",\"urlTemplate\":\"https:\/\/www.semiaridos.org\/?s={search_term_string}\"},\"query-input\":{\"@type\":\"PropertyValueSpecification\",\"valueRequired\":true,\"valueName\":\"search_term_string\"}}],\"inLanguage\":\"en-US\"},{\"@type\":\"Person\",\"@id\":\"https:\/\/www.semiaridos.org\/#\/schema\/person\/4c4cf6a3a8d1bd0c98c84259a5db4998\",\"name\":\"Semi\u00e1ridos Plataforma\",\"image\":{\"@type\":\"ImageObject\",\"inLanguage\":\"en-US\",\"@id\":\"https:\/\/www.semiaridos.org\/#\/schema\/person\/image\/\",\"url\":\"https:\/\/secure.gravatar.com\/avatar\/5ebd2905bbcce14afe1f3d0b167c53a55585123b9a8ebca5a6aa909278711be1?s=96&d=identicon&r=g\",\"contentUrl\":\"https:\/\/secure.gravatar.com\/avatar\/5ebd2905bbcce14afe1f3d0b167c53a55585123b9a8ebca5a6aa909278711be1?s=96&d=identicon&r=g\",\"caption\":\"Semi\u00e1ridos Plataforma\"},\"description\":\"Semi\u00e1ridos, iniciativa desarrollada en el marco de la International Land Coalition. Busca atender las problem\u00e1ticas de las zonas semi\u00e1ridas de Am\u00e9ricaLatina\",\"sameAs\":[\"http:\/\/www.semiaridos.org\"]}]}<\/script>\n<!-- \/ Yoast SEO plugin. -->","yoast_head_json":{"title":"Comunicaci\u00f3n y disputas narrativas en los Semi\u00e1ridos de Am\u00e9rica Latina - Semi\u00e1ridos","robots":{"index":"index","follow":"follow","max-snippet":"max-snippet:-1","max-image-preview":"max-image-preview:large","max-video-preview":"max-video-preview:-1"},"canonical":"https:\/\/www.semiaridos.org\/publicaciones\/comunicacion-y-disputas-narrativas-en-los-semiaridos-de-america-latina\/","og_locale":"en_US","og_type":"article","og_title":"Comunicaci\u00f3n y disputas narrativas en los Semi\u00e1ridos de Am\u00e9rica Latina - Semi\u00e1ridos","og_description":"Comunicaci\u00f3n y Disputas Narrativas en los Semi\u00e1ridos de Am\u00e9rica Latina es el conjunto de textos resultado del debate producido en el seminario virtual de mismo nombre, realizado por la Plataforma Semi\u00e1ridos, en septiembre de 2021. El objetivo del encuentro fue proporcionar nuevas miradas hacia las historias que nos cuentan acerca de esas regiones","og_url":"https:\/\/www.semiaridos.org\/publicaciones\/comunicacion-y-disputas-narrativas-en-los-semiaridos-de-america-latina\/","og_site_name":"Semi\u00e1ridos","article_published_time":"2023-03-01T17:38:17+00:00","article_modified_time":"2025-02-12T16:43:35+00:00","og_image":[{"width":524,"height":712,"url":"https:\/\/www.semiaridos.org\/\/files\/2023\/03\/Feat-img-comu-y-disputas.jpg","type":"image\/jpeg"}],"author":"Semi\u00e1ridos Plataforma","twitter_card":"summary_large_image","twitter_misc":{"Written by":"Semi\u00e1ridos Plataforma","Est. reading time":"1 minute"},"schema":{"@context":"https:\/\/schema.org","@graph":[{"@type":"WebPage","@id":"https:\/\/www.semiaridos.org\/publicaciones\/comunicacion-y-disputas-narrativas-en-los-semiaridos-de-america-latina\/","url":"https:\/\/www.semiaridos.org\/publicaciones\/comunicacion-y-disputas-narrativas-en-los-semiaridos-de-america-latina\/","name":"Comunicaci\u00f3n y disputas narrativas en los Semi\u00e1ridos de Am\u00e9rica Latina - Semi\u00e1ridos","isPartOf":{"@id":"https:\/\/www.semiaridos.org\/#website"},"primaryImageOfPage":{"@id":"https:\/\/www.semiaridos.org\/publicaciones\/comunicacion-y-disputas-narrativas-en-los-semiaridos-de-america-latina\/#primaryimage"},"image":{"@id":"https:\/\/www.semiaridos.org\/publicaciones\/comunicacion-y-disputas-narrativas-en-los-semiaridos-de-america-latina\/#primaryimage"},"thumbnailUrl":"https:\/\/www.semiaridos.org\/\/files\/2023\/03\/Feat-img-comu-y-disputas.jpg","datePublished":"2023-03-01T17:38:17+00:00","dateModified":"2025-02-12T16:43:35+00:00","author":{"@id":"https:\/\/www.semiaridos.org\/#\/schema\/person\/4c4cf6a3a8d1bd0c98c84259a5db4998"},"breadcrumb":{"@id":"https:\/\/www.semiaridos.org\/publicaciones\/comunicacion-y-disputas-narrativas-en-los-semiaridos-de-america-latina\/#breadcrumb"},"inLanguage":"en-US","potentialAction":[{"@type":"ReadAction","target":["https:\/\/www.semiaridos.org\/publicaciones\/comunicacion-y-disputas-narrativas-en-los-semiaridos-de-america-latina\/"]}]},{"@type":"ImageObject","inLanguage":"en-US","@id":"https:\/\/www.semiaridos.org\/publicaciones\/comunicacion-y-disputas-narrativas-en-los-semiaridos-de-america-latina\/#primaryimage","url":"https:\/\/www.semiaridos.org\/\/files\/2023\/03\/Feat-img-comu-y-disputas.jpg","contentUrl":"https:\/\/www.semiaridos.org\/\/files\/2023\/03\/Feat-img-comu-y-disputas.jpg","width":524,"height":712},{"@type":"BreadcrumbList","@id":"https:\/\/www.semiaridos.org\/publicaciones\/comunicacion-y-disputas-narrativas-en-los-semiaridos-de-america-latina\/#breadcrumb","itemListElement":[{"@type":"ListItem","position":1,"name":"Portada","item":"https:\/\/www.semiaridos.org\/en\/"},{"@type":"ListItem","position":2,"name":"Comunicaci\u00f3n y disputas narrativas en los Semi\u00e1ridos de Am\u00e9rica Latina"}]},{"@type":"WebSite","@id":"https:\/\/www.semiaridos.org\/#website","url":"https:\/\/www.semiaridos.org\/","name":"Semi\u00e1ridos","description":"Otro sitio realizado con WordPress","potentialAction":[{"@type":"SearchAction","target":{"@type":"EntryPoint","urlTemplate":"https:\/\/www.semiaridos.org\/?s={search_term_string}"},"query-input":{"@type":"PropertyValueSpecification","valueRequired":true,"valueName":"search_term_string"}}],"inLanguage":"en-US"},{"@type":"Person","@id":"https:\/\/www.semiaridos.org\/#\/schema\/person\/4c4cf6a3a8d1bd0c98c84259a5db4998","name":"Semi\u00e1ridos Plataforma","image":{"@type":"ImageObject","inLanguage":"en-US","@id":"https:\/\/www.semiaridos.org\/#\/schema\/person\/image\/","url":"https:\/\/secure.gravatar.com\/avatar\/5ebd2905bbcce14afe1f3d0b167c53a55585123b9a8ebca5a6aa909278711be1?s=96&d=identicon&r=g","contentUrl":"https:\/\/secure.gravatar.com\/avatar\/5ebd2905bbcce14afe1f3d0b167c53a55585123b9a8ebca5a6aa909278711be1?s=96&d=identicon&r=g","caption":"Semi\u00e1ridos Plataforma"},"description":"Semi\u00e1ridos, iniciativa desarrollada en el marco de la International Land Coalition. Busca atender las problem\u00e1ticas de las zonas semi\u00e1ridas de Am\u00e9ricaLatina","sameAs":["http:\/\/www.semiaridos.org"]}]}},"_links":{"self":[{"href":"https:\/\/www.semiaridos.org\/en\/wp-json\/wp\/v2\/posts\/2893","targetHints":{"allow":["GET"]}}],"collection":[{"href":"https:\/\/www.semiaridos.org\/en\/wp-json\/wp\/v2\/posts"}],"about":[{"href":"https:\/\/www.semiaridos.org\/en\/wp-json\/wp\/v2\/types\/post"}],"author":[{"embeddable":true,"href":"https:\/\/www.semiaridos.org\/en\/wp-json\/wp\/v2\/users\/4"}],"replies":[{"embeddable":true,"href":"https:\/\/www.semiaridos.org\/en\/wp-json\/wp\/v2\/comments?post=2893"}],"version-history":[{"count":6,"href":"https:\/\/www.semiaridos.org\/en\/wp-json\/wp\/v2\/posts\/2893\/revisions"}],"predecessor-version":[{"id":3382,"href":"https:\/\/www.semiaridos.org\/en\/wp-json\/wp\/v2\/posts\/2893\/revisions\/3382"}],"wp:featuredmedia":[{"embeddable":true,"href":"https:\/\/www.semiaridos.org\/en\/wp-json\/wp\/v2\/media\/2897"}],"wp:attachment":[{"href":"https:\/\/www.semiaridos.org\/en\/wp-json\/wp\/v2\/media?parent=2893"}],"wp:term":[{"taxonomy":"category","embeddable":true,"href":"https:\/\/www.semiaridos.org\/en\/wp-json\/wp\/v2\/categories?post=2893"},{"taxonomy":"post_tag","embeddable":true,"href":"https:\/\/www.semiaridos.org\/en\/wp-json\/wp\/v2\/tags?post=2893"}],"curies":[{"name":"wp","href":"https:\/\/api.w.org\/{rel}","templated":true}]}}