{"id":2923,"date":"2023-03-01T16:49:44","date_gmt":"2023-03-01T19:49:44","guid":{"rendered":"https:\/\/www.semiaridos.org\/?p=2923"},"modified":"2023-03-01T16:49:44","modified_gmt":"2023-03-01T19:49:44","slug":"comunicacion-y-disputas-narrativas-en-los-semiaridos-de-america-latina-2","status":"publish","type":"post","link":"https:\/\/www.semiaridos.org\/en\/news\/comunicacion-y-disputas-narrativas-en-los-semiaridos-de-america-latina-2\/","title":{"rendered":"Comunicaci\u00f3n y disputas narrativas en los semi\u00e1ridos de am\u00e9rica latina"},"content":{"rendered":"<div class=\"wpb-content-wrapper\"><p>[vc_row css_animation=&#8221;&#8221; row_type=&#8221;row&#8221; use_row_as_full_screen_section=&#8221;no&#8221; type=&#8221;full_width&#8221; angled_section=&#8221;no&#8221; text_align=&#8221;left&#8221; background_image_as_pattern=&#8221;without_pattern&#8221;][vc_column][vc_column_text]<\/p>\n<p style=\"font-weight: 400;\">Ya est\u00e1 disponible en la secci\u00f3n Publicaciones de nuestro sitio la publicaci\u00f3n\u00a0<strong><em>Comunicaci\u00f3n y<\/em><\/strong>\u00a0<strong><em>Disputas Narrativas en los Semi\u00e1ridos de Am\u00e9rica Latina<\/em>,<\/strong>\u00a0un trabajo que recoge el debate sobre este tema que se desarroll\u00f3 durante un seminario virtual en 2021, realizado por la Plataforma Semi\u00e1ridos.<\/p>\n<p style=\"font-weight: 400;\">Presenta nuevas miradas sobre las historias y los discursos con los que se suele hacer referencia a esta regi\u00f3n. \u00a1No se lo pierdan!<\/p>\n<p>[\/vc_column_text][vc_empty_space][\/vc_column][\/vc_row][vc_row css_animation=&#8221;&#8221; row_type=&#8221;row&#8221; use_row_as_full_screen_section=&#8221;no&#8221; type=&#8221;full_width&#8221; angled_section=&#8221;no&#8221; text_align=&#8221;left&#8221; background_image_as_pattern=&#8221;without_pattern&#8221;][vc_column][vc_column_text]<\/p>\n<div class=\"blog_load_more_button_holder\">\n<div class=\"blog_load_more_button\"><a href=\"https:\/\/www.semiaridos.org\/buenas-practicas\/comunicacion-y-disputas-narrativas-en-los-semiaridos-de-america-latina\/\">Ingresa a la publicaci\u00f3n<\/a><\/div>\n<div class=\"blog_load_more_button_loading\"><a class=\"qbutton\">Loading&#8230;<\/a><\/div>\n<\/div>\n<p>[\/vc_column_text][\/vc_column][\/vc_row]<\/p>\n<\/div>","protected":false},"excerpt":{"rendered":"<p>Ya est\u00e1 disponible en la secci\u00f3n Publicaciones de nuestro sitio la publicaci\u00f3n Comunicaci\u00f3n y Disputas Narrativas en los Semi\u00e1ridos de Am\u00e9rica Latina, un trabajo que recoge el debate sobre este tema que se desarroll\u00f3 durante un seminario virtual en 2021, realizado por la Plataforma Semi\u00e1ridos.<\/p>\n","protected":false},"author":4,"featured_media":2897,"comment_status":"open","ping_status":"open","sticky":false,"template":"","format":"standard","meta":{"footnotes":""},"categories":[15],"tags":[888,791,37,96,56,789,792,697,793,790,889,699],"class_list":["post-2923","post","type-post","status-publish","format-standard","has-post-thumbnail","hentry","category-news","tag-america-latina-en","tag-angola-comunicacion","tag-argentina","tag-asa","tag-brasil","tag-comunicacion","tag-diana-segado","tag-disputas-narrativas","tag-driade-aguiar","tag-fernanda-cruz","tag-plataforma-semiaridos-en","tag-seminario"],"yoast_head":"<!-- This site is optimized with the Yoast SEO plugin v26.3 - https:\/\/yoast.com\/wordpress\/plugins\/seo\/ -->\n<title>Comunicaci\u00f3n y disputas narrativas en los semi\u00e1ridos de am\u00e9rica latina - Semi\u00e1ridos<\/title>\n<meta name=\"robots\" content=\"index, follow, max-snippet:-1, max-image-preview:large, max-video-preview:-1\" \/>\n<link rel=\"canonical\" href=\"https:\/\/www.semiaridos.org\/noticias\/comunicacion-y-disputas-narrativas-en-los-semiaridos-de-america-latina-2\/\" \/>\n<meta property=\"og:locale\" content=\"en_US\" \/>\n<meta property=\"og:type\" content=\"article\" \/>\n<meta property=\"og:title\" content=\"Comunicaci\u00f3n y disputas narrativas en los semi\u00e1ridos de am\u00e9rica latina - Semi\u00e1ridos\" \/>\n<meta property=\"og:description\" content=\"Ya est\u00e1 disponible en la secci\u00f3n Publicaciones de nuestro sitio la publicaci\u00f3n Comunicaci\u00f3n y Disputas Narrativas en los Semi\u00e1ridos de Am\u00e9rica Latina, un trabajo que recoge el debate sobre este tema que se desarroll\u00f3 durante un seminario virtual en 2021, realizado por la Plataforma Semi\u00e1ridos.\" \/>\n<meta property=\"og:url\" content=\"https:\/\/www.semiaridos.org\/noticias\/comunicacion-y-disputas-narrativas-en-los-semiaridos-de-america-latina-2\/\" \/>\n<meta property=\"og:site_name\" content=\"Semi\u00e1ridos\" \/>\n<meta property=\"article:published_time\" content=\"2023-03-01T19:49:44+00:00\" \/>\n<meta property=\"og:image\" content=\"https:\/\/www.semiaridos.org\/\/files\/2023\/03\/Feat-img-comu-y-disputas.jpg\" \/>\n\t<meta property=\"og:image:width\" content=\"524\" \/>\n\t<meta property=\"og:image:height\" content=\"712\" \/>\n\t<meta property=\"og:image:type\" content=\"image\/jpeg\" \/>\n<meta name=\"author\" content=\"Semi\u00e1ridos Plataforma\" \/>\n<meta name=\"twitter:card\" content=\"summary_large_image\" \/>\n<meta name=\"twitter:label1\" content=\"Written by\" \/>\n\t<meta name=\"twitter:data1\" content=\"Semi\u00e1ridos Plataforma\" \/>\n\t<meta name=\"twitter:label2\" content=\"Est. reading time\" \/>\n\t<meta name=\"twitter:data2\" content=\"1 minute\" \/>\n<script type=\"application\/ld+json\" class=\"yoast-schema-graph\">{\"@context\":\"https:\/\/schema.org\",\"@graph\":[{\"@type\":\"WebPage\",\"@id\":\"https:\/\/www.semiaridos.org\/noticias\/comunicacion-y-disputas-narrativas-en-los-semiaridos-de-america-latina-2\/\",\"url\":\"https:\/\/www.semiaridos.org\/noticias\/comunicacion-y-disputas-narrativas-en-los-semiaridos-de-america-latina-2\/\",\"name\":\"Comunicaci\u00f3n y disputas narrativas en los semi\u00e1ridos de am\u00e9rica latina - Semi\u00e1ridos\",\"isPartOf\":{\"@id\":\"https:\/\/www.semiaridos.org\/#website\"},\"primaryImageOfPage\":{\"@id\":\"https:\/\/www.semiaridos.org\/noticias\/comunicacion-y-disputas-narrativas-en-los-semiaridos-de-america-latina-2\/#primaryimage\"},\"image\":{\"@id\":\"https:\/\/www.semiaridos.org\/noticias\/comunicacion-y-disputas-narrativas-en-los-semiaridos-de-america-latina-2\/#primaryimage\"},\"thumbnailUrl\":\"https:\/\/www.semiaridos.org\/\/files\/2023\/03\/Feat-img-comu-y-disputas.jpg\",\"datePublished\":\"2023-03-01T19:49:44+00:00\",\"author\":{\"@id\":\"https:\/\/www.semiaridos.org\/#\/schema\/person\/4c4cf6a3a8d1bd0c98c84259a5db4998\"},\"breadcrumb\":{\"@id\":\"https:\/\/www.semiaridos.org\/noticias\/comunicacion-y-disputas-narrativas-en-los-semiaridos-de-america-latina-2\/#breadcrumb\"},\"inLanguage\":\"en-US\",\"potentialAction\":[{\"@type\":\"ReadAction\",\"target\":[\"https:\/\/www.semiaridos.org\/noticias\/comunicacion-y-disputas-narrativas-en-los-semiaridos-de-america-latina-2\/\"]}]},{\"@type\":\"ImageObject\",\"inLanguage\":\"en-US\",\"@id\":\"https:\/\/www.semiaridos.org\/noticias\/comunicacion-y-disputas-narrativas-en-los-semiaridos-de-america-latina-2\/#primaryimage\",\"url\":\"https:\/\/www.semiaridos.org\/\/files\/2023\/03\/Feat-img-comu-y-disputas.jpg\",\"contentUrl\":\"https:\/\/www.semiaridos.org\/\/files\/2023\/03\/Feat-img-comu-y-disputas.jpg\",\"width\":524,\"height\":712},{\"@type\":\"BreadcrumbList\",\"@id\":\"https:\/\/www.semiaridos.org\/noticias\/comunicacion-y-disputas-narrativas-en-los-semiaridos-de-america-latina-2\/#breadcrumb\",\"itemListElement\":[{\"@type\":\"ListItem\",\"position\":1,\"name\":\"Portada\",\"item\":\"https:\/\/www.semiaridos.org\/en\/\"},{\"@type\":\"ListItem\",\"position\":2,\"name\":\"Comunicaci\u00f3n y disputas narrativas en los semi\u00e1ridos de am\u00e9rica latina\"}]},{\"@type\":\"WebSite\",\"@id\":\"https:\/\/www.semiaridos.org\/#website\",\"url\":\"https:\/\/www.semiaridos.org\/\",\"name\":\"Semi\u00e1ridos\",\"description\":\"Otro sitio realizado con WordPress\",\"potentialAction\":[{\"@type\":\"SearchAction\",\"target\":{\"@type\":\"EntryPoint\",\"urlTemplate\":\"https:\/\/www.semiaridos.org\/?s={search_term_string}\"},\"query-input\":{\"@type\":\"PropertyValueSpecification\",\"valueRequired\":true,\"valueName\":\"search_term_string\"}}],\"inLanguage\":\"en-US\"},{\"@type\":\"Person\",\"@id\":\"https:\/\/www.semiaridos.org\/#\/schema\/person\/4c4cf6a3a8d1bd0c98c84259a5db4998\",\"name\":\"Semi\u00e1ridos Plataforma\",\"image\":{\"@type\":\"ImageObject\",\"inLanguage\":\"en-US\",\"@id\":\"https:\/\/www.semiaridos.org\/#\/schema\/person\/image\/\",\"url\":\"https:\/\/secure.gravatar.com\/avatar\/5ebd2905bbcce14afe1f3d0b167c53a55585123b9a8ebca5a6aa909278711be1?s=96&d=identicon&r=g\",\"contentUrl\":\"https:\/\/secure.gravatar.com\/avatar\/5ebd2905bbcce14afe1f3d0b167c53a55585123b9a8ebca5a6aa909278711be1?s=96&d=identicon&r=g\",\"caption\":\"Semi\u00e1ridos Plataforma\"},\"description\":\"Semi\u00e1ridos, iniciativa desarrollada en el marco de la International Land Coalition. Busca atender las problem\u00e1ticas de las zonas semi\u00e1ridas de Am\u00e9ricaLatina\",\"sameAs\":[\"http:\/\/www.semiaridos.org\"]}]}<\/script>\n<!-- \/ Yoast SEO plugin. -->","yoast_head_json":{"title":"Comunicaci\u00f3n y disputas narrativas en los semi\u00e1ridos de am\u00e9rica latina - Semi\u00e1ridos","robots":{"index":"index","follow":"follow","max-snippet":"max-snippet:-1","max-image-preview":"max-image-preview:large","max-video-preview":"max-video-preview:-1"},"canonical":"https:\/\/www.semiaridos.org\/noticias\/comunicacion-y-disputas-narrativas-en-los-semiaridos-de-america-latina-2\/","og_locale":"en_US","og_type":"article","og_title":"Comunicaci\u00f3n y disputas narrativas en los semi\u00e1ridos de am\u00e9rica latina - Semi\u00e1ridos","og_description":"Ya est\u00e1 disponible en la secci\u00f3n Publicaciones de nuestro sitio la publicaci\u00f3n Comunicaci\u00f3n y Disputas Narrativas en los Semi\u00e1ridos de Am\u00e9rica Latina, un trabajo que recoge el debate sobre este tema que se desarroll\u00f3 durante un seminario virtual en 2021, realizado por la Plataforma Semi\u00e1ridos.","og_url":"https:\/\/www.semiaridos.org\/noticias\/comunicacion-y-disputas-narrativas-en-los-semiaridos-de-america-latina-2\/","og_site_name":"Semi\u00e1ridos","article_published_time":"2023-03-01T19:49:44+00:00","og_image":[{"width":524,"height":712,"url":"https:\/\/www.semiaridos.org\/\/files\/2023\/03\/Feat-img-comu-y-disputas.jpg","type":"image\/jpeg"}],"author":"Semi\u00e1ridos Plataforma","twitter_card":"summary_large_image","twitter_misc":{"Written by":"Semi\u00e1ridos Plataforma","Est. reading time":"1 minute"},"schema":{"@context":"https:\/\/schema.org","@graph":[{"@type":"WebPage","@id":"https:\/\/www.semiaridos.org\/noticias\/comunicacion-y-disputas-narrativas-en-los-semiaridos-de-america-latina-2\/","url":"https:\/\/www.semiaridos.org\/noticias\/comunicacion-y-disputas-narrativas-en-los-semiaridos-de-america-latina-2\/","name":"Comunicaci\u00f3n y disputas narrativas en los semi\u00e1ridos de am\u00e9rica latina - Semi\u00e1ridos","isPartOf":{"@id":"https:\/\/www.semiaridos.org\/#website"},"primaryImageOfPage":{"@id":"https:\/\/www.semiaridos.org\/noticias\/comunicacion-y-disputas-narrativas-en-los-semiaridos-de-america-latina-2\/#primaryimage"},"image":{"@id":"https:\/\/www.semiaridos.org\/noticias\/comunicacion-y-disputas-narrativas-en-los-semiaridos-de-america-latina-2\/#primaryimage"},"thumbnailUrl":"https:\/\/www.semiaridos.org\/\/files\/2023\/03\/Feat-img-comu-y-disputas.jpg","datePublished":"2023-03-01T19:49:44+00:00","author":{"@id":"https:\/\/www.semiaridos.org\/#\/schema\/person\/4c4cf6a3a8d1bd0c98c84259a5db4998"},"breadcrumb":{"@id":"https:\/\/www.semiaridos.org\/noticias\/comunicacion-y-disputas-narrativas-en-los-semiaridos-de-america-latina-2\/#breadcrumb"},"inLanguage":"en-US","potentialAction":[{"@type":"ReadAction","target":["https:\/\/www.semiaridos.org\/noticias\/comunicacion-y-disputas-narrativas-en-los-semiaridos-de-america-latina-2\/"]}]},{"@type":"ImageObject","inLanguage":"en-US","@id":"https:\/\/www.semiaridos.org\/noticias\/comunicacion-y-disputas-narrativas-en-los-semiaridos-de-america-latina-2\/#primaryimage","url":"https:\/\/www.semiaridos.org\/\/files\/2023\/03\/Feat-img-comu-y-disputas.jpg","contentUrl":"https:\/\/www.semiaridos.org\/\/files\/2023\/03\/Feat-img-comu-y-disputas.jpg","width":524,"height":712},{"@type":"BreadcrumbList","@id":"https:\/\/www.semiaridos.org\/noticias\/comunicacion-y-disputas-narrativas-en-los-semiaridos-de-america-latina-2\/#breadcrumb","itemListElement":[{"@type":"ListItem","position":1,"name":"Portada","item":"https:\/\/www.semiaridos.org\/en\/"},{"@type":"ListItem","position":2,"name":"Comunicaci\u00f3n y disputas narrativas en los semi\u00e1ridos de am\u00e9rica latina"}]},{"@type":"WebSite","@id":"https:\/\/www.semiaridos.org\/#website","url":"https:\/\/www.semiaridos.org\/","name":"Semi\u00e1ridos","description":"Otro sitio realizado con WordPress","potentialAction":[{"@type":"SearchAction","target":{"@type":"EntryPoint","urlTemplate":"https:\/\/www.semiaridos.org\/?s={search_term_string}"},"query-input":{"@type":"PropertyValueSpecification","valueRequired":true,"valueName":"search_term_string"}}],"inLanguage":"en-US"},{"@type":"Person","@id":"https:\/\/www.semiaridos.org\/#\/schema\/person\/4c4cf6a3a8d1bd0c98c84259a5db4998","name":"Semi\u00e1ridos Plataforma","image":{"@type":"ImageObject","inLanguage":"en-US","@id":"https:\/\/www.semiaridos.org\/#\/schema\/person\/image\/","url":"https:\/\/secure.gravatar.com\/avatar\/5ebd2905bbcce14afe1f3d0b167c53a55585123b9a8ebca5a6aa909278711be1?s=96&d=identicon&r=g","contentUrl":"https:\/\/secure.gravatar.com\/avatar\/5ebd2905bbcce14afe1f3d0b167c53a55585123b9a8ebca5a6aa909278711be1?s=96&d=identicon&r=g","caption":"Semi\u00e1ridos Plataforma"},"description":"Semi\u00e1ridos, iniciativa desarrollada en el marco de la International Land Coalition. Busca atender las problem\u00e1ticas de las zonas semi\u00e1ridas de Am\u00e9ricaLatina","sameAs":["http:\/\/www.semiaridos.org"]}]}},"_links":{"self":[{"href":"https:\/\/www.semiaridos.org\/en\/wp-json\/wp\/v2\/posts\/2923","targetHints":{"allow":["GET"]}}],"collection":[{"href":"https:\/\/www.semiaridos.org\/en\/wp-json\/wp\/v2\/posts"}],"about":[{"href":"https:\/\/www.semiaridos.org\/en\/wp-json\/wp\/v2\/types\/post"}],"author":[{"embeddable":true,"href":"https:\/\/www.semiaridos.org\/en\/wp-json\/wp\/v2\/users\/4"}],"replies":[{"embeddable":true,"href":"https:\/\/www.semiaridos.org\/en\/wp-json\/wp\/v2\/comments?post=2923"}],"version-history":[{"count":3,"href":"https:\/\/www.semiaridos.org\/en\/wp-json\/wp\/v2\/posts\/2923\/revisions"}],"predecessor-version":[{"id":2926,"href":"https:\/\/www.semiaridos.org\/en\/wp-json\/wp\/v2\/posts\/2923\/revisions\/2926"}],"wp:featuredmedia":[{"embeddable":true,"href":"https:\/\/www.semiaridos.org\/en\/wp-json\/wp\/v2\/media\/2897"}],"wp:attachment":[{"href":"https:\/\/www.semiaridos.org\/en\/wp-json\/wp\/v2\/media?parent=2923"}],"wp:term":[{"taxonomy":"category","embeddable":true,"href":"https:\/\/www.semiaridos.org\/en\/wp-json\/wp\/v2\/categories?post=2923"},{"taxonomy":"post_tag","embeddable":true,"href":"https:\/\/www.semiaridos.org\/en\/wp-json\/wp\/v2\/tags?post=2923"}],"curies":[{"name":"wp","href":"https:\/\/api.w.org\/{rel}","templated":true}]}}