{"id":501,"date":"2016-07-10T12:04:51","date_gmt":"2016-07-10T15:04:51","guid":{"rendered":"http:\/\/www.semiaridos.org\/?p=501"},"modified":"2016-07-10T12:04:51","modified_gmt":"2016-07-10T15:04:51","slug":"reunion-de-miembros-de-sudamerica","status":"publish","type":"post","link":"https:\/\/www.semiaridos.org\/en\/noticias\/reunion-de-miembros-de-sudamerica\/","title":{"rendered":"REUNI\u00d3N DE MIEMBROS DE SUDAM\u00c9RICA"},"content":{"rendered":"<p>Entre el 11 y el 15 de julio se realiza en Salta, Argentina, una reuni\u00f3n de todas las organizaciones de Sudam\u00e9rica de la plataforma, para planificar la propuesta de trabajo del per\u00edodo 2016-2021. Organizaciones de Venezuela, Brasil, Argentina, Paraguay y Bolivia evaluar\u00e1n la plataforma en baso a lo realizado hasta ahora y planificar\u00e1n la nueva etapa. La Coordinaci\u00f3n de la ILC LAC formara parte de esta actividad.<\/p>\n<p>En dicha ocasi\u00f3n se presentar\u00e1 el estudio de Caracterizaci\u00f3n de los Semi\u00e1ridos de Am\u00e9rica Latina, modelos de simulaci\u00f3n de cambio clim\u00e1tica en la regi\u00f3n y los avances en los proyectos de investigaci\u00f3n enmarcados en Land Matrix respecto a la Huella H\u00eddrica. Luego de esta reuni\u00f3n, se recorrer\u00e1 la zona del Chaco para visitar experiencias concretas de acceso y gesti\u00f3n de territorios y agua con comunidades criollas y wichi.<\/p>\n","protected":false},"excerpt":{"rendered":"<p>Entre el 11 y el 15 de julio se realiza en Salta, Argentina, una reuni\u00f3n de todas las organizaciones de Sudam\u00e9rica de la plataforma, para planificar la propuesta de trabajo del per\u00edodo 2016-2021. Organizaciones de Venezuela, Brasil, Argentina, Paraguay y Bolivia evaluar\u00e1n la plataforma en&#8230;<\/p>\n","protected":false},"author":4,"featured_media":498,"comment_status":"open","ping_status":"open","sticky":false,"template":"","format":"standard","meta":{"footnotes":""},"categories":[14],"tags":[54,480,484,482,60,62,59,44,39,483,38,479,53,738,61],"class_list":["post-501","post","type-post","status-publish","format-standard","has-post-thumbnail","hentry","category-noticias","tag-2016-2021","tag-argentina-pt-br","tag-bolivia-pt-br","tag-brasil-pt-br","tag-chaco","tag-criollas","tag-huella-hidrica","tag-ilc-lac","tag-land-matrix","tag-paraguay-pt-br","tag-reunion-plataforma-semiaridos","tag-salta-pt-br","tag-sudamerica","tag-venezuela-pt-br","tag-wichi"],"yoast_head":"<!-- This site is optimized with the Yoast SEO plugin v26.3 - https:\/\/yoast.com\/wordpress\/plugins\/seo\/ -->\n<title>REUNI\u00d3N DE MIEMBROS DE SUDAM\u00c9RICA - Semi\u00e1ridos<\/title>\n<meta name=\"robots\" content=\"index, follow, max-snippet:-1, max-image-preview:large, max-video-preview:-1\" \/>\n<link rel=\"canonical\" href=\"https:\/\/www.semiaridos.org\/noticias\/reunion-de-miembros-de-sudamerica\/\" \/>\n<meta property=\"og:locale\" content=\"en_US\" \/>\n<meta property=\"og:type\" content=\"article\" \/>\n<meta property=\"og:title\" content=\"REUNI\u00d3N DE MIEMBROS DE SUDAM\u00c9RICA - Semi\u00e1ridos\" \/>\n<meta property=\"og:description\" content=\"Entre el 11 y el 15 de julio se realiza en Salta, Argentina, una reuni\u00f3n de todas las organizaciones de Sudam\u00e9rica de la plataforma, para planificar la propuesta de trabajo del per\u00edodo 2016-2021. Organizaciones de Venezuela, Brasil, Argentina, Paraguay y Bolivia evaluar\u00e1n la plataforma en...\" \/>\n<meta property=\"og:url\" content=\"https:\/\/www.semiaridos.org\/noticias\/reunion-de-miembros-de-sudamerica\/\" \/>\n<meta property=\"og:site_name\" content=\"Semi\u00e1ridos\" \/>\n<meta property=\"article:published_time\" content=\"2016-07-10T15:04:51+00:00\" \/>\n<meta property=\"og:image\" content=\"https:\/\/www.semiaridos.org\/\/files\/2016\/07\/REUNIO\u0301N-DE-MIEMBROS-DE-SUDAME\u0301RICA.jpg\" \/>\n\t<meta property=\"og:image:width\" content=\"700\" \/>\n\t<meta property=\"og:image:height\" content=\"526\" \/>\n\t<meta property=\"og:image:type\" content=\"image\/jpeg\" \/>\n<meta name=\"author\" content=\"Semi\u00e1ridos Plataforma\" \/>\n<meta name=\"twitter:card\" content=\"summary_large_image\" \/>\n<meta name=\"twitter:label1\" content=\"Written by\" \/>\n\t<meta name=\"twitter:data1\" content=\"Semi\u00e1ridos Plataforma\" \/>\n\t<meta name=\"twitter:label2\" content=\"Est. reading time\" \/>\n\t<meta name=\"twitter:data2\" content=\"1 minute\" \/>\n<script type=\"application\/ld+json\" class=\"yoast-schema-graph\">{\"@context\":\"https:\/\/schema.org\",\"@graph\":[{\"@type\":\"WebPage\",\"@id\":\"https:\/\/www.semiaridos.org\/noticias\/reunion-de-miembros-de-sudamerica\/\",\"url\":\"https:\/\/www.semiaridos.org\/noticias\/reunion-de-miembros-de-sudamerica\/\",\"name\":\"REUNI\u00d3N DE MIEMBROS DE SUDAM\u00c9RICA - Semi\u00e1ridos\",\"isPartOf\":{\"@id\":\"https:\/\/www.semiaridos.org\/#website\"},\"primaryImageOfPage\":{\"@id\":\"https:\/\/www.semiaridos.org\/noticias\/reunion-de-miembros-de-sudamerica\/#primaryimage\"},\"image\":{\"@id\":\"https:\/\/www.semiaridos.org\/noticias\/reunion-de-miembros-de-sudamerica\/#primaryimage\"},\"thumbnailUrl\":\"https:\/\/www.semiaridos.org\/\/files\/2016\/07\/REUNIO\u0301N-DE-MIEMBROS-DE-SUDAME\u0301RICA.jpg\",\"datePublished\":\"2016-07-10T15:04:51+00:00\",\"author\":{\"@id\":\"https:\/\/www.semiaridos.org\/#\/schema\/person\/4c4cf6a3a8d1bd0c98c84259a5db4998\"},\"breadcrumb\":{\"@id\":\"https:\/\/www.semiaridos.org\/noticias\/reunion-de-miembros-de-sudamerica\/#breadcrumb\"},\"inLanguage\":\"en-US\",\"potentialAction\":[{\"@type\":\"ReadAction\",\"target\":[\"https:\/\/www.semiaridos.org\/noticias\/reunion-de-miembros-de-sudamerica\/\"]}]},{\"@type\":\"ImageObject\",\"inLanguage\":\"en-US\",\"@id\":\"https:\/\/www.semiaridos.org\/noticias\/reunion-de-miembros-de-sudamerica\/#primaryimage\",\"url\":\"https:\/\/www.semiaridos.org\/\/files\/2016\/07\/REUNIO\u0301N-DE-MIEMBROS-DE-SUDAME\u0301RICA.jpg\",\"contentUrl\":\"https:\/\/www.semiaridos.org\/\/files\/2016\/07\/REUNIO\u0301N-DE-MIEMBROS-DE-SUDAME\u0301RICA.jpg\",\"width\":700,\"height\":526},{\"@type\":\"BreadcrumbList\",\"@id\":\"https:\/\/www.semiaridos.org\/noticias\/reunion-de-miembros-de-sudamerica\/#breadcrumb\",\"itemListElement\":[{\"@type\":\"ListItem\",\"position\":1,\"name\":\"Portada\",\"item\":\"https:\/\/www.semiaridos.org\/en\/\"},{\"@type\":\"ListItem\",\"position\":2,\"name\":\"REUNI\u00d3N DE MIEMBROS DE SUDAM\u00c9RICA\"}]},{\"@type\":\"WebSite\",\"@id\":\"https:\/\/www.semiaridos.org\/#website\",\"url\":\"https:\/\/www.semiaridos.org\/\",\"name\":\"Semi\u00e1ridos\",\"description\":\"Otro sitio realizado con WordPress\",\"potentialAction\":[{\"@type\":\"SearchAction\",\"target\":{\"@type\":\"EntryPoint\",\"urlTemplate\":\"https:\/\/www.semiaridos.org\/?s={search_term_string}\"},\"query-input\":{\"@type\":\"PropertyValueSpecification\",\"valueRequired\":true,\"valueName\":\"search_term_string\"}}],\"inLanguage\":\"en-US\"},{\"@type\":\"Person\",\"@id\":\"https:\/\/www.semiaridos.org\/#\/schema\/person\/4c4cf6a3a8d1bd0c98c84259a5db4998\",\"name\":\"Semi\u00e1ridos Plataforma\",\"image\":{\"@type\":\"ImageObject\",\"inLanguage\":\"en-US\",\"@id\":\"https:\/\/www.semiaridos.org\/#\/schema\/person\/image\/\",\"url\":\"https:\/\/secure.gravatar.com\/avatar\/5ebd2905bbcce14afe1f3d0b167c53a55585123b9a8ebca5a6aa909278711be1?s=96&d=identicon&r=g\",\"contentUrl\":\"https:\/\/secure.gravatar.com\/avatar\/5ebd2905bbcce14afe1f3d0b167c53a55585123b9a8ebca5a6aa909278711be1?s=96&d=identicon&r=g\",\"caption\":\"Semi\u00e1ridos Plataforma\"},\"description\":\"Semi\u00e1ridos, iniciativa desarrollada en el marco de la International Land Coalition. Busca atender las problem\u00e1ticas de las zonas semi\u00e1ridas de Am\u00e9ricaLatina\",\"sameAs\":[\"http:\/\/www.semiaridos.org\"]}]}<\/script>\n<!-- \/ Yoast SEO plugin. -->","yoast_head_json":{"title":"REUNI\u00d3N DE MIEMBROS DE SUDAM\u00c9RICA - Semi\u00e1ridos","robots":{"index":"index","follow":"follow","max-snippet":"max-snippet:-1","max-image-preview":"max-image-preview:large","max-video-preview":"max-video-preview:-1"},"canonical":"https:\/\/www.semiaridos.org\/noticias\/reunion-de-miembros-de-sudamerica\/","og_locale":"en_US","og_type":"article","og_title":"REUNI\u00d3N DE MIEMBROS DE SUDAM\u00c9RICA - Semi\u00e1ridos","og_description":"Entre el 11 y el 15 de julio se realiza en Salta, Argentina, una reuni\u00f3n de todas las organizaciones de Sudam\u00e9rica de la plataforma, para planificar la propuesta de trabajo del per\u00edodo 2016-2021. Organizaciones de Venezuela, Brasil, Argentina, Paraguay y Bolivia evaluar\u00e1n la plataforma en...","og_url":"https:\/\/www.semiaridos.org\/noticias\/reunion-de-miembros-de-sudamerica\/","og_site_name":"Semi\u00e1ridos","article_published_time":"2016-07-10T15:04:51+00:00","og_image":[{"width":700,"height":526,"url":"https:\/\/www.semiaridos.org\/\/files\/2016\/07\/REUNIO\u0301N-DE-MIEMBROS-DE-SUDAME\u0301RICA.jpg","type":"image\/jpeg"}],"author":"Semi\u00e1ridos Plataforma","twitter_card":"summary_large_image","twitter_misc":{"Written by":"Semi\u00e1ridos Plataforma","Est. reading time":"1 minute"},"schema":{"@context":"https:\/\/schema.org","@graph":[{"@type":"WebPage","@id":"https:\/\/www.semiaridos.org\/noticias\/reunion-de-miembros-de-sudamerica\/","url":"https:\/\/www.semiaridos.org\/noticias\/reunion-de-miembros-de-sudamerica\/","name":"REUNI\u00d3N DE MIEMBROS DE SUDAM\u00c9RICA - Semi\u00e1ridos","isPartOf":{"@id":"https:\/\/www.semiaridos.org\/#website"},"primaryImageOfPage":{"@id":"https:\/\/www.semiaridos.org\/noticias\/reunion-de-miembros-de-sudamerica\/#primaryimage"},"image":{"@id":"https:\/\/www.semiaridos.org\/noticias\/reunion-de-miembros-de-sudamerica\/#primaryimage"},"thumbnailUrl":"https:\/\/www.semiaridos.org\/\/files\/2016\/07\/REUNIO\u0301N-DE-MIEMBROS-DE-SUDAME\u0301RICA.jpg","datePublished":"2016-07-10T15:04:51+00:00","author":{"@id":"https:\/\/www.semiaridos.org\/#\/schema\/person\/4c4cf6a3a8d1bd0c98c84259a5db4998"},"breadcrumb":{"@id":"https:\/\/www.semiaridos.org\/noticias\/reunion-de-miembros-de-sudamerica\/#breadcrumb"},"inLanguage":"en-US","potentialAction":[{"@type":"ReadAction","target":["https:\/\/www.semiaridos.org\/noticias\/reunion-de-miembros-de-sudamerica\/"]}]},{"@type":"ImageObject","inLanguage":"en-US","@id":"https:\/\/www.semiaridos.org\/noticias\/reunion-de-miembros-de-sudamerica\/#primaryimage","url":"https:\/\/www.semiaridos.org\/\/files\/2016\/07\/REUNIO\u0301N-DE-MIEMBROS-DE-SUDAME\u0301RICA.jpg","contentUrl":"https:\/\/www.semiaridos.org\/\/files\/2016\/07\/REUNIO\u0301N-DE-MIEMBROS-DE-SUDAME\u0301RICA.jpg","width":700,"height":526},{"@type":"BreadcrumbList","@id":"https:\/\/www.semiaridos.org\/noticias\/reunion-de-miembros-de-sudamerica\/#breadcrumb","itemListElement":[{"@type":"ListItem","position":1,"name":"Portada","item":"https:\/\/www.semiaridos.org\/en\/"},{"@type":"ListItem","position":2,"name":"REUNI\u00d3N DE MIEMBROS DE SUDAM\u00c9RICA"}]},{"@type":"WebSite","@id":"https:\/\/www.semiaridos.org\/#website","url":"https:\/\/www.semiaridos.org\/","name":"Semi\u00e1ridos","description":"Otro sitio realizado con WordPress","potentialAction":[{"@type":"SearchAction","target":{"@type":"EntryPoint","urlTemplate":"https:\/\/www.semiaridos.org\/?s={search_term_string}"},"query-input":{"@type":"PropertyValueSpecification","valueRequired":true,"valueName":"search_term_string"}}],"inLanguage":"en-US"},{"@type":"Person","@id":"https:\/\/www.semiaridos.org\/#\/schema\/person\/4c4cf6a3a8d1bd0c98c84259a5db4998","name":"Semi\u00e1ridos Plataforma","image":{"@type":"ImageObject","inLanguage":"en-US","@id":"https:\/\/www.semiaridos.org\/#\/schema\/person\/image\/","url":"https:\/\/secure.gravatar.com\/avatar\/5ebd2905bbcce14afe1f3d0b167c53a55585123b9a8ebca5a6aa909278711be1?s=96&d=identicon&r=g","contentUrl":"https:\/\/secure.gravatar.com\/avatar\/5ebd2905bbcce14afe1f3d0b167c53a55585123b9a8ebca5a6aa909278711be1?s=96&d=identicon&r=g","caption":"Semi\u00e1ridos Plataforma"},"description":"Semi\u00e1ridos, iniciativa desarrollada en el marco de la International Land Coalition. Busca atender las problem\u00e1ticas de las zonas semi\u00e1ridas de Am\u00e9ricaLatina","sameAs":["http:\/\/www.semiaridos.org"]}]}},"_links":{"self":[{"href":"https:\/\/www.semiaridos.org\/en\/wp-json\/wp\/v2\/posts\/501","targetHints":{"allow":["GET"]}}],"collection":[{"href":"https:\/\/www.semiaridos.org\/en\/wp-json\/wp\/v2\/posts"}],"about":[{"href":"https:\/\/www.semiaridos.org\/en\/wp-json\/wp\/v2\/types\/post"}],"author":[{"embeddable":true,"href":"https:\/\/www.semiaridos.org\/en\/wp-json\/wp\/v2\/users\/4"}],"replies":[{"embeddable":true,"href":"https:\/\/www.semiaridos.org\/en\/wp-json\/wp\/v2\/comments?post=501"}],"version-history":[{"count":1,"href":"https:\/\/www.semiaridos.org\/en\/wp-json\/wp\/v2\/posts\/501\/revisions"}],"predecessor-version":[{"id":503,"href":"https:\/\/www.semiaridos.org\/en\/wp-json\/wp\/v2\/posts\/501\/revisions\/503"}],"wp:featuredmedia":[{"embeddable":true,"href":"https:\/\/www.semiaridos.org\/en\/wp-json\/wp\/v2\/media\/498"}],"wp:attachment":[{"href":"https:\/\/www.semiaridos.org\/en\/wp-json\/wp\/v2\/media?parent=501"}],"wp:term":[{"taxonomy":"category","embeddable":true,"href":"https:\/\/www.semiaridos.org\/en\/wp-json\/wp\/v2\/categories?post=501"},{"taxonomy":"post_tag","embeddable":true,"href":"https:\/\/www.semiaridos.org\/en\/wp-json\/wp\/v2\/tags?post=501"}],"curies":[{"name":"wp","href":"https:\/\/api.w.org\/{rel}","templated":true}]}}