{"id":1280,"date":"2017-07-05T17:35:21","date_gmt":"2017-07-05T20:35:21","guid":{"rendered":"http:\/\/www.semiaridos.org\/?p=1280\/"},"modified":"2017-07-05T17:43:49","modified_gmt":"2017-07-05T20:43:49","slug":"23-mayo-2017-land-matrix-lafp","status":"publish","type":"post","link":"https:\/\/www.semiaridos.org\/pt-br\/publicaciones\/23-mayo-2017-land-matrix-lafp\/","title":{"rendered":"23 &#8211; Mayo 2017 Land Matrix LAFP"},"content":{"rendered":"<iframe loading=\"lazy\" class=\"pdfjs-viewer\" width=\"650px\" height=\"889px\" src=\"https:\/\/www.semiaridos.org\/wp-content\/plugins\/pdf-viewer\/stable\/web\/viewer.html?file=http:\/\/www.semiaridos.org\/files\/2017\/07\/23-Mayo-2017-Land-Matrix-LAFP.pdf\"><\/iframe> \n","protected":false},"excerpt":{"rendered":"<p>Contenidos: Firma del convenio del Punto Focal Ame\u0301rica Latina<br \/>\nConferencia sobre Tierra y Pobreza del Banco Mundial<br \/>\nColaboradores en Ecuador<br \/>\nCapacitacio\u0301n e investigacio\u0301n con la Red de Colaboradores<br \/>\nArticulacio\u0301n con Land Mark y coordinacio\u0301n con ILC<br \/>\nLand Matrix se sigue ensen\u0303ando en universidades locales<br \/>\nCriollos e indi\u0301genas, en sus tierras<\/p>\n","protected":false},"author":4,"featured_media":1286,"comment_status":"open","ping_status":"open","sticky":false,"template":"","format":"standard","meta":{"footnotes":""},"categories":[11],"tags":[19,47,329,91,331,193,90,332,39,174,330],"class_list":["post-1280","post","type-post","status-publish","format-standard","has-post-thumbnail","hentry","category-publicaciones","tag-america-latina","tag-banco-mundial","tag-convenio","tag-criollos","tag-ecuador","tag-ilc","tag-indigenas","tag-land-mark","tag-land-matrix","tag-punto-focal","tag-tierra-y-pobreza"],"yoast_head":"<!-- This site is optimized with the Yoast SEO plugin v26.3 - https:\/\/yoast.com\/wordpress\/plugins\/seo\/ -->\n<title>23 - Mayo 2017 Land Matrix LAFP - Semi\u00e1ridos<\/title>\n<meta name=\"robots\" content=\"index, follow, max-snippet:-1, max-image-preview:large, max-video-preview:-1\" \/>\n<link rel=\"canonical\" href=\"https:\/\/www.semiaridos.org\/publicaciones\/23-mayo-2017-land-matrix-lafp\/\" \/>\n<meta property=\"og:locale\" content=\"pt_BR\" \/>\n<meta property=\"og:type\" content=\"article\" \/>\n<meta property=\"og:title\" content=\"23 - Mayo 2017 Land Matrix LAFP - Semi\u00e1ridos\" \/>\n<meta property=\"og:description\" content=\"Contenidos: Firma del convenio del Punto Focal Ame\u0301rica Latina Conferencia sobre Tierra y Pobreza del Banco Mundial Colaboradores en Ecuador Capacitacio\u0301n e investigacio\u0301n con la Red de Colaboradores Articulacio\u0301n con Land Mark y coordinacio\u0301n con ILC Land Matrix se sigue ensen\u0303ando en universidades locales Criollos e indi\u0301genas, en sus tierras\" \/>\n<meta property=\"og:url\" content=\"https:\/\/www.semiaridos.org\/publicaciones\/23-mayo-2017-land-matrix-lafp\/\" \/>\n<meta property=\"og:site_name\" content=\"Semi\u00e1ridos\" \/>\n<meta property=\"article:published_time\" content=\"2017-07-05T20:35:21+00:00\" \/>\n<meta property=\"article:modified_time\" content=\"2017-07-05T20:43:49+00:00\" \/>\n<meta property=\"og:image\" content=\"https:\/\/www.semiaridos.org\/\/files\/2017\/07\/23-Mayo-2017-Land-Matrix-LAFP.jpg\" \/>\n\t<meta property=\"og:image:width\" content=\"595\" \/>\n\t<meta property=\"og:image:height\" content=\"842\" \/>\n\t<meta property=\"og:image:type\" content=\"image\/jpeg\" \/>\n<meta name=\"author\" content=\"Semi\u00e1ridos Plataforma\" \/>\n<meta name=\"twitter:card\" content=\"summary_large_image\" \/>\n<meta name=\"twitter:label1\" content=\"Escrito por\" \/>\n\t<meta name=\"twitter:data1\" content=\"Semi\u00e1ridos Plataforma\" \/>\n<script type=\"application\/ld+json\" class=\"yoast-schema-graph\">{\"@context\":\"https:\/\/schema.org\",\"@graph\":[{\"@type\":\"WebPage\",\"@id\":\"https:\/\/www.semiaridos.org\/publicaciones\/23-mayo-2017-land-matrix-lafp\/\",\"url\":\"https:\/\/www.semiaridos.org\/publicaciones\/23-mayo-2017-land-matrix-lafp\/\",\"name\":\"23 - Mayo 2017 Land Matrix LAFP - Semi\u00e1ridos\",\"isPartOf\":{\"@id\":\"https:\/\/www.semiaridos.org\/#website\"},\"primaryImageOfPage\":{\"@id\":\"https:\/\/www.semiaridos.org\/publicaciones\/23-mayo-2017-land-matrix-lafp\/#primaryimage\"},\"image\":{\"@id\":\"https:\/\/www.semiaridos.org\/publicaciones\/23-mayo-2017-land-matrix-lafp\/#primaryimage\"},\"thumbnailUrl\":\"https:\/\/www.semiaridos.org\/\/files\/2017\/07\/23-Mayo-2017-Land-Matrix-LAFP.jpg\",\"datePublished\":\"2017-07-05T20:35:21+00:00\",\"dateModified\":\"2017-07-05T20:43:49+00:00\",\"author\":{\"@id\":\"https:\/\/www.semiaridos.org\/#\/schema\/person\/4c4cf6a3a8d1bd0c98c84259a5db4998\"},\"breadcrumb\":{\"@id\":\"https:\/\/www.semiaridos.org\/publicaciones\/23-mayo-2017-land-matrix-lafp\/#breadcrumb\"},\"inLanguage\":\"pt-BR\",\"potentialAction\":[{\"@type\":\"ReadAction\",\"target\":[\"https:\/\/www.semiaridos.org\/publicaciones\/23-mayo-2017-land-matrix-lafp\/\"]}]},{\"@type\":\"ImageObject\",\"inLanguage\":\"pt-BR\",\"@id\":\"https:\/\/www.semiaridos.org\/publicaciones\/23-mayo-2017-land-matrix-lafp\/#primaryimage\",\"url\":\"https:\/\/www.semiaridos.org\/\/files\/2017\/07\/23-Mayo-2017-Land-Matrix-LAFP.jpg\",\"contentUrl\":\"https:\/\/www.semiaridos.org\/\/files\/2017\/07\/23-Mayo-2017-Land-Matrix-LAFP.jpg\",\"width\":595,\"height\":842},{\"@type\":\"BreadcrumbList\",\"@id\":\"https:\/\/www.semiaridos.org\/publicaciones\/23-mayo-2017-land-matrix-lafp\/#breadcrumb\",\"itemListElement\":[{\"@type\":\"ListItem\",\"position\":1,\"name\":\"Portada\",\"item\":\"https:\/\/www.semiaridos.org\/pt-br\/\"},{\"@type\":\"ListItem\",\"position\":2,\"name\":\"23 &#8211; Mayo 2017 Land Matrix LAFP\"}]},{\"@type\":\"WebSite\",\"@id\":\"https:\/\/www.semiaridos.org\/#website\",\"url\":\"https:\/\/www.semiaridos.org\/\",\"name\":\"Semi\u00e1ridos\",\"description\":\"Otro sitio realizado con WordPress\",\"potentialAction\":[{\"@type\":\"SearchAction\",\"target\":{\"@type\":\"EntryPoint\",\"urlTemplate\":\"https:\/\/www.semiaridos.org\/?s={search_term_string}\"},\"query-input\":{\"@type\":\"PropertyValueSpecification\",\"valueRequired\":true,\"valueName\":\"search_term_string\"}}],\"inLanguage\":\"pt-BR\"},{\"@type\":\"Person\",\"@id\":\"https:\/\/www.semiaridos.org\/#\/schema\/person\/4c4cf6a3a8d1bd0c98c84259a5db4998\",\"name\":\"Semi\u00e1ridos Plataforma\",\"image\":{\"@type\":\"ImageObject\",\"inLanguage\":\"pt-BR\",\"@id\":\"https:\/\/www.semiaridos.org\/#\/schema\/person\/image\/\",\"url\":\"https:\/\/secure.gravatar.com\/avatar\/5ebd2905bbcce14afe1f3d0b167c53a55585123b9a8ebca5a6aa909278711be1?s=96&d=identicon&r=g\",\"contentUrl\":\"https:\/\/secure.gravatar.com\/avatar\/5ebd2905bbcce14afe1f3d0b167c53a55585123b9a8ebca5a6aa909278711be1?s=96&d=identicon&r=g\",\"caption\":\"Semi\u00e1ridos Plataforma\"},\"description\":\"Semi\u00e1ridos, iniciativa desarrollada en el marco de la International Land Coalition. Busca atender las problem\u00e1ticas de las zonas semi\u00e1ridas de Am\u00e9ricaLatina\",\"sameAs\":[\"http:\/\/www.semiaridos.org\"]}]}<\/script>\n<!-- \/ Yoast SEO plugin. -->","yoast_head_json":{"title":"23 - Mayo 2017 Land Matrix LAFP - Semi\u00e1ridos","robots":{"index":"index","follow":"follow","max-snippet":"max-snippet:-1","max-image-preview":"max-image-preview:large","max-video-preview":"max-video-preview:-1"},"canonical":"https:\/\/www.semiaridos.org\/publicaciones\/23-mayo-2017-land-matrix-lafp\/","og_locale":"pt_BR","og_type":"article","og_title":"23 - Mayo 2017 Land Matrix LAFP - Semi\u00e1ridos","og_description":"Contenidos: Firma del convenio del Punto Focal Ame\u0301rica Latina Conferencia sobre Tierra y Pobreza del Banco Mundial Colaboradores en Ecuador Capacitacio\u0301n e investigacio\u0301n con la Red de Colaboradores Articulacio\u0301n con Land Mark y coordinacio\u0301n con ILC Land Matrix se sigue ensen\u0303ando en universidades locales Criollos e indi\u0301genas, en sus tierras","og_url":"https:\/\/www.semiaridos.org\/publicaciones\/23-mayo-2017-land-matrix-lafp\/","og_site_name":"Semi\u00e1ridos","article_published_time":"2017-07-05T20:35:21+00:00","article_modified_time":"2017-07-05T20:43:49+00:00","og_image":[{"width":595,"height":842,"url":"https:\/\/www.semiaridos.org\/\/files\/2017\/07\/23-Mayo-2017-Land-Matrix-LAFP.jpg","type":"image\/jpeg"}],"author":"Semi\u00e1ridos Plataforma","twitter_card":"summary_large_image","twitter_misc":{"Escrito por":"Semi\u00e1ridos Plataforma"},"schema":{"@context":"https:\/\/schema.org","@graph":[{"@type":"WebPage","@id":"https:\/\/www.semiaridos.org\/publicaciones\/23-mayo-2017-land-matrix-lafp\/","url":"https:\/\/www.semiaridos.org\/publicaciones\/23-mayo-2017-land-matrix-lafp\/","name":"23 - Mayo 2017 Land Matrix LAFP - Semi\u00e1ridos","isPartOf":{"@id":"https:\/\/www.semiaridos.org\/#website"},"primaryImageOfPage":{"@id":"https:\/\/www.semiaridos.org\/publicaciones\/23-mayo-2017-land-matrix-lafp\/#primaryimage"},"image":{"@id":"https:\/\/www.semiaridos.org\/publicaciones\/23-mayo-2017-land-matrix-lafp\/#primaryimage"},"thumbnailUrl":"https:\/\/www.semiaridos.org\/\/files\/2017\/07\/23-Mayo-2017-Land-Matrix-LAFP.jpg","datePublished":"2017-07-05T20:35:21+00:00","dateModified":"2017-07-05T20:43:49+00:00","author":{"@id":"https:\/\/www.semiaridos.org\/#\/schema\/person\/4c4cf6a3a8d1bd0c98c84259a5db4998"},"breadcrumb":{"@id":"https:\/\/www.semiaridos.org\/publicaciones\/23-mayo-2017-land-matrix-lafp\/#breadcrumb"},"inLanguage":"pt-BR","potentialAction":[{"@type":"ReadAction","target":["https:\/\/www.semiaridos.org\/publicaciones\/23-mayo-2017-land-matrix-lafp\/"]}]},{"@type":"ImageObject","inLanguage":"pt-BR","@id":"https:\/\/www.semiaridos.org\/publicaciones\/23-mayo-2017-land-matrix-lafp\/#primaryimage","url":"https:\/\/www.semiaridos.org\/\/files\/2017\/07\/23-Mayo-2017-Land-Matrix-LAFP.jpg","contentUrl":"https:\/\/www.semiaridos.org\/\/files\/2017\/07\/23-Mayo-2017-Land-Matrix-LAFP.jpg","width":595,"height":842},{"@type":"BreadcrumbList","@id":"https:\/\/www.semiaridos.org\/publicaciones\/23-mayo-2017-land-matrix-lafp\/#breadcrumb","itemListElement":[{"@type":"ListItem","position":1,"name":"Portada","item":"https:\/\/www.semiaridos.org\/pt-br\/"},{"@type":"ListItem","position":2,"name":"23 &#8211; Mayo 2017 Land Matrix LAFP"}]},{"@type":"WebSite","@id":"https:\/\/www.semiaridos.org\/#website","url":"https:\/\/www.semiaridos.org\/","name":"Semi\u00e1ridos","description":"Otro sitio realizado con WordPress","potentialAction":[{"@type":"SearchAction","target":{"@type":"EntryPoint","urlTemplate":"https:\/\/www.semiaridos.org\/?s={search_term_string}"},"query-input":{"@type":"PropertyValueSpecification","valueRequired":true,"valueName":"search_term_string"}}],"inLanguage":"pt-BR"},{"@type":"Person","@id":"https:\/\/www.semiaridos.org\/#\/schema\/person\/4c4cf6a3a8d1bd0c98c84259a5db4998","name":"Semi\u00e1ridos Plataforma","image":{"@type":"ImageObject","inLanguage":"pt-BR","@id":"https:\/\/www.semiaridos.org\/#\/schema\/person\/image\/","url":"https:\/\/secure.gravatar.com\/avatar\/5ebd2905bbcce14afe1f3d0b167c53a55585123b9a8ebca5a6aa909278711be1?s=96&d=identicon&r=g","contentUrl":"https:\/\/secure.gravatar.com\/avatar\/5ebd2905bbcce14afe1f3d0b167c53a55585123b9a8ebca5a6aa909278711be1?s=96&d=identicon&r=g","caption":"Semi\u00e1ridos Plataforma"},"description":"Semi\u00e1ridos, iniciativa desarrollada en el marco de la International Land Coalition. Busca atender las problem\u00e1ticas de las zonas semi\u00e1ridas de Am\u00e9ricaLatina","sameAs":["http:\/\/www.semiaridos.org"]}]}},"_links":{"self":[{"href":"https:\/\/www.semiaridos.org\/pt-br\/wp-json\/wp\/v2\/posts\/1280","targetHints":{"allow":["GET"]}}],"collection":[{"href":"https:\/\/www.semiaridos.org\/pt-br\/wp-json\/wp\/v2\/posts"}],"about":[{"href":"https:\/\/www.semiaridos.org\/pt-br\/wp-json\/wp\/v2\/types\/post"}],"author":[{"embeddable":true,"href":"https:\/\/www.semiaridos.org\/pt-br\/wp-json\/wp\/v2\/users\/4"}],"replies":[{"embeddable":true,"href":"https:\/\/www.semiaridos.org\/pt-br\/wp-json\/wp\/v2\/comments?post=1280"}],"version-history":[{"count":3,"href":"https:\/\/www.semiaridos.org\/pt-br\/wp-json\/wp\/v2\/posts\/1280\/revisions"}],"predecessor-version":[{"id":1290,"href":"https:\/\/www.semiaridos.org\/pt-br\/wp-json\/wp\/v2\/posts\/1280\/revisions\/1290"}],"wp:featuredmedia":[{"embeddable":true,"href":"https:\/\/www.semiaridos.org\/pt-br\/wp-json\/wp\/v2\/media\/1286"}],"wp:attachment":[{"href":"https:\/\/www.semiaridos.org\/pt-br\/wp-json\/wp\/v2\/media?parent=1280"}],"wp:term":[{"taxonomy":"category","embeddable":true,"href":"https:\/\/www.semiaridos.org\/pt-br\/wp-json\/wp\/v2\/categories?post=1280"},{"taxonomy":"post_tag","embeddable":true,"href":"https:\/\/www.semiaridos.org\/pt-br\/wp-json\/wp\/v2\/tags?post=1280"}],"curies":[{"name":"wp","href":"https:\/\/api.w.org\/{rel}","templated":true}]}}