{"id":1489,"date":"2018-11-21T17:31:01","date_gmt":"2018-11-21T20:31:01","guid":{"rendered":"https:\/\/www.semiaridos.org\/?p=1489\/"},"modified":"2018-11-22T22:48:37","modified_gmt":"2018-11-23T01:48:37","slug":"semear-internacional-encerra-intercambio-na-argentina-reuniu-tecnicas-e-beneficiarias-projetos-do-fida-brasil-em-quatro-dias-atividades","status":"publish","type":"post","link":"https:\/\/www.semiaridos.org\/pt-br\/noticias\/semear-internacional-encerra-intercambio-na-argentina-reuniu-tecnicas-e-beneficiarias-projetos-do-fida-brasil-em-quatro-dias-atividades\/","title":{"rendered":"Semear Internacional encerra interc\u00e2mbio na Argentina que reuniu t\u00e9cnicas e benefici\u00e1rias de projetos do FIDA Brasil em quatro dias de atividades"},"content":{"rendered":"<p style=\"text-align: justify; line-height: 19.5pt; margin: 0cm 0cm 15.0pt 0cm;\"><span style=\"font-size: 10.5pt; font-family: 'Arial',sans-serif; color: black;\">Foi encerrada na manh\u00e3 do \u00faltimo s\u00e1bado (10), na cidade de Embarcaci\u00f3n, prov\u00edncia de Salta, Argentina, a primeira edi\u00e7\u00e3o dos \u201cInterc\u00e2mbios de Saberes nos Semi\u00e1ridos da Am\u00e9rica Latina \u2013 Acesso aos recursos naturais e mapeamento participativo \u2013 Chaco Trinacional\u201d. As oito brasileiras de projetos apoiados pelo FIDA no Brasil que participaram do evento junto a uma comitiva composta por representantes de v\u00e1rios pa\u00edses da Am\u00e9rica Latina receberam os certificados da coordena\u00e7\u00e3o do evento, em solenidade que marcou o encerramento dos cinco dias de trabalho.<\/span><\/p>\n<p style=\"text-align: justify; line-height: 19.5pt; margin: 0cm 0cm 15.0pt 0cm;\"><span style=\"font-size: 10.5pt; font-family: 'Arial',sans-serif; color: black;\">Al\u00e9m dos projetos do \u00a0FIDA na Para\u00edba (Procase), Piau\u00ed (Viva o Semi\u00e1rido), Sergipe (Dom T\u00e1vora) e Cear\u00e1 (Paulo Freire), atrav\u00e9s do Semear Internacional, foram mobilizadas para integrar a comitiva brasileira que participou deste interc\u00e2mbio, entidades como o Instituto Interamericano de Coopera\u00e7\u00e3o para a Agricultura (IICA), International Land Coalition, Plataforma Semi\u00e1ridos da Am\u00e9rica, FUNDAPAZ, Articula\u00e7\u00e3o Semi\u00e1rido Brasileiro (ASA), Centro de Desenvolvimento Agroecol\u00f3gico Sabi\u00e1, Servi\u00e7os de Assessoria a Organiza\u00e7\u00f5es Populares Rurais (Sasop), Centro de Estudos do Trabalho e de Assessoria ao Trabalhador (Cetra), Caatinga, Fundaci\u00f3n Nacional para el Desarrollo \u2013 El Salvador (FUNDE), Funda\u00e7\u00e3o Avina, Servi\u00e7o Mundial de Igrejas (CWS), Sistema de Investigaci\u00f3n sobre la Problem\u00e1tica Agraria en el Ecuador \/ Estrategia Nacional de Involucramiento (SIPAE \/ ENI Ecuador) e Centro de Estudios Regionales para el Desarrollo de Bolivia \u2013 CERDET.<\/span><\/p>\n<p style=\"text-align: justify; line-height: 19.5pt; margin: 0cm 0cm 15.0pt 0cm;\"><span style=\"font-size: 10.5pt; font-family: 'Arial',sans-serif; color: black;\">Entre os dias 06 e 10 de novembro foram realizadas 8 visitas de campo, reuni\u00f5es locais, apresenta\u00e7\u00f5es individuais e rodadas de conversa sobre temas ligados a acesso \u00e0 \u00e1gua e \u00e0 terra na realidade dos moradores da zona rural da regi\u00e3o do \u201cChaco Trinacional\u201d, que compreende parte da fronteira entre a Argentina, Paraguai e Bol\u00edvia. As atividades ocorreram na prov\u00edncia de Salta, regi\u00e3o norte da Argentina.<\/span><\/p>\n<p style=\"text-align: justify; line-height: 19.5pt; margin: 0cm 0cm 15.0pt 0cm;\"><span style=\"font-size: 10.5pt; font-family: 'Arial',sans-serif; color: black;\">A abertura do evento aconteceu em Salta, com a presen\u00e7a de um representante do Governo da Prov\u00edncia e todas as entidades envolvidas na coordena\u00e7\u00e3o do evento. Logo em seguida a comitiva seguiu para visitas em campo, que ocorreram em comunidades rurais das cidades de Los Blancos e Morillo. Entre as experi\u00eancias visitadas, a comitiva conheceu um trabalho de mapeamento participativo no processo de divis\u00e3o de terras realizado pelos pr\u00f3prios moradores de aldeias ind\u00edgenas da regi\u00e3o, a exemplo da comunidade Wichi Lewhetes rec\u00e9m assentada ap\u00f3s a aldeia ter sido destru\u00edda em um desastre ambiental.<\/span><\/p>\n<p style=\"text-align: justify; line-height: 19.5pt; margin: 0cm 0cm 15.0pt 0cm;\"><span style=\"font-size: 10.5pt; font-family: 'Arial',sans-serif; color: black;\">\u201cEsta visita nos despertou para a necessidade de uma forma\u00e7\u00e3o de mapeadores aqui no Brasil. Tivemos uma longa conversa com o cacique da tribo que explicou em detalhes como se deu este reassentamento a partir desta metodologia. Ap\u00f3s o final dos trabalhos l\u00e1 na Argentina, j\u00e1 come\u00e7amos os primeiros contatos para que viabilizemos uma a\u00e7\u00e3o de forma\u00e7\u00e3o que dever\u00e1 ocorrer aqui no Brasil direcionado a t\u00e9cnicos e benefici\u00e1rios dos projetos FIDA e parceiros estrat\u00e9gicos.\u201d, explicou a gerente de Coopera\u00e7\u00e3o Sul-Sul do Programa Semear Internacional, Ruth Pucheta, que representou o FIDA durante todo o evento. O especialista em Coopera\u00e7\u00e3o T\u00e9cnica do Instituto Interamericano de Coopera\u00e7\u00e3o para a Agricultura (IICA), Rodolfo Daldegan, que supervisiona o Semear Internacional, representou \u00a0o IICA durante o evento.<\/span><\/p>\n<p style=\"text-align: justify; line-height: 19.5pt; margin: 0cm 0cm 15.0pt 0cm;\"><span style=\"font-size: 10.5pt; font-family: 'Arial',sans-serif; color: black;\">A comitiva conheceu ainda uma experi\u00eancia de capta\u00e7\u00e3o de \u00e1gua que uma escola municipal desenvolveu h\u00e1 cerca de um ano, um trabalho fruto de interc\u00e2mbios com experi\u00eancias no semi\u00e1rido brasileiro. A t\u00e9cnica foi desenvolvida para assegurar o abastecimento de \u00e1gua de 70 alunos tamb\u00e9m da comunidade Wichi Lewhetes, localizada na cidade de Morillo. Ap\u00f3s a implanta\u00e7\u00e3o, a comunidade conseguiu autonomia para garantir \u00e1gua para consumo durante todo o ano letivo.<\/span><\/p>\n<p style=\"text-align: justify; line-height: 19.5pt; margin: 0cm 0cm 15.0pt 0cm;\"><span style=\"font-size: 10.5pt; font-family: 'Arial',sans-serif; color: black;\">O protagonismo feminino tamb\u00e9m foi uma das tem\u00e1ticas do interc\u00e2mbio. No segundo dia de visitas, a comitiva conheceu a hist\u00f3ria de Lucia, presidenta da\u00a0\u00a0\u00a0\u00a0\u00a0\u00a0\u00a0\u00a0\u00a0\u00a0\u00a0 Associa\u00e7\u00e3o Criolla Uni\u00f3n y Progreso de Morillo, que conseguiu liderar um processo intenso de demarca\u00e7\u00e3o de terras para camponeses criadores de gado, a negocia\u00e7\u00e3o de uma lei provincial que suspende os despejos camponeses; fundar uma r\u00e1dio comunit\u00e1ria; tocar sua comunidade e dividir seu tempo em criar as filhas.<\/span><\/p>\n<p style=\"text-align: justify; line-height: 19.5pt; margin: 0cm 0cm 15.0pt 0cm;\"><span style=\"font-size: 10.5pt; font-family: 'Arial',sans-serif; color: black;\">O Interc\u00e2mbio tamb\u00e9m reservou um momento de apresenta\u00e7\u00f5es para as brasileiras mostrarem o trabalho desenvolvido em suas regi\u00f5es com o apoio dos projetos do FIDA no Brasil. Da Para\u00edba foi mostrado a arte das louceiras de Santa Luzia e melhoramento do trabalho daquelas mulheres. Do Cear\u00e1, a atua\u00e7\u00e3o de doze jovens de uma comunidade quilombola que assumiram toda a dire\u00e7\u00e3o da associa\u00e7\u00e3o. De Sergipe, o processo de desenvolvimento produtivo da comunidade quilombola na \u00e1rea de turismo de base comunit\u00e1ria. E do Piau\u00ed, o processo de reconhecimento de uma comunidade quilombola e acesso a terra em um assentamento.<\/span><\/p>\n<p style=\"text-align: justify; line-height: 19.5pt; margin: 0cm 0cm 15.0pt 0cm;\"><span style=\"font-size: 10.5pt; font-family: 'Arial',sans-serif; color: black;\">O Interc\u00e2mbio foi uma realiza\u00e7\u00e3o do FIDA, IICA, Programa Semear Internacional, Plataforma Semi\u00e1ridos da Am\u00e9rica e FUNDAPAZ, em parceria com a International Land Coalition e Centro de Desenvolvimento Agroecol\u00f3gico Sabi\u00e1.<\/span><\/p>\n<p style=\"text-align: justify; line-height: 19.5pt; margin: 0cm 0cm 15.0pt 0cm;\"><strong><span style=\"font-size: 10.5pt; font-family: 'Arial',sans-serif; color: black;\"><img loading=\"lazy\" decoding=\"async\" class=\"aligncenter wp-image-1491 size-full\" title=\"Encuentro OFC Santa Victoria\" src=\"https:\/\/www.semiaridos.org\/files\/2018\/11\/Encuentro-OFC-Santa-Victoria.jpg\" alt=\"Encuentro OFC Santa Victoria\" width=\"960\" height=\"720\" srcset=\"https:\/\/www.semiaridos.org\/\/files\/2018\/11\/Encuentro-OFC-Santa-Victoria.jpg 960w, https:\/\/www.semiaridos.org\/\/files\/2018\/11\/Encuentro-OFC-Santa-Victoria-300x225.jpg 300w, https:\/\/www.semiaridos.org\/\/files\/2018\/11\/Encuentro-OFC-Santa-Victoria-768x576.jpg 768w, https:\/\/www.semiaridos.org\/\/files\/2018\/11\/Encuentro-OFC-Santa-Victoria-800x600.jpg 800w, https:\/\/www.semiaridos.org\/\/files\/2018\/11\/Encuentro-OFC-Santa-Victoria-700x525.jpg 700w\" sizes=\"auto, (max-width: 960px) 100vw, 960px\" \/>Mapeamento Participativo<\/span><\/strong><\/p>\n<p style=\"text-align: justify; line-height: 19.5pt; margin: 0cm 0cm 15.0pt 0cm;\"><span style=\"font-size: 10.5pt; font-family: 'Arial',sans-serif; color: black;\">A metodologia implementada por ind\u00edgenas e criollos na regi\u00e3o do Chaco Trinacional, e que o Semear Internacional buscar\u00e1 replicar no Brasil, foi uma t\u00e9cnica que utilizada para definir a pontos de uso dos recursos naturais por ambos os grupos e que permitiu iniciar o processo de negocia\u00e7\u00e3o entre eles, assim como de demarca\u00e7\u00e3o do territ\u00f3rio seja com o governo ou com particulares. Ele tamb\u00e9m facilitou a identifica\u00e7\u00e3o de um local adequado para reassentamento das fam\u00edlias de La Curvita, ap\u00f3s um desastre natural atingir a antiga sede do povoado ind\u00edgena.<\/span><\/p>\n<p style=\"text-align: justify; line-height: 19.5pt; margin: 0cm 0cm 15.0pt 0cm;\"><span style=\"font-size: 10.5pt; font-family: 'Arial',sans-serif; color: black;\">Durante a visita da comitiva do interc\u00e2mbio, o cacique da aldeia mostrou detalhes de como foi feito este processo e tirou d\u00favidas dos brasileiros sobre a metodologia. A reuni\u00e3o ocorreu na sede da nova aldeia que ainda est\u00e1 em constru\u00e7\u00e3o por eles estarem naquela regi\u00e3o h\u00e1 pouco menos de um ano.<\/span><\/p>\n","protected":false},"excerpt":{"rendered":"<p>Foi encerrada na manh\u00e3 do \u00faltimo s\u00e1bado (10), na cidade de Embarcaci\u00f3n, prov\u00edncia de Salta, Argentina, a primeira edi\u00e7\u00e3o dos \u201cInterc\u00e2mbios de Saberes nos Semi\u00e1ridos da Am\u00e9rica Latina \u2013 Acesso aos recursos naturais e mapeamento participativo \u2013 Chaco Trinacional\u201d. As oito brasileiras de projetos apoiados&#8230;<\/p>\n","protected":false},"author":4,"featured_media":1490,"comment_status":"open","ping_status":"open","sticky":false,"template":"","format":"standard","meta":{"footnotes":""},"categories":[256],"tags":[506,505,504],"class_list":["post-1489","post","type-post","status-publish","format-standard","has-post-thumbnail","hentry","category-noticias","tag-chaco-trinacional-e-intercambio","tag-mapeamento-participativo","tag-recursos-naturais"],"yoast_head":"<!-- This site is optimized with the Yoast SEO plugin v26.3 - https:\/\/yoast.com\/wordpress\/plugins\/seo\/ -->\n<title>Semear Internacional encerra interc\u00e2mbio na Argentina que reuniu t\u00e9cnicas e benefici\u00e1rias de projetos do FIDA Brasil em quatro dias de atividades - Semi\u00e1ridos<\/title>\n<meta name=\"robots\" content=\"index, follow, max-snippet:-1, max-image-preview:large, max-video-preview:-1\" \/>\n<link rel=\"canonical\" href=\"https:\/\/www.semiaridos.org\/pt-br\/noticias\/semear-internacional-encerra-intercambio-na-argentina-reuniu-tecnicas-e-beneficiarias-projetos-do-fida-brasil-em-quatro-dias-atividades\/\" \/>\n<meta property=\"og:locale\" content=\"pt_BR\" \/>\n<meta property=\"og:type\" content=\"article\" \/>\n<meta property=\"og:title\" content=\"Semear Internacional encerra interc\u00e2mbio na Argentina que reuniu t\u00e9cnicas e benefici\u00e1rias de projetos do FIDA Brasil em quatro dias de atividades - Semi\u00e1ridos\" \/>\n<meta property=\"og:description\" content=\"Foi encerrada na manh\u00e3 do \u00faltimo s\u00e1bado (10), na cidade de Embarcaci\u00f3n, prov\u00edncia de Salta, Argentina, a primeira edi\u00e7\u00e3o dos \u201cInterc\u00e2mbios de Saberes nos Semi\u00e1ridos da Am\u00e9rica Latina \u2013 Acesso aos recursos naturais e mapeamento participativo \u2013 Chaco Trinacional\u201d. As oito brasileiras de projetos apoiados...\" \/>\n<meta property=\"og:url\" content=\"https:\/\/www.semiaridos.org\/pt-br\/noticias\/semear-internacional-encerra-intercambio-na-argentina-reuniu-tecnicas-e-beneficiarias-projetos-do-fida-brasil-em-quatro-dias-atividades\/\" \/>\n<meta property=\"og:site_name\" content=\"Semi\u00e1ridos\" \/>\n<meta property=\"article:published_time\" content=\"2018-11-21T20:31:01+00:00\" \/>\n<meta property=\"article:modified_time\" content=\"2018-11-23T01:48:37+00:00\" \/>\n<meta property=\"og:image\" content=\"https:\/\/www.semiaridos.org\/\/files\/2018\/11\/Maestro-escuela-15-viviendas-cisterna.jpg\" \/>\n\t<meta property=\"og:image:width\" content=\"960\" \/>\n\t<meta property=\"og:image:height\" content=\"720\" \/>\n\t<meta property=\"og:image:type\" content=\"image\/jpeg\" \/>\n<meta name=\"author\" content=\"Semi\u00e1ridos Plataforma\" \/>\n<meta name=\"twitter:card\" content=\"summary_large_image\" \/>\n<meta name=\"twitter:label1\" content=\"Escrito por\" \/>\n\t<meta name=\"twitter:data1\" content=\"Semi\u00e1ridos Plataforma\" \/>\n\t<meta name=\"twitter:label2\" content=\"Est. tempo de leitura\" \/>\n\t<meta name=\"twitter:data2\" content=\"5 minutos\" \/>\n<script type=\"application\/ld+json\" class=\"yoast-schema-graph\">{\"@context\":\"https:\/\/schema.org\",\"@graph\":[{\"@type\":\"WebPage\",\"@id\":\"https:\/\/www.semiaridos.org\/pt-br\/noticias\/semear-internacional-encerra-intercambio-na-argentina-reuniu-tecnicas-e-beneficiarias-projetos-do-fida-brasil-em-quatro-dias-atividades\/\",\"url\":\"https:\/\/www.semiaridos.org\/pt-br\/noticias\/semear-internacional-encerra-intercambio-na-argentina-reuniu-tecnicas-e-beneficiarias-projetos-do-fida-brasil-em-quatro-dias-atividades\/\",\"name\":\"Semear Internacional encerra interc\u00e2mbio na Argentina que reuniu t\u00e9cnicas e benefici\u00e1rias de projetos do FIDA Brasil em quatro dias de atividades - Semi\u00e1ridos\",\"isPartOf\":{\"@id\":\"https:\/\/www.semiaridos.org\/#website\"},\"primaryImageOfPage\":{\"@id\":\"https:\/\/www.semiaridos.org\/pt-br\/noticias\/semear-internacional-encerra-intercambio-na-argentina-reuniu-tecnicas-e-beneficiarias-projetos-do-fida-brasil-em-quatro-dias-atividades\/#primaryimage\"},\"image\":{\"@id\":\"https:\/\/www.semiaridos.org\/pt-br\/noticias\/semear-internacional-encerra-intercambio-na-argentina-reuniu-tecnicas-e-beneficiarias-projetos-do-fida-brasil-em-quatro-dias-atividades\/#primaryimage\"},\"thumbnailUrl\":\"https:\/\/www.semiaridos.org\/\/files\/2018\/11\/Maestro-escuela-15-viviendas-cisterna.jpg\",\"datePublished\":\"2018-11-21T20:31:01+00:00\",\"dateModified\":\"2018-11-23T01:48:37+00:00\",\"author\":{\"@id\":\"https:\/\/www.semiaridos.org\/#\/schema\/person\/4c4cf6a3a8d1bd0c98c84259a5db4998\"},\"breadcrumb\":{\"@id\":\"https:\/\/www.semiaridos.org\/pt-br\/noticias\/semear-internacional-encerra-intercambio-na-argentina-reuniu-tecnicas-e-beneficiarias-projetos-do-fida-brasil-em-quatro-dias-atividades\/#breadcrumb\"},\"inLanguage\":\"pt-BR\",\"potentialAction\":[{\"@type\":\"ReadAction\",\"target\":[\"https:\/\/www.semiaridos.org\/pt-br\/noticias\/semear-internacional-encerra-intercambio-na-argentina-reuniu-tecnicas-e-beneficiarias-projetos-do-fida-brasil-em-quatro-dias-atividades\/\"]}]},{\"@type\":\"ImageObject\",\"inLanguage\":\"pt-BR\",\"@id\":\"https:\/\/www.semiaridos.org\/pt-br\/noticias\/semear-internacional-encerra-intercambio-na-argentina-reuniu-tecnicas-e-beneficiarias-projetos-do-fida-brasil-em-quatro-dias-atividades\/#primaryimage\",\"url\":\"https:\/\/www.semiaridos.org\/\/files\/2018\/11\/Maestro-escuela-15-viviendas-cisterna.jpg\",\"contentUrl\":\"https:\/\/www.semiaridos.org\/\/files\/2018\/11\/Maestro-escuela-15-viviendas-cisterna.jpg\",\"width\":960,\"height\":720,\"caption\":\"Maestro escuela 15 viviendas cisterna\"},{\"@type\":\"BreadcrumbList\",\"@id\":\"https:\/\/www.semiaridos.org\/pt-br\/noticias\/semear-internacional-encerra-intercambio-na-argentina-reuniu-tecnicas-e-beneficiarias-projetos-do-fida-brasil-em-quatro-dias-atividades\/#breadcrumb\",\"itemListElement\":[{\"@type\":\"ListItem\",\"position\":1,\"name\":\"Portada\",\"item\":\"https:\/\/www.semiaridos.org\/pt-br\/\"},{\"@type\":\"ListItem\",\"position\":2,\"name\":\"Semear Internacional encerra interc\u00e2mbio na Argentina que reuniu t\u00e9cnicas e benefici\u00e1rias de projetos do FIDA Brasil em quatro dias de atividades\"}]},{\"@type\":\"WebSite\",\"@id\":\"https:\/\/www.semiaridos.org\/#website\",\"url\":\"https:\/\/www.semiaridos.org\/\",\"name\":\"Semi\u00e1ridos\",\"description\":\"Otro sitio realizado con WordPress\",\"potentialAction\":[{\"@type\":\"SearchAction\",\"target\":{\"@type\":\"EntryPoint\",\"urlTemplate\":\"https:\/\/www.semiaridos.org\/?s={search_term_string}\"},\"query-input\":{\"@type\":\"PropertyValueSpecification\",\"valueRequired\":true,\"valueName\":\"search_term_string\"}}],\"inLanguage\":\"pt-BR\"},{\"@type\":\"Person\",\"@id\":\"https:\/\/www.semiaridos.org\/#\/schema\/person\/4c4cf6a3a8d1bd0c98c84259a5db4998\",\"name\":\"Semi\u00e1ridos Plataforma\",\"image\":{\"@type\":\"ImageObject\",\"inLanguage\":\"pt-BR\",\"@id\":\"https:\/\/www.semiaridos.org\/#\/schema\/person\/image\/\",\"url\":\"https:\/\/secure.gravatar.com\/avatar\/5ebd2905bbcce14afe1f3d0b167c53a55585123b9a8ebca5a6aa909278711be1?s=96&d=identicon&r=g\",\"contentUrl\":\"https:\/\/secure.gravatar.com\/avatar\/5ebd2905bbcce14afe1f3d0b167c53a55585123b9a8ebca5a6aa909278711be1?s=96&d=identicon&r=g\",\"caption\":\"Semi\u00e1ridos Plataforma\"},\"description\":\"Semi\u00e1ridos, iniciativa desarrollada en el marco de la International Land Coalition. Busca atender las problem\u00e1ticas de las zonas semi\u00e1ridas de Am\u00e9ricaLatina\",\"sameAs\":[\"http:\/\/www.semiaridos.org\"]}]}<\/script>\n<!-- \/ Yoast SEO plugin. -->","yoast_head_json":{"title":"Semear Internacional encerra interc\u00e2mbio na Argentina que reuniu t\u00e9cnicas e benefici\u00e1rias de projetos do FIDA Brasil em quatro dias de atividades - Semi\u00e1ridos","robots":{"index":"index","follow":"follow","max-snippet":"max-snippet:-1","max-image-preview":"max-image-preview:large","max-video-preview":"max-video-preview:-1"},"canonical":"https:\/\/www.semiaridos.org\/pt-br\/noticias\/semear-internacional-encerra-intercambio-na-argentina-reuniu-tecnicas-e-beneficiarias-projetos-do-fida-brasil-em-quatro-dias-atividades\/","og_locale":"pt_BR","og_type":"article","og_title":"Semear Internacional encerra interc\u00e2mbio na Argentina que reuniu t\u00e9cnicas e benefici\u00e1rias de projetos do FIDA Brasil em quatro dias de atividades - Semi\u00e1ridos","og_description":"Foi encerrada na manh\u00e3 do \u00faltimo s\u00e1bado (10), na cidade de Embarcaci\u00f3n, prov\u00edncia de Salta, Argentina, a primeira edi\u00e7\u00e3o dos \u201cInterc\u00e2mbios de Saberes nos Semi\u00e1ridos da Am\u00e9rica Latina \u2013 Acesso aos recursos naturais e mapeamento participativo \u2013 Chaco Trinacional\u201d. As oito brasileiras de projetos apoiados...","og_url":"https:\/\/www.semiaridos.org\/pt-br\/noticias\/semear-internacional-encerra-intercambio-na-argentina-reuniu-tecnicas-e-beneficiarias-projetos-do-fida-brasil-em-quatro-dias-atividades\/","og_site_name":"Semi\u00e1ridos","article_published_time":"2018-11-21T20:31:01+00:00","article_modified_time":"2018-11-23T01:48:37+00:00","og_image":[{"width":960,"height":720,"url":"https:\/\/www.semiaridos.org\/\/files\/2018\/11\/Maestro-escuela-15-viviendas-cisterna.jpg","type":"image\/jpeg"}],"author":"Semi\u00e1ridos Plataforma","twitter_card":"summary_large_image","twitter_misc":{"Escrito por":"Semi\u00e1ridos Plataforma","Est. tempo de leitura":"5 minutos"},"schema":{"@context":"https:\/\/schema.org","@graph":[{"@type":"WebPage","@id":"https:\/\/www.semiaridos.org\/pt-br\/noticias\/semear-internacional-encerra-intercambio-na-argentina-reuniu-tecnicas-e-beneficiarias-projetos-do-fida-brasil-em-quatro-dias-atividades\/","url":"https:\/\/www.semiaridos.org\/pt-br\/noticias\/semear-internacional-encerra-intercambio-na-argentina-reuniu-tecnicas-e-beneficiarias-projetos-do-fida-brasil-em-quatro-dias-atividades\/","name":"Semear Internacional encerra interc\u00e2mbio na Argentina que reuniu t\u00e9cnicas e benefici\u00e1rias de projetos do FIDA Brasil em quatro dias de atividades - Semi\u00e1ridos","isPartOf":{"@id":"https:\/\/www.semiaridos.org\/#website"},"primaryImageOfPage":{"@id":"https:\/\/www.semiaridos.org\/pt-br\/noticias\/semear-internacional-encerra-intercambio-na-argentina-reuniu-tecnicas-e-beneficiarias-projetos-do-fida-brasil-em-quatro-dias-atividades\/#primaryimage"},"image":{"@id":"https:\/\/www.semiaridos.org\/pt-br\/noticias\/semear-internacional-encerra-intercambio-na-argentina-reuniu-tecnicas-e-beneficiarias-projetos-do-fida-brasil-em-quatro-dias-atividades\/#primaryimage"},"thumbnailUrl":"https:\/\/www.semiaridos.org\/\/files\/2018\/11\/Maestro-escuela-15-viviendas-cisterna.jpg","datePublished":"2018-11-21T20:31:01+00:00","dateModified":"2018-11-23T01:48:37+00:00","author":{"@id":"https:\/\/www.semiaridos.org\/#\/schema\/person\/4c4cf6a3a8d1bd0c98c84259a5db4998"},"breadcrumb":{"@id":"https:\/\/www.semiaridos.org\/pt-br\/noticias\/semear-internacional-encerra-intercambio-na-argentina-reuniu-tecnicas-e-beneficiarias-projetos-do-fida-brasil-em-quatro-dias-atividades\/#breadcrumb"},"inLanguage":"pt-BR","potentialAction":[{"@type":"ReadAction","target":["https:\/\/www.semiaridos.org\/pt-br\/noticias\/semear-internacional-encerra-intercambio-na-argentina-reuniu-tecnicas-e-beneficiarias-projetos-do-fida-brasil-em-quatro-dias-atividades\/"]}]},{"@type":"ImageObject","inLanguage":"pt-BR","@id":"https:\/\/www.semiaridos.org\/pt-br\/noticias\/semear-internacional-encerra-intercambio-na-argentina-reuniu-tecnicas-e-beneficiarias-projetos-do-fida-brasil-em-quatro-dias-atividades\/#primaryimage","url":"https:\/\/www.semiaridos.org\/\/files\/2018\/11\/Maestro-escuela-15-viviendas-cisterna.jpg","contentUrl":"https:\/\/www.semiaridos.org\/\/files\/2018\/11\/Maestro-escuela-15-viviendas-cisterna.jpg","width":960,"height":720,"caption":"Maestro escuela 15 viviendas cisterna"},{"@type":"BreadcrumbList","@id":"https:\/\/www.semiaridos.org\/pt-br\/noticias\/semear-internacional-encerra-intercambio-na-argentina-reuniu-tecnicas-e-beneficiarias-projetos-do-fida-brasil-em-quatro-dias-atividades\/#breadcrumb","itemListElement":[{"@type":"ListItem","position":1,"name":"Portada","item":"https:\/\/www.semiaridos.org\/pt-br\/"},{"@type":"ListItem","position":2,"name":"Semear Internacional encerra interc\u00e2mbio na Argentina que reuniu t\u00e9cnicas e benefici\u00e1rias de projetos do FIDA Brasil em quatro dias de atividades"}]},{"@type":"WebSite","@id":"https:\/\/www.semiaridos.org\/#website","url":"https:\/\/www.semiaridos.org\/","name":"Semi\u00e1ridos","description":"Otro sitio realizado con WordPress","potentialAction":[{"@type":"SearchAction","target":{"@type":"EntryPoint","urlTemplate":"https:\/\/www.semiaridos.org\/?s={search_term_string}"},"query-input":{"@type":"PropertyValueSpecification","valueRequired":true,"valueName":"search_term_string"}}],"inLanguage":"pt-BR"},{"@type":"Person","@id":"https:\/\/www.semiaridos.org\/#\/schema\/person\/4c4cf6a3a8d1bd0c98c84259a5db4998","name":"Semi\u00e1ridos Plataforma","image":{"@type":"ImageObject","inLanguage":"pt-BR","@id":"https:\/\/www.semiaridos.org\/#\/schema\/person\/image\/","url":"https:\/\/secure.gravatar.com\/avatar\/5ebd2905bbcce14afe1f3d0b167c53a55585123b9a8ebca5a6aa909278711be1?s=96&d=identicon&r=g","contentUrl":"https:\/\/secure.gravatar.com\/avatar\/5ebd2905bbcce14afe1f3d0b167c53a55585123b9a8ebca5a6aa909278711be1?s=96&d=identicon&r=g","caption":"Semi\u00e1ridos Plataforma"},"description":"Semi\u00e1ridos, iniciativa desarrollada en el marco de la International Land Coalition. Busca atender las problem\u00e1ticas de las zonas semi\u00e1ridas de Am\u00e9ricaLatina","sameAs":["http:\/\/www.semiaridos.org"]}]}},"_links":{"self":[{"href":"https:\/\/www.semiaridos.org\/pt-br\/wp-json\/wp\/v2\/posts\/1489","targetHints":{"allow":["GET"]}}],"collection":[{"href":"https:\/\/www.semiaridos.org\/pt-br\/wp-json\/wp\/v2\/posts"}],"about":[{"href":"https:\/\/www.semiaridos.org\/pt-br\/wp-json\/wp\/v2\/types\/post"}],"author":[{"embeddable":true,"href":"https:\/\/www.semiaridos.org\/pt-br\/wp-json\/wp\/v2\/users\/4"}],"replies":[{"embeddable":true,"href":"https:\/\/www.semiaridos.org\/pt-br\/wp-json\/wp\/v2\/comments?post=1489"}],"version-history":[{"count":2,"href":"https:\/\/www.semiaridos.org\/pt-br\/wp-json\/wp\/v2\/posts\/1489\/revisions"}],"predecessor-version":[{"id":1493,"href":"https:\/\/www.semiaridos.org\/pt-br\/wp-json\/wp\/v2\/posts\/1489\/revisions\/1493"}],"wp:featuredmedia":[{"embeddable":true,"href":"https:\/\/www.semiaridos.org\/pt-br\/wp-json\/wp\/v2\/media\/1490"}],"wp:attachment":[{"href":"https:\/\/www.semiaridos.org\/pt-br\/wp-json\/wp\/v2\/media?parent=1489"}],"wp:term":[{"taxonomy":"category","embeddable":true,"href":"https:\/\/www.semiaridos.org\/pt-br\/wp-json\/wp\/v2\/categories?post=1489"},{"taxonomy":"post_tag","embeddable":true,"href":"https:\/\/www.semiaridos.org\/pt-br\/wp-json\/wp\/v2\/tags?post=1489"}],"curies":[{"name":"wp","href":"https:\/\/api.w.org\/{rel}","templated":true}]}}