{"id":1562,"date":"2019-07-19T16:19:10","date_gmt":"2019-07-19T19:19:10","guid":{"rendered":"https:\/\/www.semiaridos.org\/noticias\/encuentro-intercambio-juventud-agroecologia\/"},"modified":"2019-07-22T12:36:58","modified_gmt":"2019-07-22T15:36:58","slug":"representantes-de-cinco-paises-e-de-projetos-apoiados-pelo-fida-no-brasil-visitarao-comunidades-rurais-da-paraiba-e-pernambuco","status":"publish","type":"post","link":"https:\/\/www.semiaridos.org\/pt-br\/noticias\/representantes-de-cinco-paises-e-de-projetos-apoiados-pelo-fida-no-brasil-visitarao-comunidades-rurais-da-paraiba-e-pernambuco\/","title":{"rendered":"Representantes de cinco pa\u00edses e de projetos apoiados pelo FIDA no Brasil visitar\u00e3o comunidades rurais da Para\u00edba e Pernambuco"},"content":{"rendered":"<p><a href=\"https:\/\/www.semiaridos.org\/files\/2019\/07\/Capa-para-Facebook.png\" rel=\"wpdevart_lightbox\"><img loading=\"lazy\" decoding=\"async\" class=\"aligncenter size-full wp-image-1558\" src=\"https:\/\/www.semiaridos.org\/files\/2019\/07\/Capa-para-Facebook.png\" alt=\"Saberes 2019\" width=\"828\" height=\"315\" srcset=\"https:\/\/www.semiaridos.org\/\/files\/2019\/07\/Capa-para-Facebook.png 828w, https:\/\/www.semiaridos.org\/\/files\/2019\/07\/Capa-para-Facebook-300x114.png 300w, https:\/\/www.semiaridos.org\/\/files\/2019\/07\/Capa-para-Facebook-768x292.png 768w, https:\/\/www.semiaridos.org\/\/files\/2019\/07\/Capa-para-Facebook-700x266.png 700w\" sizes=\"auto, (max-width: 828px) 100vw, 828px\" \/><\/a><\/p>\n<p><em>Experi\u00eancias agroecol\u00f3gicas praticadas por jovens brasileiros servir\u00e3o de exemplo em evento que percorrer\u00e1 os dois estados em cinco dias<\/em><\/p>\n<p>Os estados de Pernambuco e Para\u00edba sediar\u00e3o, entre os dias 22 e 26 de julho, o terceiro encontro dos Interc\u00e2mbios de saberes nos semi\u00e1ridos da Am\u00e9rica Latina, que nesta etapa abordar\u00e1 o tema \u201cJuventudes e Agroecologia\u201d, reunindo cerca de 100 pessoas entre jovens, mulheres, agricultores e t\u00e9cnicos de projetos que trabalham com desenvolvimento rural no Brasil, Argentina, Bol\u00edvia, Paraguai, Nicar\u00e1gua, e El Salvador, muitas delas que recebem o apoio do Fundo Internacional de Desenvolvimento Agr\u00edcola (FIDA).<\/p>\n<p>Do Brasil, os projetos apoiados pelo FIDA nos estados da Para\u00edba (Procase), Piau\u00ed (Viva o Semi\u00e1rido), Sergipe (Dom T\u00e1vora), Bahia (Pr\u00f3 Semi\u00e1rido) e Cear\u00e1 (Paulo Freire) enviar\u00e3o representantes para os cinco dias de evento. Tamb\u00e9m far\u00e3o parte representantes do projeto Dom Helder, que atua em v\u00e1rios estados brasileiros, fruto de uma parceria entre o FIDA e o Governo Federal.<\/p>\n<p>Em formato de caravana, o evento iniciar\u00e1 no munic\u00edpio de Caruaru-PE, seguindo para Campina Grande-PB, com visitas a comunidades rurais que se destacam na produ\u00e7\u00e3o agroecol\u00f3gica, organiza\u00e7\u00e3o comunit\u00e1ria e acesso \u00e0 \u00e1gua entre jovens. \u201cVisitaremos experi\u00eancias e conheceremos trajet\u00f3rias consolidadas em pr\u00e1ticas de agroecologia envolvendo a juventude\u201d, frisou a gerente de Coopera\u00e7\u00e3o Sul-Sul, do programa Semear Internacional, Ruth Pucheta.<\/p>\n<p>A inten\u00e7\u00e3o das visitas \u00e9 fazer com que as experi\u00eancias que ser\u00e3o visitadas possam servir de exemplo tanto dentro como fora do Brasil. Em cada visita, cada pr\u00e1tica identificada ser\u00e1 conferida em detalhes pelos participantes, eliminando d\u00favidas e gerando informa\u00e7\u00f5es que possam ser replicadas em suas regi\u00f5es.<\/p>\n<p>Esta \u00e9 a terceira etapa dos interc\u00e2mbios que foram iniciados em novembro de 2018, com uma primeira edi\u00e7\u00e3o realizada na prov\u00edncia de Salta na Argentina, onde foram visitadas iniciativas que se destacam na \u00e1rea do mapeamento participativo e acesso \u00e0 \u00e1gua. Na segunda etapa, t\u00e9cnicos e benefici\u00e1rios receberam uma capacita\u00e7\u00e3o intensiva em t\u00e9cnicas de mapeamento participativo, com aplica\u00e7\u00e3o pr\u00e1tica na comunidade quilombola do Batoque, no munic\u00edpio de Sobral, no Cear\u00e1.<\/p>\n<p>O Interc\u00e2mbio \u00e9 uma realiza\u00e7\u00e3o do FIDA, Instituto Interamericano de Coopera\u00e7\u00e3o para a Agricultura (IICA), Programa Semear Internacional, Plataforma Semi\u00e1ridos da Am\u00e9rica Latina, Centro de Desenvolvimento Agroecol\u00f3gico Sabi\u00e1, Centro de Estudos do Trabalho e de Assessoria ao Trabalhador (Cetra), Programa de Aplica\u00e7\u00e3o de Tecnologias Apropriadas (PATAC) e Agricultura Familiar e Agroecologia (ASPTA), em parceria com a FUNDAPAZ, International Land Coalition, Terre des Hommes e Servi\u00e7o Mundial de Igrejas (CWS).<\/p>\n<p><a href=\"https:\/\/www.semiaridos.org\/files\/2019\/07\/IMG-20190722-WA0009.jpg\" rel=\"wpdevart_lightbox\"><img loading=\"lazy\" decoding=\"async\" class=\"aligncenter size-large wp-image-1556\" src=\"https:\/\/www.semiaridos.org\/files\/2019\/07\/IMG-20190722-WA0009-1024x576.jpg\" alt=\"Saberes 2019\" width=\"1024\" height=\"576\" srcset=\"https:\/\/www.semiaridos.org\/\/files\/2019\/07\/IMG-20190722-WA0009-1024x576.jpg 1024w, https:\/\/www.semiaridos.org\/\/files\/2019\/07\/IMG-20190722-WA0009-300x169.jpg 300w, https:\/\/www.semiaridos.org\/\/files\/2019\/07\/IMG-20190722-WA0009-768x432.jpg 768w, https:\/\/www.semiaridos.org\/\/files\/2019\/07\/IMG-20190722-WA0009-700x394.jpg 700w, https:\/\/www.semiaridos.org\/\/files\/2019\/07\/IMG-20190722-WA0009-539x303.jpg 539w, https:\/\/www.semiaridos.org\/\/files\/2019\/07\/IMG-20190722-WA0009.jpg 1032w\" sizes=\"auto, (max-width: 1024px) 100vw, 1024px\" \/><\/a><\/p>\n","protected":false},"excerpt":{"rendered":"<p>Experi\u00eancias agroecol\u00f3gicas praticadas por jovens brasileiros servir\u00e3o de exemplo em evento que percorrer\u00e1 os dois estados em cinco dias<\/p>\n","protected":false},"author":4,"featured_media":1557,"comment_status":"open","ping_status":"open","sticky":false,"template":"","format":"standard","meta":{"footnotes":""},"categories":[256],"tags":[547,548,549,482,525,550,526,481,527,488,551,552,553,554,555,556,557,532,558],"class_list":["post-1562","post","type-post","status-publish","format-standard","has-post-thumbnail","hentry","category-noticias","tag-agricultores-pt-br","tag-agroecologia-pt-br","tag-aspta-pt-br","tag-brasil-pt-br","tag-cetra-pt-br","tag-cws-pt-br","tag-fida-pt-br","tag-fundapaz-pt-br","tag-iica-pt-br","tag-ilc-al-pt-br","tag-intercambio-de-saberes-pt-br","tag-jovenes-pt-br","tag-juventud-y-semiaridos-pt-br","tag-mujeres-pt-br","tag-paraiba-pt-br","tag-patac-pt-br","tag-pernanbuco-pt-br","tag-semear-pt-br","tag-tecnicos-pt-br"],"yoast_head":"<!-- This site is optimized with the Yoast SEO plugin v26.3 - https:\/\/yoast.com\/wordpress\/plugins\/seo\/ -->\n<title>Representantes de cinco pa\u00edses e de projetos apoiados pelo FIDA no Brasil visitar\u00e3o comunidades rurais da Para\u00edba e Pernambuco - Semi\u00e1ridos<\/title>\n<meta name=\"robots\" content=\"index, follow, max-snippet:-1, max-image-preview:large, max-video-preview:-1\" \/>\n<link rel=\"canonical\" href=\"https:\/\/www.semiaridos.org\/pt-br\/noticias\/representantes-de-cinco-paises-e-de-projetos-apoiados-pelo-fida-no-brasil-visitarao-comunidades-rurais-da-paraiba-e-pernambuco\/\" \/>\n<meta property=\"og:locale\" content=\"pt_BR\" \/>\n<meta property=\"og:type\" content=\"article\" \/>\n<meta property=\"og:title\" content=\"Representantes de cinco pa\u00edses e de projetos apoiados pelo FIDA no Brasil visitar\u00e3o comunidades rurais da Para\u00edba e Pernambuco - Semi\u00e1ridos\" \/>\n<meta property=\"og:description\" content=\"Experi\u00eancias agroecol\u00f3gicas praticadas por jovens brasileiros servir\u00e3o de exemplo em evento que percorrer\u00e1 os dois estados em cinco dias\" \/>\n<meta property=\"og:url\" content=\"https:\/\/www.semiaridos.org\/pt-br\/noticias\/representantes-de-cinco-paises-e-de-projetos-apoiados-pelo-fida-no-brasil-visitarao-comunidades-rurais-da-paraiba-e-pernambuco\/\" \/>\n<meta property=\"og:site_name\" content=\"Semi\u00e1ridos\" \/>\n<meta property=\"article:published_time\" content=\"2019-07-19T19:19:10+00:00\" \/>\n<meta property=\"article:modified_time\" content=\"2019-07-22T15:36:58+00:00\" \/>\n<meta property=\"og:image\" content=\"https:\/\/www.semiaridos.org\/\/files\/2019\/07\/Post-para-Instagram.png\" \/>\n\t<meta property=\"og:image:width\" content=\"600\" \/>\n\t<meta property=\"og:image:height\" content=\"600\" \/>\n\t<meta property=\"og:image:type\" content=\"image\/png\" \/>\n<meta name=\"author\" content=\"Semi\u00e1ridos Plataforma\" \/>\n<meta name=\"twitter:card\" content=\"summary_large_image\" \/>\n<meta name=\"twitter:label1\" content=\"Escrito por\" \/>\n\t<meta name=\"twitter:data1\" content=\"Semi\u00e1ridos Plataforma\" \/>\n\t<meta name=\"twitter:label2\" content=\"Est. tempo de leitura\" \/>\n\t<meta name=\"twitter:data2\" content=\"2 minutos\" \/>\n<script type=\"application\/ld+json\" class=\"yoast-schema-graph\">{\"@context\":\"https:\/\/schema.org\",\"@graph\":[{\"@type\":\"WebPage\",\"@id\":\"https:\/\/www.semiaridos.org\/pt-br\/noticias\/representantes-de-cinco-paises-e-de-projetos-apoiados-pelo-fida-no-brasil-visitarao-comunidades-rurais-da-paraiba-e-pernambuco\/\",\"url\":\"https:\/\/www.semiaridos.org\/pt-br\/noticias\/representantes-de-cinco-paises-e-de-projetos-apoiados-pelo-fida-no-brasil-visitarao-comunidades-rurais-da-paraiba-e-pernambuco\/\",\"name\":\"Representantes de cinco pa\u00edses e de projetos apoiados pelo FIDA no Brasil visitar\u00e3o comunidades rurais da Para\u00edba e Pernambuco - Semi\u00e1ridos\",\"isPartOf\":{\"@id\":\"https:\/\/www.semiaridos.org\/#website\"},\"primaryImageOfPage\":{\"@id\":\"https:\/\/www.semiaridos.org\/pt-br\/noticias\/representantes-de-cinco-paises-e-de-projetos-apoiados-pelo-fida-no-brasil-visitarao-comunidades-rurais-da-paraiba-e-pernambuco\/#primaryimage\"},\"image\":{\"@id\":\"https:\/\/www.semiaridos.org\/pt-br\/noticias\/representantes-de-cinco-paises-e-de-projetos-apoiados-pelo-fida-no-brasil-visitarao-comunidades-rurais-da-paraiba-e-pernambuco\/#primaryimage\"},\"thumbnailUrl\":\"https:\/\/www.semiaridos.org\/\/files\/2019\/07\/Post-para-Instagram.png\",\"datePublished\":\"2019-07-19T19:19:10+00:00\",\"dateModified\":\"2019-07-22T15:36:58+00:00\",\"author\":{\"@id\":\"https:\/\/www.semiaridos.org\/#\/schema\/person\/4c4cf6a3a8d1bd0c98c84259a5db4998\"},\"breadcrumb\":{\"@id\":\"https:\/\/www.semiaridos.org\/pt-br\/noticias\/representantes-de-cinco-paises-e-de-projetos-apoiados-pelo-fida-no-brasil-visitarao-comunidades-rurais-da-paraiba-e-pernambuco\/#breadcrumb\"},\"inLanguage\":\"pt-BR\",\"potentialAction\":[{\"@type\":\"ReadAction\",\"target\":[\"https:\/\/www.semiaridos.org\/pt-br\/noticias\/representantes-de-cinco-paises-e-de-projetos-apoiados-pelo-fida-no-brasil-visitarao-comunidades-rurais-da-paraiba-e-pernambuco\/\"]}]},{\"@type\":\"ImageObject\",\"inLanguage\":\"pt-BR\",\"@id\":\"https:\/\/www.semiaridos.org\/pt-br\/noticias\/representantes-de-cinco-paises-e-de-projetos-apoiados-pelo-fida-no-brasil-visitarao-comunidades-rurais-da-paraiba-e-pernambuco\/#primaryimage\",\"url\":\"https:\/\/www.semiaridos.org\/\/files\/2019\/07\/Post-para-Instagram.png\",\"contentUrl\":\"https:\/\/www.semiaridos.org\/\/files\/2019\/07\/Post-para-Instagram.png\",\"width\":600,\"height\":600,\"caption\":\"Saberes 2019\"},{\"@type\":\"BreadcrumbList\",\"@id\":\"https:\/\/www.semiaridos.org\/pt-br\/noticias\/representantes-de-cinco-paises-e-de-projetos-apoiados-pelo-fida-no-brasil-visitarao-comunidades-rurais-da-paraiba-e-pernambuco\/#breadcrumb\",\"itemListElement\":[{\"@type\":\"ListItem\",\"position\":1,\"name\":\"Portada\",\"item\":\"https:\/\/www.semiaridos.org\/pt-br\/\"},{\"@type\":\"ListItem\",\"position\":2,\"name\":\"Representantes de cinco pa\u00edses e de projetos apoiados pelo FIDA no Brasil visitar\u00e3o comunidades rurais da Para\u00edba e Pernambuco\"}]},{\"@type\":\"WebSite\",\"@id\":\"https:\/\/www.semiaridos.org\/#website\",\"url\":\"https:\/\/www.semiaridos.org\/\",\"name\":\"Semi\u00e1ridos\",\"description\":\"Otro sitio realizado con WordPress\",\"potentialAction\":[{\"@type\":\"SearchAction\",\"target\":{\"@type\":\"EntryPoint\",\"urlTemplate\":\"https:\/\/www.semiaridos.org\/?s={search_term_string}\"},\"query-input\":{\"@type\":\"PropertyValueSpecification\",\"valueRequired\":true,\"valueName\":\"search_term_string\"}}],\"inLanguage\":\"pt-BR\"},{\"@type\":\"Person\",\"@id\":\"https:\/\/www.semiaridos.org\/#\/schema\/person\/4c4cf6a3a8d1bd0c98c84259a5db4998\",\"name\":\"Semi\u00e1ridos Plataforma\",\"image\":{\"@type\":\"ImageObject\",\"inLanguage\":\"pt-BR\",\"@id\":\"https:\/\/www.semiaridos.org\/#\/schema\/person\/image\/\",\"url\":\"https:\/\/secure.gravatar.com\/avatar\/5ebd2905bbcce14afe1f3d0b167c53a55585123b9a8ebca5a6aa909278711be1?s=96&d=identicon&r=g\",\"contentUrl\":\"https:\/\/secure.gravatar.com\/avatar\/5ebd2905bbcce14afe1f3d0b167c53a55585123b9a8ebca5a6aa909278711be1?s=96&d=identicon&r=g\",\"caption\":\"Semi\u00e1ridos Plataforma\"},\"description\":\"Semi\u00e1ridos, iniciativa desarrollada en el marco de la International Land Coalition. Busca atender las problem\u00e1ticas de las zonas semi\u00e1ridas de Am\u00e9ricaLatina\",\"sameAs\":[\"http:\/\/www.semiaridos.org\"]}]}<\/script>\n<!-- \/ Yoast SEO plugin. -->","yoast_head_json":{"title":"Representantes de cinco pa\u00edses e de projetos apoiados pelo FIDA no Brasil visitar\u00e3o comunidades rurais da Para\u00edba e Pernambuco - Semi\u00e1ridos","robots":{"index":"index","follow":"follow","max-snippet":"max-snippet:-1","max-image-preview":"max-image-preview:large","max-video-preview":"max-video-preview:-1"},"canonical":"https:\/\/www.semiaridos.org\/pt-br\/noticias\/representantes-de-cinco-paises-e-de-projetos-apoiados-pelo-fida-no-brasil-visitarao-comunidades-rurais-da-paraiba-e-pernambuco\/","og_locale":"pt_BR","og_type":"article","og_title":"Representantes de cinco pa\u00edses e de projetos apoiados pelo FIDA no Brasil visitar\u00e3o comunidades rurais da Para\u00edba e Pernambuco - Semi\u00e1ridos","og_description":"Experi\u00eancias agroecol\u00f3gicas praticadas por jovens brasileiros servir\u00e3o de exemplo em evento que percorrer\u00e1 os dois estados em cinco dias","og_url":"https:\/\/www.semiaridos.org\/pt-br\/noticias\/representantes-de-cinco-paises-e-de-projetos-apoiados-pelo-fida-no-brasil-visitarao-comunidades-rurais-da-paraiba-e-pernambuco\/","og_site_name":"Semi\u00e1ridos","article_published_time":"2019-07-19T19:19:10+00:00","article_modified_time":"2019-07-22T15:36:58+00:00","og_image":[{"width":600,"height":600,"url":"https:\/\/www.semiaridos.org\/\/files\/2019\/07\/Post-para-Instagram.png","type":"image\/png"}],"author":"Semi\u00e1ridos Plataforma","twitter_card":"summary_large_image","twitter_misc":{"Escrito por":"Semi\u00e1ridos Plataforma","Est. tempo de leitura":"2 minutos"},"schema":{"@context":"https:\/\/schema.org","@graph":[{"@type":"WebPage","@id":"https:\/\/www.semiaridos.org\/pt-br\/noticias\/representantes-de-cinco-paises-e-de-projetos-apoiados-pelo-fida-no-brasil-visitarao-comunidades-rurais-da-paraiba-e-pernambuco\/","url":"https:\/\/www.semiaridos.org\/pt-br\/noticias\/representantes-de-cinco-paises-e-de-projetos-apoiados-pelo-fida-no-brasil-visitarao-comunidades-rurais-da-paraiba-e-pernambuco\/","name":"Representantes de cinco pa\u00edses e de projetos apoiados pelo FIDA no Brasil visitar\u00e3o comunidades rurais da Para\u00edba e Pernambuco - Semi\u00e1ridos","isPartOf":{"@id":"https:\/\/www.semiaridos.org\/#website"},"primaryImageOfPage":{"@id":"https:\/\/www.semiaridos.org\/pt-br\/noticias\/representantes-de-cinco-paises-e-de-projetos-apoiados-pelo-fida-no-brasil-visitarao-comunidades-rurais-da-paraiba-e-pernambuco\/#primaryimage"},"image":{"@id":"https:\/\/www.semiaridos.org\/pt-br\/noticias\/representantes-de-cinco-paises-e-de-projetos-apoiados-pelo-fida-no-brasil-visitarao-comunidades-rurais-da-paraiba-e-pernambuco\/#primaryimage"},"thumbnailUrl":"https:\/\/www.semiaridos.org\/\/files\/2019\/07\/Post-para-Instagram.png","datePublished":"2019-07-19T19:19:10+00:00","dateModified":"2019-07-22T15:36:58+00:00","author":{"@id":"https:\/\/www.semiaridos.org\/#\/schema\/person\/4c4cf6a3a8d1bd0c98c84259a5db4998"},"breadcrumb":{"@id":"https:\/\/www.semiaridos.org\/pt-br\/noticias\/representantes-de-cinco-paises-e-de-projetos-apoiados-pelo-fida-no-brasil-visitarao-comunidades-rurais-da-paraiba-e-pernambuco\/#breadcrumb"},"inLanguage":"pt-BR","potentialAction":[{"@type":"ReadAction","target":["https:\/\/www.semiaridos.org\/pt-br\/noticias\/representantes-de-cinco-paises-e-de-projetos-apoiados-pelo-fida-no-brasil-visitarao-comunidades-rurais-da-paraiba-e-pernambuco\/"]}]},{"@type":"ImageObject","inLanguage":"pt-BR","@id":"https:\/\/www.semiaridos.org\/pt-br\/noticias\/representantes-de-cinco-paises-e-de-projetos-apoiados-pelo-fida-no-brasil-visitarao-comunidades-rurais-da-paraiba-e-pernambuco\/#primaryimage","url":"https:\/\/www.semiaridos.org\/\/files\/2019\/07\/Post-para-Instagram.png","contentUrl":"https:\/\/www.semiaridos.org\/\/files\/2019\/07\/Post-para-Instagram.png","width":600,"height":600,"caption":"Saberes 2019"},{"@type":"BreadcrumbList","@id":"https:\/\/www.semiaridos.org\/pt-br\/noticias\/representantes-de-cinco-paises-e-de-projetos-apoiados-pelo-fida-no-brasil-visitarao-comunidades-rurais-da-paraiba-e-pernambuco\/#breadcrumb","itemListElement":[{"@type":"ListItem","position":1,"name":"Portada","item":"https:\/\/www.semiaridos.org\/pt-br\/"},{"@type":"ListItem","position":2,"name":"Representantes de cinco pa\u00edses e de projetos apoiados pelo FIDA no Brasil visitar\u00e3o comunidades rurais da Para\u00edba e Pernambuco"}]},{"@type":"WebSite","@id":"https:\/\/www.semiaridos.org\/#website","url":"https:\/\/www.semiaridos.org\/","name":"Semi\u00e1ridos","description":"Otro sitio realizado con WordPress","potentialAction":[{"@type":"SearchAction","target":{"@type":"EntryPoint","urlTemplate":"https:\/\/www.semiaridos.org\/?s={search_term_string}"},"query-input":{"@type":"PropertyValueSpecification","valueRequired":true,"valueName":"search_term_string"}}],"inLanguage":"pt-BR"},{"@type":"Person","@id":"https:\/\/www.semiaridos.org\/#\/schema\/person\/4c4cf6a3a8d1bd0c98c84259a5db4998","name":"Semi\u00e1ridos Plataforma","image":{"@type":"ImageObject","inLanguage":"pt-BR","@id":"https:\/\/www.semiaridos.org\/#\/schema\/person\/image\/","url":"https:\/\/secure.gravatar.com\/avatar\/5ebd2905bbcce14afe1f3d0b167c53a55585123b9a8ebca5a6aa909278711be1?s=96&d=identicon&r=g","contentUrl":"https:\/\/secure.gravatar.com\/avatar\/5ebd2905bbcce14afe1f3d0b167c53a55585123b9a8ebca5a6aa909278711be1?s=96&d=identicon&r=g","caption":"Semi\u00e1ridos Plataforma"},"description":"Semi\u00e1ridos, iniciativa desarrollada en el marco de la International Land Coalition. Busca atender las problem\u00e1ticas de las zonas semi\u00e1ridas de Am\u00e9ricaLatina","sameAs":["http:\/\/www.semiaridos.org"]}]}},"_links":{"self":[{"href":"https:\/\/www.semiaridos.org\/pt-br\/wp-json\/wp\/v2\/posts\/1562","targetHints":{"allow":["GET"]}}],"collection":[{"href":"https:\/\/www.semiaridos.org\/pt-br\/wp-json\/wp\/v2\/posts"}],"about":[{"href":"https:\/\/www.semiaridos.org\/pt-br\/wp-json\/wp\/v2\/types\/post"}],"author":[{"embeddable":true,"href":"https:\/\/www.semiaridos.org\/pt-br\/wp-json\/wp\/v2\/users\/4"}],"replies":[{"embeddable":true,"href":"https:\/\/www.semiaridos.org\/pt-br\/wp-json\/wp\/v2\/comments?post=1562"}],"version-history":[{"count":5,"href":"https:\/\/www.semiaridos.org\/pt-br\/wp-json\/wp\/v2\/posts\/1562\/revisions"}],"predecessor-version":[{"id":1570,"href":"https:\/\/www.semiaridos.org\/pt-br\/wp-json\/wp\/v2\/posts\/1562\/revisions\/1570"}],"wp:featuredmedia":[{"embeddable":true,"href":"https:\/\/www.semiaridos.org\/pt-br\/wp-json\/wp\/v2\/media\/1557"}],"wp:attachment":[{"href":"https:\/\/www.semiaridos.org\/pt-br\/wp-json\/wp\/v2\/media?parent=1562"}],"wp:term":[{"taxonomy":"category","embeddable":true,"href":"https:\/\/www.semiaridos.org\/pt-br\/wp-json\/wp\/v2\/categories?post=1562"},{"taxonomy":"post_tag","embeddable":true,"href":"https:\/\/www.semiaridos.org\/pt-br\/wp-json\/wp\/v2\/tags?post=1562"}],"curies":[{"name":"wp","href":"https:\/\/api.w.org\/{rel}","templated":true}]}}