{"id":1604,"date":"2019-09-11T13:37:08","date_gmt":"2019-09-11T16:37:08","guid":{"rendered":"https:\/\/www.semiaridos.org\/?p=1604\/"},"modified":"2019-09-11T13:37:08","modified_gmt":"2019-09-11T16:37:08","slug":"la-plataforma-acordo-plan-trabajo-fida-semear","status":"publish","type":"post","link":"https:\/\/www.semiaridos.org\/pt-br\/alianzas-estrategicas\/la-plataforma-acordo-plan-trabajo-fida-semear\/","title":{"rendered":"La Plataforma acord\u00f3 un plan de trabajo con FIDA y SEMEAR"},"content":{"rendered":"<p>Con el fin de realizar acciones que fortalezcan la cooperaci\u00f3n sur-sur entre los semi\u00e1ridos argentinos y brasile\u00f1os, la Plataforma Semi\u00e1ridos Am\u00e9rica Latina acord\u00f3 con el\u00a0Fondo Internacional para el Desarrollo Agr\u00edcola (FIDA) y su programa SEMEAR INTERNACIONAL, bajo convenio con el\u00a0\u00a0Instituto Interamericano de Cooperaci\u00f3n para la Agricultura,\u00a0(IICA), un acuerdo de cooperaci\u00f3n que promueve la realizaci\u00f3n de intercambios de experiencias, procesos de capacitaci\u00f3n y estrategias de trabajo en los territorios donde viven familias campesinas y comunidades ind\u00edgenas.<\/p>\n<p>En el marco de este acuerdo, en noviembre de 2018 se realiz\u00f3 el primer Intercambio de Saberes en el Chaco Trinacional\u00a0sobre mapeos participativos y el acceso a la tierra y el agua; \u00a0en febrero y mayo de 2019, se realizaron dos capacitaciones en mapeo participativo en el Corredor Seco Centroamericano y en Brasil; en \u00a0julio, se hizo en Brasil el tercer Intercambio dedicado a la juventud y la agroecolog\u00eda; y en septiembre se realiza en Paraguay, el cuarto Intercambio sobre\u00a0Mujeres rurales y acceso al agua\u00a0\u00a0en el Chaco paraguayo.<\/p>\n<p>SEMEAR Internacional es un programa de gesti\u00f3n del conocimiento en las zonas semi\u00e1ridas del noreste de Brasil, cuyo objetivo es facilitar el acceso a los conocimientos, innovaciones y mejores pr\u00e1cticas que se puedan adoptar y ser replicadas por la poblaci\u00f3n rural, para mejorar sus condiciones de vida y promover el desarrollo sostenible y equitativo de la regi\u00f3n.<\/p>\n","protected":false},"excerpt":{"rendered":"<p>Con el fin de realizar acciones que fortalezcan la cooperaci\u00f3n sur-sur entre los semi\u00e1ridos argentinos y brasile\u00f1os, la Plataforma Semi\u00e1ridos Am\u00e9rica Latina acord\u00f3 con el Fondo Internacional para el Desarrollo Agr\u00edcola (FIDA) y su programa SEMEAR INTERNACIONAL<\/p>\n","protected":false},"author":4,"featured_media":1605,"comment_status":"closed","ping_status":"open","sticky":false,"template":"","format":"standard","meta":{"footnotes":""},"categories":[562],"tags":[350,110,561,407,56,398,259,579,260,202,300,539,578,580,57,576,78,577,205],"class_list":["post-1604","post","type-post","status-publish","format-standard","has-post-thumbnail","hentry","category-alianzas-estrategicas","tag-acceso-a-la-tierra","tag-acceso-al-agua","tag-acuerdo","tag-agroecologia","tag-brasil","tag-chaco-trinacional","tag-comunidades-indigenas","tag-corredor-seco","tag-familias-campesinas","tag-fida","tag-iica","tag-intercambio-de-saberes","tag-mapeos-participativos","tag-mujeres-rurales","tag-paraguay","tag-plan-de-trabajo","tag-plataforma-semiaridos","tag-procesos-de-capacitacion","tag-semear"],"yoast_head":"<!-- This site is optimized with the Yoast SEO plugin v26.3 - https:\/\/yoast.com\/wordpress\/plugins\/seo\/ -->\n<title>La Plataforma acord\u00f3 un plan de trabajo con FIDA y SEMEAR - Semi\u00e1ridos<\/title>\n<meta name=\"robots\" content=\"index, follow, max-snippet:-1, max-image-preview:large, max-video-preview:-1\" \/>\n<link rel=\"canonical\" href=\"https:\/\/www.semiaridos.org\/alianzas-estrategicas\/la-plataforma-acordo-plan-trabajo-fida-semear\/\" \/>\n<meta property=\"og:locale\" content=\"pt_BR\" \/>\n<meta property=\"og:type\" content=\"article\" \/>\n<meta property=\"og:title\" content=\"La Plataforma acord\u00f3 un plan de trabajo con FIDA y SEMEAR - Semi\u00e1ridos\" \/>\n<meta property=\"og:description\" content=\"Con el fin de realizar acciones que fortalezcan la cooperaci\u00f3n sur-sur entre los semi\u00e1ridos argentinos y brasile\u00f1os, la Plataforma Semi\u00e1ridos Am\u00e9rica Latina acord\u00f3 con el Fondo Internacional para el Desarrollo Agr\u00edcola (FIDA) y su programa SEMEAR INTERNACIONAL\" \/>\n<meta property=\"og:url\" content=\"https:\/\/www.semiaridos.org\/alianzas-estrategicas\/la-plataforma-acordo-plan-trabajo-fida-semear\/\" \/>\n<meta property=\"og:site_name\" content=\"Semi\u00e1ridos\" \/>\n<meta property=\"article:published_time\" content=\"2019-09-11T16:37:08+00:00\" \/>\n<meta property=\"og:image\" content=\"https:\/\/www.semiaridos.org\/\/files\/2019\/09\/flyer-intercambios-semiaridos-Paraguay.jpg\" \/>\n\t<meta property=\"og:image:width\" content=\"1280\" \/>\n\t<meta property=\"og:image:height\" content=\"720\" \/>\n\t<meta property=\"og:image:type\" content=\"image\/jpeg\" \/>\n<meta name=\"author\" content=\"Semi\u00e1ridos Plataforma\" \/>\n<meta name=\"twitter:card\" content=\"summary_large_image\" \/>\n<meta name=\"twitter:label1\" content=\"Escrito por\" \/>\n\t<meta name=\"twitter:data1\" content=\"Semi\u00e1ridos Plataforma\" \/>\n\t<meta name=\"twitter:label2\" content=\"Est. tempo de leitura\" \/>\n\t<meta name=\"twitter:data2\" content=\"1 minuto\" \/>\n<script type=\"application\/ld+json\" class=\"yoast-schema-graph\">{\"@context\":\"https:\/\/schema.org\",\"@graph\":[{\"@type\":\"WebPage\",\"@id\":\"https:\/\/www.semiaridos.org\/alianzas-estrategicas\/la-plataforma-acordo-plan-trabajo-fida-semear\/\",\"url\":\"https:\/\/www.semiaridos.org\/alianzas-estrategicas\/la-plataforma-acordo-plan-trabajo-fida-semear\/\",\"name\":\"La Plataforma acord\u00f3 un plan de trabajo con FIDA y SEMEAR - Semi\u00e1ridos\",\"isPartOf\":{\"@id\":\"https:\/\/www.semiaridos.org\/#website\"},\"primaryImageOfPage\":{\"@id\":\"https:\/\/www.semiaridos.org\/alianzas-estrategicas\/la-plataforma-acordo-plan-trabajo-fida-semear\/#primaryimage\"},\"image\":{\"@id\":\"https:\/\/www.semiaridos.org\/alianzas-estrategicas\/la-plataforma-acordo-plan-trabajo-fida-semear\/#primaryimage\"},\"thumbnailUrl\":\"https:\/\/www.semiaridos.org\/\/files\/2019\/09\/flyer-intercambios-semiaridos-Paraguay.jpg\",\"datePublished\":\"2019-09-11T16:37:08+00:00\",\"author\":{\"@id\":\"https:\/\/www.semiaridos.org\/#\/schema\/person\/4c4cf6a3a8d1bd0c98c84259a5db4998\"},\"breadcrumb\":{\"@id\":\"https:\/\/www.semiaridos.org\/alianzas-estrategicas\/la-plataforma-acordo-plan-trabajo-fida-semear\/#breadcrumb\"},\"inLanguage\":\"pt-BR\",\"potentialAction\":[{\"@type\":\"ReadAction\",\"target\":[\"https:\/\/www.semiaridos.org\/alianzas-estrategicas\/la-plataforma-acordo-plan-trabajo-fida-semear\/\"]}]},{\"@type\":\"ImageObject\",\"inLanguage\":\"pt-BR\",\"@id\":\"https:\/\/www.semiaridos.org\/alianzas-estrategicas\/la-plataforma-acordo-plan-trabajo-fida-semear\/#primaryimage\",\"url\":\"https:\/\/www.semiaridos.org\/\/files\/2019\/09\/flyer-intercambios-semiaridos-Paraguay.jpg\",\"contentUrl\":\"https:\/\/www.semiaridos.org\/\/files\/2019\/09\/flyer-intercambios-semiaridos-Paraguay.jpg\",\"width\":1280,\"height\":720,\"caption\":\"intercambios semiaridos Paraguay\"},{\"@type\":\"BreadcrumbList\",\"@id\":\"https:\/\/www.semiaridos.org\/alianzas-estrategicas\/la-plataforma-acordo-plan-trabajo-fida-semear\/#breadcrumb\",\"itemListElement\":[{\"@type\":\"ListItem\",\"position\":1,\"name\":\"Portada\",\"item\":\"https:\/\/www.semiaridos.org\/pt-br\/\"},{\"@type\":\"ListItem\",\"position\":2,\"name\":\"La Plataforma acord\u00f3 un plan de trabajo con FIDA y SEMEAR\"}]},{\"@type\":\"WebSite\",\"@id\":\"https:\/\/www.semiaridos.org\/#website\",\"url\":\"https:\/\/www.semiaridos.org\/\",\"name\":\"Semi\u00e1ridos\",\"description\":\"Otro sitio realizado con WordPress\",\"potentialAction\":[{\"@type\":\"SearchAction\",\"target\":{\"@type\":\"EntryPoint\",\"urlTemplate\":\"https:\/\/www.semiaridos.org\/?s={search_term_string}\"},\"query-input\":{\"@type\":\"PropertyValueSpecification\",\"valueRequired\":true,\"valueName\":\"search_term_string\"}}],\"inLanguage\":\"pt-BR\"},{\"@type\":\"Person\",\"@id\":\"https:\/\/www.semiaridos.org\/#\/schema\/person\/4c4cf6a3a8d1bd0c98c84259a5db4998\",\"name\":\"Semi\u00e1ridos Plataforma\",\"image\":{\"@type\":\"ImageObject\",\"inLanguage\":\"pt-BR\",\"@id\":\"https:\/\/www.semiaridos.org\/#\/schema\/person\/image\/\",\"url\":\"https:\/\/secure.gravatar.com\/avatar\/5ebd2905bbcce14afe1f3d0b167c53a55585123b9a8ebca5a6aa909278711be1?s=96&d=identicon&r=g\",\"contentUrl\":\"https:\/\/secure.gravatar.com\/avatar\/5ebd2905bbcce14afe1f3d0b167c53a55585123b9a8ebca5a6aa909278711be1?s=96&d=identicon&r=g\",\"caption\":\"Semi\u00e1ridos Plataforma\"},\"description\":\"Semi\u00e1ridos, iniciativa desarrollada en el marco de la International Land Coalition. Busca atender las problem\u00e1ticas de las zonas semi\u00e1ridas de Am\u00e9ricaLatina\",\"sameAs\":[\"http:\/\/www.semiaridos.org\"]}]}<\/script>\n<!-- \/ Yoast SEO plugin. -->","yoast_head_json":{"title":"La Plataforma acord\u00f3 un plan de trabajo con FIDA y SEMEAR - Semi\u00e1ridos","robots":{"index":"index","follow":"follow","max-snippet":"max-snippet:-1","max-image-preview":"max-image-preview:large","max-video-preview":"max-video-preview:-1"},"canonical":"https:\/\/www.semiaridos.org\/alianzas-estrategicas\/la-plataforma-acordo-plan-trabajo-fida-semear\/","og_locale":"pt_BR","og_type":"article","og_title":"La Plataforma acord\u00f3 un plan de trabajo con FIDA y SEMEAR - Semi\u00e1ridos","og_description":"Con el fin de realizar acciones que fortalezcan la cooperaci\u00f3n sur-sur entre los semi\u00e1ridos argentinos y brasile\u00f1os, la Plataforma Semi\u00e1ridos Am\u00e9rica Latina acord\u00f3 con el Fondo Internacional para el Desarrollo Agr\u00edcola (FIDA) y su programa SEMEAR INTERNACIONAL","og_url":"https:\/\/www.semiaridos.org\/alianzas-estrategicas\/la-plataforma-acordo-plan-trabajo-fida-semear\/","og_site_name":"Semi\u00e1ridos","article_published_time":"2019-09-11T16:37:08+00:00","og_image":[{"width":1280,"height":720,"url":"https:\/\/www.semiaridos.org\/\/files\/2019\/09\/flyer-intercambios-semiaridos-Paraguay.jpg","type":"image\/jpeg"}],"author":"Semi\u00e1ridos Plataforma","twitter_card":"summary_large_image","twitter_misc":{"Escrito por":"Semi\u00e1ridos Plataforma","Est. tempo de leitura":"1 minuto"},"schema":{"@context":"https:\/\/schema.org","@graph":[{"@type":"WebPage","@id":"https:\/\/www.semiaridos.org\/alianzas-estrategicas\/la-plataforma-acordo-plan-trabajo-fida-semear\/","url":"https:\/\/www.semiaridos.org\/alianzas-estrategicas\/la-plataforma-acordo-plan-trabajo-fida-semear\/","name":"La Plataforma acord\u00f3 un plan de trabajo con FIDA y SEMEAR - Semi\u00e1ridos","isPartOf":{"@id":"https:\/\/www.semiaridos.org\/#website"},"primaryImageOfPage":{"@id":"https:\/\/www.semiaridos.org\/alianzas-estrategicas\/la-plataforma-acordo-plan-trabajo-fida-semear\/#primaryimage"},"image":{"@id":"https:\/\/www.semiaridos.org\/alianzas-estrategicas\/la-plataforma-acordo-plan-trabajo-fida-semear\/#primaryimage"},"thumbnailUrl":"https:\/\/www.semiaridos.org\/\/files\/2019\/09\/flyer-intercambios-semiaridos-Paraguay.jpg","datePublished":"2019-09-11T16:37:08+00:00","author":{"@id":"https:\/\/www.semiaridos.org\/#\/schema\/person\/4c4cf6a3a8d1bd0c98c84259a5db4998"},"breadcrumb":{"@id":"https:\/\/www.semiaridos.org\/alianzas-estrategicas\/la-plataforma-acordo-plan-trabajo-fida-semear\/#breadcrumb"},"inLanguage":"pt-BR","potentialAction":[{"@type":"ReadAction","target":["https:\/\/www.semiaridos.org\/alianzas-estrategicas\/la-plataforma-acordo-plan-trabajo-fida-semear\/"]}]},{"@type":"ImageObject","inLanguage":"pt-BR","@id":"https:\/\/www.semiaridos.org\/alianzas-estrategicas\/la-plataforma-acordo-plan-trabajo-fida-semear\/#primaryimage","url":"https:\/\/www.semiaridos.org\/\/files\/2019\/09\/flyer-intercambios-semiaridos-Paraguay.jpg","contentUrl":"https:\/\/www.semiaridos.org\/\/files\/2019\/09\/flyer-intercambios-semiaridos-Paraguay.jpg","width":1280,"height":720,"caption":"intercambios semiaridos Paraguay"},{"@type":"BreadcrumbList","@id":"https:\/\/www.semiaridos.org\/alianzas-estrategicas\/la-plataforma-acordo-plan-trabajo-fida-semear\/#breadcrumb","itemListElement":[{"@type":"ListItem","position":1,"name":"Portada","item":"https:\/\/www.semiaridos.org\/pt-br\/"},{"@type":"ListItem","position":2,"name":"La Plataforma acord\u00f3 un plan de trabajo con FIDA y SEMEAR"}]},{"@type":"WebSite","@id":"https:\/\/www.semiaridos.org\/#website","url":"https:\/\/www.semiaridos.org\/","name":"Semi\u00e1ridos","description":"Otro sitio realizado con WordPress","potentialAction":[{"@type":"SearchAction","target":{"@type":"EntryPoint","urlTemplate":"https:\/\/www.semiaridos.org\/?s={search_term_string}"},"query-input":{"@type":"PropertyValueSpecification","valueRequired":true,"valueName":"search_term_string"}}],"inLanguage":"pt-BR"},{"@type":"Person","@id":"https:\/\/www.semiaridos.org\/#\/schema\/person\/4c4cf6a3a8d1bd0c98c84259a5db4998","name":"Semi\u00e1ridos Plataforma","image":{"@type":"ImageObject","inLanguage":"pt-BR","@id":"https:\/\/www.semiaridos.org\/#\/schema\/person\/image\/","url":"https:\/\/secure.gravatar.com\/avatar\/5ebd2905bbcce14afe1f3d0b167c53a55585123b9a8ebca5a6aa909278711be1?s=96&d=identicon&r=g","contentUrl":"https:\/\/secure.gravatar.com\/avatar\/5ebd2905bbcce14afe1f3d0b167c53a55585123b9a8ebca5a6aa909278711be1?s=96&d=identicon&r=g","caption":"Semi\u00e1ridos Plataforma"},"description":"Semi\u00e1ridos, iniciativa desarrollada en el marco de la International Land Coalition. Busca atender las problem\u00e1ticas de las zonas semi\u00e1ridas de Am\u00e9ricaLatina","sameAs":["http:\/\/www.semiaridos.org"]}]}},"_links":{"self":[{"href":"https:\/\/www.semiaridos.org\/pt-br\/wp-json\/wp\/v2\/posts\/1604","targetHints":{"allow":["GET"]}}],"collection":[{"href":"https:\/\/www.semiaridos.org\/pt-br\/wp-json\/wp\/v2\/posts"}],"about":[{"href":"https:\/\/www.semiaridos.org\/pt-br\/wp-json\/wp\/v2\/types\/post"}],"author":[{"embeddable":true,"href":"https:\/\/www.semiaridos.org\/pt-br\/wp-json\/wp\/v2\/users\/4"}],"replies":[{"embeddable":true,"href":"https:\/\/www.semiaridos.org\/pt-br\/wp-json\/wp\/v2\/comments?post=1604"}],"version-history":[{"count":2,"href":"https:\/\/www.semiaridos.org\/pt-br\/wp-json\/wp\/v2\/posts\/1604\/revisions"}],"predecessor-version":[{"id":1610,"href":"https:\/\/www.semiaridos.org\/pt-br\/wp-json\/wp\/v2\/posts\/1604\/revisions\/1610"}],"wp:featuredmedia":[{"embeddable":true,"href":"https:\/\/www.semiaridos.org\/pt-br\/wp-json\/wp\/v2\/media\/1605"}],"wp:attachment":[{"href":"https:\/\/www.semiaridos.org\/pt-br\/wp-json\/wp\/v2\/media?parent=1604"}],"wp:term":[{"taxonomy":"category","embeddable":true,"href":"https:\/\/www.semiaridos.org\/pt-br\/wp-json\/wp\/v2\/categories?post=1604"},{"taxonomy":"post_tag","embeddable":true,"href":"https:\/\/www.semiaridos.org\/pt-br\/wp-json\/wp\/v2\/tags?post=1604"}],"curies":[{"name":"wp","href":"https:\/\/api.w.org\/{rel}","templated":true}]}}