{"id":1755,"date":"2021-06-18T19:12:10","date_gmt":"2021-06-18T22:12:10","guid":{"rendered":"https:\/\/www.semiaridos.org\/?p=1755\/"},"modified":"2021-06-18T19:12:10","modified_gmt":"2021-06-18T22:12:10","slug":"la-gestion-del-agua-sumergida-semiarido-venezolano","status":"publish","type":"post","link":"https:\/\/www.semiaridos.org\/pt-br\/noticias\/la-gestion-del-agua-sumergida-semiarido-venezolano\/","title":{"rendered":"La gesti\u00f3n del agua sumergida en el Semi\u00e1rido venezolano"},"content":{"rendered":"<div class=\"wpb-content-wrapper\"><p>[vc_row css_animation=&#8221;&#8221; row_type=&#8221;row&#8221; use_row_as_full_screen_section=&#8221;no&#8221; type=&#8221;full_width&#8221; angled_section=&#8221;no&#8221; text_align=&#8221;left&#8221; background_image_as_pattern=&#8221;without_pattern&#8221;][vc_column][vc_column_text]De la superficie terrestre, el 46% es de condici\u00f3n clim\u00e1tica \u00e1rida y semi\u00e1rida. Estas tierras son tan antiguas que en la actualidad puede sentirse su historia inmersa. Han sido ocupadas por grandes civilizaciones; el imperio Azteca, en M\u00e9xico, por ejemplo entre muchas otras. En Venezuela, las tribus ind\u00edgenas de\u00a0 los ayamanes, jiraharas, gayones, ajaguas, ocupaban toda la zona del semi\u00e1rido larense. El r\u00edo el Tocuyo, ubicado en estas tierras, fue para la regi\u00f3n, como el Nilo para Egipto, de acuerdo a Francisco Tamayo, bot\u00e1nico y conservacionista venezolano.[\/vc_column_text][vc_column_text]<\/p>\n<p class=\"Normal1\" style=\"text-align: justify;\">En dicho porcentaje terrestre se incluye al semi\u00e1rido que ocupa el 45 % del territorio del Estado Lara. Se ubica en mayor proporci\u00f3n en la Depresi\u00f3n Barquisimeto &#8211; Carora a unos 400 y 700 metros sobre el nivel del mar. Un ecosistema fr\u00e1gil con escasas precipitaciones (650 mm.anuales), altas evaporaciones altas (entre 1.600 y 1.800 mm.anuales), elevadas (fluct\u00faan entre 19 y 29 \u00baC), suelos areno-pedregosos y vegetaci\u00f3n xer\u00f3fita.<\/p>\n<p>[\/vc_column_text][vc_empty_space][vc_single_image image=&#8221;1757&#8243; img_size=&#8221;full&#8221; alignment=&#8221;center&#8221; qode_css_animation=&#8221;&#8221;][vc_empty_space][\/vc_column][\/vc_row][vc_row css_animation=&#8221;&#8221; row_type=&#8221;row&#8221; use_row_as_full_screen_section=&#8221;no&#8221; type=&#8221;full_width&#8221; angled_section=&#8221;no&#8221; text_align=&#8221;left&#8221; background_image_as_pattern=&#8221;without_pattern&#8221;][vc_column][vc_column_text]<\/p>\n<h4><strong>R\u00edo el Tocuyo, un tesoro en el semi\u00e1rido venezolano<\/strong><\/h4>\n<p><strong>\u00a0<\/strong>A pesar de que el ecosistema es fr\u00e1gil y no llueve con frecuencia, el semi\u00e1rido larense es un lugar privilegiado, ya que por \u00e9l corren las aguas del R\u00edo el Tocuyo, el de mayor importancia en la regi\u00f3n occidental de Venezuela. Ha sido muy importante para la producci\u00f3n agr\u00edcola de Lara.\u00a0 Sin embargo, en la actualidad se nota la explotaci\u00f3n del mismo ya que nada queda de su abundante y navegable naturaleza, como lo fue hasta finales del siglo XX.[\/vc_column_text][vc_column_text]<\/p>\n<p class=\"Normal1\" style=\"text-align: justify;\">En esta zona, las condiciones culturales est\u00e1n determinadas por las naturales. El tipo de econom\u00eda se centra en la producci\u00f3n campesina y artesanal. La producci\u00f3n de cocuy, ganader\u00eda caprina, tejidos de hamacas, cestas, trabajos en cuero y madera es parte importante de la econom\u00eda. Seg\u00fan Luis Eduardo Cort\u00e9s Riera, en su ensayo Una Mirada Al Semi\u00e1rido Larense Venezolano: Las Posibilidades De Un Territorio, \u201cestas caracter\u00edsticas se desarrollaron bajo la forma de una racionalidad ecol\u00f3gica de la producci\u00f3n campesina que refleja una particular relaci\u00f3n naturaleza\/cultura\u2019\u2019.<br \/>\nPara el cronista H\u00e9ctor Pineda, de Siquisique, pueblo del semi\u00e1rido larense, los pobladores de esta regi\u00f3n gestionan el recurso de una forma m\u00e1s ahorrativa en comparaci\u00f3n con el resto del pa\u00eds.<\/p>\n<p>[\/vc_column_text][vc_empty_space][\/vc_column][\/vc_row][vc_row css_animation=&#8221;&#8221; row_type=&#8221;row&#8221; use_row_as_full_screen_section=&#8221;no&#8221; type=&#8221;full_width&#8221; angled_section=&#8221;no&#8221; text_align=&#8221;left&#8221; background_image_as_pattern=&#8221;without_pattern&#8221;][vc_column][vc_column_text]<\/p>\n<h4><strong>La vida adaptada al clima<\/strong><\/h4>\n<p>El modo de vida, sus rituales y cotidianidad tambi\u00e9n est\u00e1n adaptados al clima. Las cosechas de agua, lagunas, diques, acueductos, acequias y jag\u00fceyes, son algunos de los empleados para el aprovechamiento del recurso. Para el abastecimiento la integraci\u00f3n comunitaria es fundamental, es algo que ya tienen establecido los pobladores, por la din\u00e1mica que requiere de fuerzas, ya sea para transportar, llevar el agua hasta sus hogares, cavar pozos, hoyos y sacar el agua.[\/vc_column_text][vc_single_image image=&#8221;1756&#8243; img_size=&#8221;full&#8221; alignment=&#8221;center&#8221; qode_css_animation=&#8221;&#8221;][vc_empty_space][vc_column_text]<\/p>\n<h4><\/h4>\n<h4><strong>Comunidad organizada para abastecerse<\/strong><\/h4>\n<p>Debido a la crisis humanitaria compleja que atraviesa Venezuela, y los cambios clim\u00e1ticos que hacen m\u00e1s vulnerable al ecosistema semi\u00e1rido, Acci\u00f3n Campesina, con el apoyo de la\u00a0 \u00a0Plataforma de Semi\u00e1ridos, junto a la <a href=\"https:\/\/fundaciontierraviva.wordpress.com\/2019\/09\/16\/presentando-el-proyecto-aqua\/\" target=\"_blank\" rel=\"noopener noreferrer\">Fundaci\u00f3n Tierra Viva<\/a> y <a href=\"https:\/\/redsoc.org.ve\/novedades-de-la-red\/proyecto-aqua-fortalecimiento-de-actores-para-la-gestion-sostenible-del-agua-en-tres-regiones-de-venezuela\/\" target=\"_blank\" rel=\"noopener noreferrer\">Redsoc<\/a>, promueven el Proyecto AQUA, desde agosto del 2019 en la zona del semi\u00e1rido larense, espec\u00edficamente en las comunidades aleda\u00f1as a Siquisique, (la Estaci\u00f3n, las Veritas, Cauderales, Independencia, R\u00edo abajo, Las Mulatas, San Rafael). El objetivo es capacitar a los miembros para que lideren sus comunidades, fortalezcan sus capacidades y trabajen en conjunto en la ejecuci\u00f3n de acciones locales, que integran la salud, la econom\u00eda y la conservaci\u00f3n del ambiente.[\/vc_column_text][vc_column_text]En las actividades formativas se les explica c\u00f3mo organizarse para llevar sus propuestas a las instituciones. De la misma forma se establecen espacios para el encuentro de ambas partes, donde participan l\u00edderes locales, y se discute la estrategia para resolver la problem\u00e1tica del agua que presenta la comunidad en particular.<\/p>\n<p>&nbsp;<\/p>\n<p>Para conocer m\u00e1s sobre este proyecto ingresar a : <a href=\"https:\/\/accioncampesina.com\/siquisique-400-anos-buscando-soluciones-de-agua\/\" target=\"_blank\" rel=\"noopener noreferrer\">Siquisique: 400 a\u00f1os buscando soluciones de agua<\/a>[\/vc_column_text][\/vc_column][\/vc_row]<\/p>\n<\/div>","protected":false},"excerpt":{"rendered":"<p>De la superficie terrestre, el 46% es de condici\u00f3n clim\u00e1tica \u00e1rida y semi\u00e1rida. Estas tierras son tan antiguas que en la actualidad puede sentirse su historia inmersa. Han sido ocupadas por grandes civilizaciones; el imperio Azteca, en M\u00e9xico, por ejemplo entre muchas otras<\/p>\n","protected":false},"author":4,"featured_media":1758,"comment_status":"open","ping_status":"open","sticky":false,"template":"","format":"standard","meta":{"footnotes":""},"categories":[14],"tags":[675,672,676,674,677,673,448,678,55],"class_list":["post-1755","post","type-post","status-publish","format-standard","has-post-thumbnail","hentry","category-noticias","tag-accion-semiaridos","tag-aguas-subterraneas","tag-fundacion-tierra-viva","tag-plataforma-de-semiaridos","tag-redsoc","tag-rio-el-tocuyo","tag-semiarido-venezolano","tag-siquisique","tag-venezuela"],"yoast_head":"<!-- This site is optimized with the Yoast SEO plugin v26.3 - https:\/\/yoast.com\/wordpress\/plugins\/seo\/ -->\n<title>La gesti\u00f3n del agua sumergida en el Semi\u00e1rido venezolano - Semi\u00e1ridos<\/title>\n<meta name=\"robots\" content=\"index, follow, max-snippet:-1, max-image-preview:large, max-video-preview:-1\" \/>\n<link rel=\"canonical\" href=\"https:\/\/www.semiaridos.org\/noticias\/la-gestion-del-agua-sumergida-semiarido-venezolano\/\" \/>\n<meta property=\"og:locale\" content=\"pt_BR\" \/>\n<meta property=\"og:type\" content=\"article\" \/>\n<meta property=\"og:title\" content=\"La gesti\u00f3n del agua sumergida en el Semi\u00e1rido venezolano - Semi\u00e1ridos\" \/>\n<meta property=\"og:description\" content=\"De la superficie terrestre, el 46% es de condici\u00f3n clim\u00e1tica \u00e1rida y semi\u00e1rida. Estas tierras son tan antiguas que en la actualidad puede sentirse su historia inmersa. Han sido ocupadas por grandes civilizaciones; el imperio Azteca, en M\u00e9xico, por ejemplo entre muchas otras\" \/>\n<meta property=\"og:url\" content=\"https:\/\/www.semiaridos.org\/noticias\/la-gestion-del-agua-sumergida-semiarido-venezolano\/\" \/>\n<meta property=\"og:site_name\" content=\"Semi\u00e1ridos\" \/>\n<meta property=\"article:published_time\" content=\"2021-06-18T22:12:10+00:00\" \/>\n<meta property=\"og:image\" content=\"https:\/\/www.semiaridos.org\/\/files\/2021\/06\/mulatica4.jpg\" \/>\n\t<meta property=\"og:image:width\" content=\"4000\" \/>\n\t<meta property=\"og:image:height\" content=\"3000\" \/>\n\t<meta property=\"og:image:type\" content=\"image\/jpeg\" \/>\n<meta name=\"author\" content=\"Semi\u00e1ridos Plataforma\" \/>\n<meta name=\"twitter:card\" content=\"summary_large_image\" \/>\n<meta name=\"twitter:label1\" content=\"Escrito por\" \/>\n\t<meta name=\"twitter:data1\" content=\"Semi\u00e1ridos Plataforma\" \/>\n\t<meta name=\"twitter:label2\" content=\"Est. tempo de leitura\" \/>\n\t<meta name=\"twitter:data2\" content=\"4 minutos\" \/>\n<script type=\"application\/ld+json\" class=\"yoast-schema-graph\">{\"@context\":\"https:\/\/schema.org\",\"@graph\":[{\"@type\":\"WebPage\",\"@id\":\"https:\/\/www.semiaridos.org\/noticias\/la-gestion-del-agua-sumergida-semiarido-venezolano\/\",\"url\":\"https:\/\/www.semiaridos.org\/noticias\/la-gestion-del-agua-sumergida-semiarido-venezolano\/\",\"name\":\"La gesti\u00f3n del agua sumergida en el Semi\u00e1rido venezolano - Semi\u00e1ridos\",\"isPartOf\":{\"@id\":\"https:\/\/www.semiaridos.org\/#website\"},\"primaryImageOfPage\":{\"@id\":\"https:\/\/www.semiaridos.org\/noticias\/la-gestion-del-agua-sumergida-semiarido-venezolano\/#primaryimage\"},\"image\":{\"@id\":\"https:\/\/www.semiaridos.org\/noticias\/la-gestion-del-agua-sumergida-semiarido-venezolano\/#primaryimage\"},\"thumbnailUrl\":\"https:\/\/www.semiaridos.org\/\/files\/2021\/06\/mulatica4.jpg\",\"datePublished\":\"2021-06-18T22:12:10+00:00\",\"author\":{\"@id\":\"https:\/\/www.semiaridos.org\/#\/schema\/person\/4c4cf6a3a8d1bd0c98c84259a5db4998\"},\"breadcrumb\":{\"@id\":\"https:\/\/www.semiaridos.org\/noticias\/la-gestion-del-agua-sumergida-semiarido-venezolano\/#breadcrumb\"},\"inLanguage\":\"pt-BR\",\"potentialAction\":[{\"@type\":\"ReadAction\",\"target\":[\"https:\/\/www.semiaridos.org\/noticias\/la-gestion-del-agua-sumergida-semiarido-venezolano\/\"]}]},{\"@type\":\"ImageObject\",\"inLanguage\":\"pt-BR\",\"@id\":\"https:\/\/www.semiaridos.org\/noticias\/la-gestion-del-agua-sumergida-semiarido-venezolano\/#primaryimage\",\"url\":\"https:\/\/www.semiaridos.org\/\/files\/2021\/06\/mulatica4.jpg\",\"contentUrl\":\"https:\/\/www.semiaridos.org\/\/files\/2021\/06\/mulatica4.jpg\",\"width\":4000,\"height\":3000,\"caption\":\"mulatica4\"},{\"@type\":\"BreadcrumbList\",\"@id\":\"https:\/\/www.semiaridos.org\/noticias\/la-gestion-del-agua-sumergida-semiarido-venezolano\/#breadcrumb\",\"itemListElement\":[{\"@type\":\"ListItem\",\"position\":1,\"name\":\"Portada\",\"item\":\"https:\/\/www.semiaridos.org\/pt-br\/\"},{\"@type\":\"ListItem\",\"position\":2,\"name\":\"La gesti\u00f3n del agua sumergida en el Semi\u00e1rido venezolano\"}]},{\"@type\":\"WebSite\",\"@id\":\"https:\/\/www.semiaridos.org\/#website\",\"url\":\"https:\/\/www.semiaridos.org\/\",\"name\":\"Semi\u00e1ridos\",\"description\":\"Otro sitio realizado con WordPress\",\"potentialAction\":[{\"@type\":\"SearchAction\",\"target\":{\"@type\":\"EntryPoint\",\"urlTemplate\":\"https:\/\/www.semiaridos.org\/?s={search_term_string}\"},\"query-input\":{\"@type\":\"PropertyValueSpecification\",\"valueRequired\":true,\"valueName\":\"search_term_string\"}}],\"inLanguage\":\"pt-BR\"},{\"@type\":\"Person\",\"@id\":\"https:\/\/www.semiaridos.org\/#\/schema\/person\/4c4cf6a3a8d1bd0c98c84259a5db4998\",\"name\":\"Semi\u00e1ridos Plataforma\",\"image\":{\"@type\":\"ImageObject\",\"inLanguage\":\"pt-BR\",\"@id\":\"https:\/\/www.semiaridos.org\/#\/schema\/person\/image\/\",\"url\":\"https:\/\/secure.gravatar.com\/avatar\/5ebd2905bbcce14afe1f3d0b167c53a55585123b9a8ebca5a6aa909278711be1?s=96&d=identicon&r=g\",\"contentUrl\":\"https:\/\/secure.gravatar.com\/avatar\/5ebd2905bbcce14afe1f3d0b167c53a55585123b9a8ebca5a6aa909278711be1?s=96&d=identicon&r=g\",\"caption\":\"Semi\u00e1ridos Plataforma\"},\"description\":\"Semi\u00e1ridos, iniciativa desarrollada en el marco de la International Land Coalition. Busca atender las problem\u00e1ticas de las zonas semi\u00e1ridas de Am\u00e9ricaLatina\",\"sameAs\":[\"http:\/\/www.semiaridos.org\"]}]}<\/script>\n<!-- \/ Yoast SEO plugin. -->","yoast_head_json":{"title":"La gesti\u00f3n del agua sumergida en el Semi\u00e1rido venezolano - Semi\u00e1ridos","robots":{"index":"index","follow":"follow","max-snippet":"max-snippet:-1","max-image-preview":"max-image-preview:large","max-video-preview":"max-video-preview:-1"},"canonical":"https:\/\/www.semiaridos.org\/noticias\/la-gestion-del-agua-sumergida-semiarido-venezolano\/","og_locale":"pt_BR","og_type":"article","og_title":"La gesti\u00f3n del agua sumergida en el Semi\u00e1rido venezolano - Semi\u00e1ridos","og_description":"De la superficie terrestre, el 46% es de condici\u00f3n clim\u00e1tica \u00e1rida y semi\u00e1rida. Estas tierras son tan antiguas que en la actualidad puede sentirse su historia inmersa. Han sido ocupadas por grandes civilizaciones; el imperio Azteca, en M\u00e9xico, por ejemplo entre muchas otras","og_url":"https:\/\/www.semiaridos.org\/noticias\/la-gestion-del-agua-sumergida-semiarido-venezolano\/","og_site_name":"Semi\u00e1ridos","article_published_time":"2021-06-18T22:12:10+00:00","og_image":[{"width":4000,"height":3000,"url":"https:\/\/www.semiaridos.org\/\/files\/2021\/06\/mulatica4.jpg","type":"image\/jpeg"}],"author":"Semi\u00e1ridos Plataforma","twitter_card":"summary_large_image","twitter_misc":{"Escrito por":"Semi\u00e1ridos Plataforma","Est. tempo de leitura":"4 minutos"},"schema":{"@context":"https:\/\/schema.org","@graph":[{"@type":"WebPage","@id":"https:\/\/www.semiaridos.org\/noticias\/la-gestion-del-agua-sumergida-semiarido-venezolano\/","url":"https:\/\/www.semiaridos.org\/noticias\/la-gestion-del-agua-sumergida-semiarido-venezolano\/","name":"La gesti\u00f3n del agua sumergida en el Semi\u00e1rido venezolano - Semi\u00e1ridos","isPartOf":{"@id":"https:\/\/www.semiaridos.org\/#website"},"primaryImageOfPage":{"@id":"https:\/\/www.semiaridos.org\/noticias\/la-gestion-del-agua-sumergida-semiarido-venezolano\/#primaryimage"},"image":{"@id":"https:\/\/www.semiaridos.org\/noticias\/la-gestion-del-agua-sumergida-semiarido-venezolano\/#primaryimage"},"thumbnailUrl":"https:\/\/www.semiaridos.org\/\/files\/2021\/06\/mulatica4.jpg","datePublished":"2021-06-18T22:12:10+00:00","author":{"@id":"https:\/\/www.semiaridos.org\/#\/schema\/person\/4c4cf6a3a8d1bd0c98c84259a5db4998"},"breadcrumb":{"@id":"https:\/\/www.semiaridos.org\/noticias\/la-gestion-del-agua-sumergida-semiarido-venezolano\/#breadcrumb"},"inLanguage":"pt-BR","potentialAction":[{"@type":"ReadAction","target":["https:\/\/www.semiaridos.org\/noticias\/la-gestion-del-agua-sumergida-semiarido-venezolano\/"]}]},{"@type":"ImageObject","inLanguage":"pt-BR","@id":"https:\/\/www.semiaridos.org\/noticias\/la-gestion-del-agua-sumergida-semiarido-venezolano\/#primaryimage","url":"https:\/\/www.semiaridos.org\/\/files\/2021\/06\/mulatica4.jpg","contentUrl":"https:\/\/www.semiaridos.org\/\/files\/2021\/06\/mulatica4.jpg","width":4000,"height":3000,"caption":"mulatica4"},{"@type":"BreadcrumbList","@id":"https:\/\/www.semiaridos.org\/noticias\/la-gestion-del-agua-sumergida-semiarido-venezolano\/#breadcrumb","itemListElement":[{"@type":"ListItem","position":1,"name":"Portada","item":"https:\/\/www.semiaridos.org\/pt-br\/"},{"@type":"ListItem","position":2,"name":"La gesti\u00f3n del agua sumergida en el Semi\u00e1rido venezolano"}]},{"@type":"WebSite","@id":"https:\/\/www.semiaridos.org\/#website","url":"https:\/\/www.semiaridos.org\/","name":"Semi\u00e1ridos","description":"Otro sitio realizado con WordPress","potentialAction":[{"@type":"SearchAction","target":{"@type":"EntryPoint","urlTemplate":"https:\/\/www.semiaridos.org\/?s={search_term_string}"},"query-input":{"@type":"PropertyValueSpecification","valueRequired":true,"valueName":"search_term_string"}}],"inLanguage":"pt-BR"},{"@type":"Person","@id":"https:\/\/www.semiaridos.org\/#\/schema\/person\/4c4cf6a3a8d1bd0c98c84259a5db4998","name":"Semi\u00e1ridos Plataforma","image":{"@type":"ImageObject","inLanguage":"pt-BR","@id":"https:\/\/www.semiaridos.org\/#\/schema\/person\/image\/","url":"https:\/\/secure.gravatar.com\/avatar\/5ebd2905bbcce14afe1f3d0b167c53a55585123b9a8ebca5a6aa909278711be1?s=96&d=identicon&r=g","contentUrl":"https:\/\/secure.gravatar.com\/avatar\/5ebd2905bbcce14afe1f3d0b167c53a55585123b9a8ebca5a6aa909278711be1?s=96&d=identicon&r=g","caption":"Semi\u00e1ridos Plataforma"},"description":"Semi\u00e1ridos, iniciativa desarrollada en el marco de la International Land Coalition. Busca atender las problem\u00e1ticas de las zonas semi\u00e1ridas de Am\u00e9ricaLatina","sameAs":["http:\/\/www.semiaridos.org"]}]}},"_links":{"self":[{"href":"https:\/\/www.semiaridos.org\/pt-br\/wp-json\/wp\/v2\/posts\/1755","targetHints":{"allow":["GET"]}}],"collection":[{"href":"https:\/\/www.semiaridos.org\/pt-br\/wp-json\/wp\/v2\/posts"}],"about":[{"href":"https:\/\/www.semiaridos.org\/pt-br\/wp-json\/wp\/v2\/types\/post"}],"author":[{"embeddable":true,"href":"https:\/\/www.semiaridos.org\/pt-br\/wp-json\/wp\/v2\/users\/4"}],"replies":[{"embeddable":true,"href":"https:\/\/www.semiaridos.org\/pt-br\/wp-json\/wp\/v2\/comments?post=1755"}],"version-history":[{"count":3,"href":"https:\/\/www.semiaridos.org\/pt-br\/wp-json\/wp\/v2\/posts\/1755\/revisions"}],"predecessor-version":[{"id":1761,"href":"https:\/\/www.semiaridos.org\/pt-br\/wp-json\/wp\/v2\/posts\/1755\/revisions\/1761"}],"wp:featuredmedia":[{"embeddable":true,"href":"https:\/\/www.semiaridos.org\/pt-br\/wp-json\/wp\/v2\/media\/1758"}],"wp:attachment":[{"href":"https:\/\/www.semiaridos.org\/pt-br\/wp-json\/wp\/v2\/media?parent=1755"}],"wp:term":[{"taxonomy":"category","embeddable":true,"href":"https:\/\/www.semiaridos.org\/pt-br\/wp-json\/wp\/v2\/categories?post=1755"},{"taxonomy":"post_tag","embeddable":true,"href":"https:\/\/www.semiaridos.org\/pt-br\/wp-json\/wp\/v2\/tags?post=1755"}],"curies":[{"name":"wp","href":"https:\/\/api.w.org\/{rel}","templated":true}]}}