{"id":2678,"date":"2021-12-21T12:58:49","date_gmt":"2021-12-21T15:58:49","guid":{"rendered":"https:\/\/www.semiaridos.org\/?p=2678"},"modified":"2021-12-21T12:58:49","modified_gmt":"2021-12-21T15:58:49","slug":"se-buscan-profesionales-de-la-comunicacion-para-el-programa-de-formacion-de-daki-sv","status":"publish","type":"post","link":"https:\/\/www.semiaridos.org\/pt-br\/noticias\/se-buscan-profesionales-de-la-comunicacion-para-el-programa-de-formacion-de-daki-sv\/","title":{"rendered":"Se buscan profesionales de la Comunicaci\u00f3n para el Programa de Formaci\u00f3n de DAKI SV"},"content":{"rendered":"<div class=\"wpb-content-wrapper\"><p>[vc_row css_animation=&#8221;&#8221; row_type=&#8221;row&#8221; use_row_as_full_screen_section=&#8221;no&#8221; type=&#8221;full_width&#8221; angled_section=&#8221;no&#8221; text_align=&#8221;left&#8221; background_image_as_pattern=&#8221;without_pattern&#8221;][vc_column][vc_column_text]<\/p>\n<p style=\"font-weight: 400;\">El Proyecto\u00a0<strong>DAKI Semi\u00e1rido Vivo<\/strong>\u00a0est\u00e1 contratando un asesor y un asistente de Comunicaci\u00f3n Social para conformar el equipo pedag\u00f3gico del\u00a0<strong><em>Programa de Formaci\u00f3n en Agricultura Resiliente al Clima<\/em><\/strong>. Pueden presentarse personas de Brasil o Argentina. La contrataci\u00f3n la realizar\u00e1 la Fundaci\u00f3n para el Desarrollo en Justicia y Paz (FUNDAPAZ), una de las organizaciones\u00a0que ejecuta la iniciativa.<\/p>\n<p style=\"font-weight: 400;\">Las solicitudes deber\u00e1n presentarse hasta las 23h59 del 07 de enero de 2022, exclusivamente por v\u00eda digital, mediante un correo electr\u00f3nico enviado a\u00a0<a href=\"mailto:dakisemiaridovivo@gmail.com\" target=\"_blank\" rel=\"noopener\">dakisemiaridovivo@gmail.com<\/a><\/p>\n<p style=\"font-weight: 400;\">El puesto de Asesor est\u00e1 dirigido a quienes tengan una licenciatura (grado, posgrado o m\u00e1ster) en Comunicaci\u00f3n Social, Periodismo, Dise\u00f1o Gr\u00e1fico, Cine, Audiovisual, Pedagog\u00eda, Educaci\u00f3n o \u00e1reas afines.<\/p>\n<p style=\"font-weight: 400;\">El puesto de asistente requiere una titulaci\u00f3n universitaria o formaci\u00f3n profesional en Comunicaci\u00f3n Social, Periodismo, Dise\u00f1o Gr\u00e1fico, Medios de Comunicaci\u00f3n Social, Audiovisual o \u00e1reas relacionadas.<\/p>\n<p style=\"font-weight: 400;\">Para acceder al TDR 007\/2021 \u2013 vacante de Asesor de Comunicaci\u00f3n,\u00a0<a href=\"https:\/\/semiaridovivo.org\/wp-content\/uploads\/2021\/12\/TDR_Assessoria_Comunicacao_ES.pdf\" target=\"_blank\" rel=\"noopener\">pulse aqu\u00ed<\/a>.<br \/>\nPara acceder al TDR 008\/2021 \u2013 vacante de Asistente de Comunicaci\u00f3n,\u00a0<a href=\"https:\/\/semiaridovivo.org\/wp-content\/uploads\/2021\/12\/TDR008_Assistente_Comunicacao_ES.pdf\" target=\"_blank\" rel=\"noopener\">pulse aqu\u00ed<\/a>.<\/p>\n<p>[\/vc_column_text][\/vc_column][\/vc_row]<\/p>\n<\/div>","protected":false},"excerpt":{"rendered":"<p>El Proyecto DAKI Semi\u00e1rido Vivo est\u00e1 contratando un asesor y un asistente de Comunicaci\u00f3n Social para conformar el equipo pedag\u00f3gico del Programa de Formaci\u00f3n en Agricultura Resiliente al Clima. Pueden presentarse personas de Brasil o Argentina. La contrataci\u00f3n la realizar\u00e1 la Fundaci\u00f3n para el Desarrollo en Justicia y Paz (FUNDAPAZ), una de las organizaciones que ejecuta la iniciativa.<\/p>\n","protected":false},"author":4,"featured_media":1728,"comment_status":"open","ping_status":"open","sticky":false,"template":"","format":"standard","meta":{"footnotes":""},"categories":[14],"tags":[37,56,43,647],"class_list":["post-2678","post","type-post","status-publish","format-standard","has-post-thumbnail","hentry","category-noticias","tag-argentina","tag-brasil","tag-fundapaz","tag-proyecto-daki"],"yoast_head":"<!-- This site is optimized with the Yoast SEO plugin v26.3 - https:\/\/yoast.com\/wordpress\/plugins\/seo\/ -->\n<title>Se buscan profesionales de la Comunicaci\u00f3n para el Programa de Formaci\u00f3n de DAKI SV - Semi\u00e1ridos<\/title>\n<meta name=\"robots\" content=\"index, follow, max-snippet:-1, max-image-preview:large, max-video-preview:-1\" \/>\n<link rel=\"canonical\" href=\"https:\/\/www.semiaridos.org\/noticias\/se-buscan-profesionales-de-la-comunicacion-para-el-programa-de-formacion-de-daki-sv\/\" \/>\n<meta property=\"og:locale\" content=\"pt_BR\" \/>\n<meta property=\"og:type\" content=\"article\" \/>\n<meta property=\"og:title\" content=\"Se buscan profesionales de la Comunicaci\u00f3n para el Programa de Formaci\u00f3n de DAKI SV - Semi\u00e1ridos\" \/>\n<meta property=\"og:description\" content=\"El Proyecto DAKI Semi\u00e1rido Vivo est\u00e1 contratando un asesor y un asistente de Comunicaci\u00f3n Social para conformar el equipo pedag\u00f3gico del Programa de Formaci\u00f3n en Agricultura Resiliente al Clima. Pueden presentarse personas de Brasil o Argentina. La contrataci\u00f3n la realizar\u00e1 la Fundaci\u00f3n para el Desarrollo en Justicia y Paz (FUNDAPAZ), una de las organizaciones que ejecuta la iniciativa.\" \/>\n<meta property=\"og:url\" content=\"https:\/\/www.semiaridos.org\/noticias\/se-buscan-profesionales-de-la-comunicacion-para-el-programa-de-formacion-de-daki-sv\/\" \/>\n<meta property=\"og:site_name\" content=\"Semi\u00e1ridos\" \/>\n<meta property=\"article:published_time\" content=\"2021-12-21T15:58:49+00:00\" \/>\n<meta property=\"og:image\" content=\"https:\/\/www.semiaridos.org\/\/files\/2020\/11\/Dibujo.jpg\" \/>\n\t<meta property=\"og:image:width\" content=\"1280\" \/>\n\t<meta property=\"og:image:height\" content=\"720\" \/>\n\t<meta property=\"og:image:type\" content=\"image\/jpeg\" \/>\n<meta name=\"author\" content=\"Semi\u00e1ridos Plataforma\" \/>\n<meta name=\"twitter:card\" content=\"summary_large_image\" \/>\n<meta name=\"twitter:label1\" content=\"Escrito por\" \/>\n\t<meta name=\"twitter:data1\" content=\"Semi\u00e1ridos Plataforma\" \/>\n\t<meta name=\"twitter:label2\" content=\"Est. tempo de leitura\" \/>\n\t<meta name=\"twitter:data2\" content=\"1 minuto\" \/>\n<script type=\"application\/ld+json\" class=\"yoast-schema-graph\">{\"@context\":\"https:\/\/schema.org\",\"@graph\":[{\"@type\":\"WebPage\",\"@id\":\"https:\/\/www.semiaridos.org\/noticias\/se-buscan-profesionales-de-la-comunicacion-para-el-programa-de-formacion-de-daki-sv\/\",\"url\":\"https:\/\/www.semiaridos.org\/noticias\/se-buscan-profesionales-de-la-comunicacion-para-el-programa-de-formacion-de-daki-sv\/\",\"name\":\"Se buscan profesionales de la Comunicaci\u00f3n para el Programa de Formaci\u00f3n de DAKI SV - Semi\u00e1ridos\",\"isPartOf\":{\"@id\":\"https:\/\/www.semiaridos.org\/#website\"},\"primaryImageOfPage\":{\"@id\":\"https:\/\/www.semiaridos.org\/noticias\/se-buscan-profesionales-de-la-comunicacion-para-el-programa-de-formacion-de-daki-sv\/#primaryimage\"},\"image\":{\"@id\":\"https:\/\/www.semiaridos.org\/noticias\/se-buscan-profesionales-de-la-comunicacion-para-el-programa-de-formacion-de-daki-sv\/#primaryimage\"},\"thumbnailUrl\":\"https:\/\/www.semiaridos.org\/\/files\/2020\/11\/Dibujo.jpg\",\"datePublished\":\"2021-12-21T15:58:49+00:00\",\"author\":{\"@id\":\"https:\/\/www.semiaridos.org\/#\/schema\/person\/4c4cf6a3a8d1bd0c98c84259a5db4998\"},\"breadcrumb\":{\"@id\":\"https:\/\/www.semiaridos.org\/noticias\/se-buscan-profesionales-de-la-comunicacion-para-el-programa-de-formacion-de-daki-sv\/#breadcrumb\"},\"inLanguage\":\"pt-BR\",\"potentialAction\":[{\"@type\":\"ReadAction\",\"target\":[\"https:\/\/www.semiaridos.org\/noticias\/se-buscan-profesionales-de-la-comunicacion-para-el-programa-de-formacion-de-daki-sv\/\"]}]},{\"@type\":\"ImageObject\",\"inLanguage\":\"pt-BR\",\"@id\":\"https:\/\/www.semiaridos.org\/noticias\/se-buscan-profesionales-de-la-comunicacion-para-el-programa-de-formacion-de-daki-sv\/#primaryimage\",\"url\":\"https:\/\/www.semiaridos.org\/\/files\/2020\/11\/Dibujo.jpg\",\"contentUrl\":\"https:\/\/www.semiaridos.org\/\/files\/2020\/11\/Dibujo.jpg\",\"width\":1280,\"height\":720,\"caption\":\"Dibujo Daki semiarido vivo\"},{\"@type\":\"BreadcrumbList\",\"@id\":\"https:\/\/www.semiaridos.org\/noticias\/se-buscan-profesionales-de-la-comunicacion-para-el-programa-de-formacion-de-daki-sv\/#breadcrumb\",\"itemListElement\":[{\"@type\":\"ListItem\",\"position\":1,\"name\":\"Portada\",\"item\":\"https:\/\/www.semiaridos.org\/pt-br\/\"},{\"@type\":\"ListItem\",\"position\":2,\"name\":\"Se buscan profesionales de la Comunicaci\u00f3n para el Programa de Formaci\u00f3n de DAKI SV\"}]},{\"@type\":\"WebSite\",\"@id\":\"https:\/\/www.semiaridos.org\/#website\",\"url\":\"https:\/\/www.semiaridos.org\/\",\"name\":\"Semi\u00e1ridos\",\"description\":\"Otro sitio realizado con WordPress\",\"potentialAction\":[{\"@type\":\"SearchAction\",\"target\":{\"@type\":\"EntryPoint\",\"urlTemplate\":\"https:\/\/www.semiaridos.org\/?s={search_term_string}\"},\"query-input\":{\"@type\":\"PropertyValueSpecification\",\"valueRequired\":true,\"valueName\":\"search_term_string\"}}],\"inLanguage\":\"pt-BR\"},{\"@type\":\"Person\",\"@id\":\"https:\/\/www.semiaridos.org\/#\/schema\/person\/4c4cf6a3a8d1bd0c98c84259a5db4998\",\"name\":\"Semi\u00e1ridos Plataforma\",\"image\":{\"@type\":\"ImageObject\",\"inLanguage\":\"pt-BR\",\"@id\":\"https:\/\/www.semiaridos.org\/#\/schema\/person\/image\/\",\"url\":\"https:\/\/secure.gravatar.com\/avatar\/5ebd2905bbcce14afe1f3d0b167c53a55585123b9a8ebca5a6aa909278711be1?s=96&d=identicon&r=g\",\"contentUrl\":\"https:\/\/secure.gravatar.com\/avatar\/5ebd2905bbcce14afe1f3d0b167c53a55585123b9a8ebca5a6aa909278711be1?s=96&d=identicon&r=g\",\"caption\":\"Semi\u00e1ridos Plataforma\"},\"description\":\"Semi\u00e1ridos, iniciativa desarrollada en el marco de la International Land Coalition. Busca atender las problem\u00e1ticas de las zonas semi\u00e1ridas de Am\u00e9ricaLatina\",\"sameAs\":[\"http:\/\/www.semiaridos.org\"]}]}<\/script>\n<!-- \/ Yoast SEO plugin. -->","yoast_head_json":{"title":"Se buscan profesionales de la Comunicaci\u00f3n para el Programa de Formaci\u00f3n de DAKI SV - Semi\u00e1ridos","robots":{"index":"index","follow":"follow","max-snippet":"max-snippet:-1","max-image-preview":"max-image-preview:large","max-video-preview":"max-video-preview:-1"},"canonical":"https:\/\/www.semiaridos.org\/noticias\/se-buscan-profesionales-de-la-comunicacion-para-el-programa-de-formacion-de-daki-sv\/","og_locale":"pt_BR","og_type":"article","og_title":"Se buscan profesionales de la Comunicaci\u00f3n para el Programa de Formaci\u00f3n de DAKI SV - Semi\u00e1ridos","og_description":"El Proyecto DAKI Semi\u00e1rido Vivo est\u00e1 contratando un asesor y un asistente de Comunicaci\u00f3n Social para conformar el equipo pedag\u00f3gico del Programa de Formaci\u00f3n en Agricultura Resiliente al Clima. Pueden presentarse personas de Brasil o Argentina. La contrataci\u00f3n la realizar\u00e1 la Fundaci\u00f3n para el Desarrollo en Justicia y Paz (FUNDAPAZ), una de las organizaciones que ejecuta la iniciativa.","og_url":"https:\/\/www.semiaridos.org\/noticias\/se-buscan-profesionales-de-la-comunicacion-para-el-programa-de-formacion-de-daki-sv\/","og_site_name":"Semi\u00e1ridos","article_published_time":"2021-12-21T15:58:49+00:00","og_image":[{"width":1280,"height":720,"url":"https:\/\/www.semiaridos.org\/\/files\/2020\/11\/Dibujo.jpg","type":"image\/jpeg"}],"author":"Semi\u00e1ridos Plataforma","twitter_card":"summary_large_image","twitter_misc":{"Escrito por":"Semi\u00e1ridos Plataforma","Est. tempo de leitura":"1 minuto"},"schema":{"@context":"https:\/\/schema.org","@graph":[{"@type":"WebPage","@id":"https:\/\/www.semiaridos.org\/noticias\/se-buscan-profesionales-de-la-comunicacion-para-el-programa-de-formacion-de-daki-sv\/","url":"https:\/\/www.semiaridos.org\/noticias\/se-buscan-profesionales-de-la-comunicacion-para-el-programa-de-formacion-de-daki-sv\/","name":"Se buscan profesionales de la Comunicaci\u00f3n para el Programa de Formaci\u00f3n de DAKI SV - Semi\u00e1ridos","isPartOf":{"@id":"https:\/\/www.semiaridos.org\/#website"},"primaryImageOfPage":{"@id":"https:\/\/www.semiaridos.org\/noticias\/se-buscan-profesionales-de-la-comunicacion-para-el-programa-de-formacion-de-daki-sv\/#primaryimage"},"image":{"@id":"https:\/\/www.semiaridos.org\/noticias\/se-buscan-profesionales-de-la-comunicacion-para-el-programa-de-formacion-de-daki-sv\/#primaryimage"},"thumbnailUrl":"https:\/\/www.semiaridos.org\/\/files\/2020\/11\/Dibujo.jpg","datePublished":"2021-12-21T15:58:49+00:00","author":{"@id":"https:\/\/www.semiaridos.org\/#\/schema\/person\/4c4cf6a3a8d1bd0c98c84259a5db4998"},"breadcrumb":{"@id":"https:\/\/www.semiaridos.org\/noticias\/se-buscan-profesionales-de-la-comunicacion-para-el-programa-de-formacion-de-daki-sv\/#breadcrumb"},"inLanguage":"pt-BR","potentialAction":[{"@type":"ReadAction","target":["https:\/\/www.semiaridos.org\/noticias\/se-buscan-profesionales-de-la-comunicacion-para-el-programa-de-formacion-de-daki-sv\/"]}]},{"@type":"ImageObject","inLanguage":"pt-BR","@id":"https:\/\/www.semiaridos.org\/noticias\/se-buscan-profesionales-de-la-comunicacion-para-el-programa-de-formacion-de-daki-sv\/#primaryimage","url":"https:\/\/www.semiaridos.org\/\/files\/2020\/11\/Dibujo.jpg","contentUrl":"https:\/\/www.semiaridos.org\/\/files\/2020\/11\/Dibujo.jpg","width":1280,"height":720,"caption":"Dibujo Daki semiarido vivo"},{"@type":"BreadcrumbList","@id":"https:\/\/www.semiaridos.org\/noticias\/se-buscan-profesionales-de-la-comunicacion-para-el-programa-de-formacion-de-daki-sv\/#breadcrumb","itemListElement":[{"@type":"ListItem","position":1,"name":"Portada","item":"https:\/\/www.semiaridos.org\/pt-br\/"},{"@type":"ListItem","position":2,"name":"Se buscan profesionales de la Comunicaci\u00f3n para el Programa de Formaci\u00f3n de DAKI SV"}]},{"@type":"WebSite","@id":"https:\/\/www.semiaridos.org\/#website","url":"https:\/\/www.semiaridos.org\/","name":"Semi\u00e1ridos","description":"Otro sitio realizado con WordPress","potentialAction":[{"@type":"SearchAction","target":{"@type":"EntryPoint","urlTemplate":"https:\/\/www.semiaridos.org\/?s={search_term_string}"},"query-input":{"@type":"PropertyValueSpecification","valueRequired":true,"valueName":"search_term_string"}}],"inLanguage":"pt-BR"},{"@type":"Person","@id":"https:\/\/www.semiaridos.org\/#\/schema\/person\/4c4cf6a3a8d1bd0c98c84259a5db4998","name":"Semi\u00e1ridos Plataforma","image":{"@type":"ImageObject","inLanguage":"pt-BR","@id":"https:\/\/www.semiaridos.org\/#\/schema\/person\/image\/","url":"https:\/\/secure.gravatar.com\/avatar\/5ebd2905bbcce14afe1f3d0b167c53a55585123b9a8ebca5a6aa909278711be1?s=96&d=identicon&r=g","contentUrl":"https:\/\/secure.gravatar.com\/avatar\/5ebd2905bbcce14afe1f3d0b167c53a55585123b9a8ebca5a6aa909278711be1?s=96&d=identicon&r=g","caption":"Semi\u00e1ridos Plataforma"},"description":"Semi\u00e1ridos, iniciativa desarrollada en el marco de la International Land Coalition. Busca atender las problem\u00e1ticas de las zonas semi\u00e1ridas de Am\u00e9ricaLatina","sameAs":["http:\/\/www.semiaridos.org"]}]}},"_links":{"self":[{"href":"https:\/\/www.semiaridos.org\/pt-br\/wp-json\/wp\/v2\/posts\/2678","targetHints":{"allow":["GET"]}}],"collection":[{"href":"https:\/\/www.semiaridos.org\/pt-br\/wp-json\/wp\/v2\/posts"}],"about":[{"href":"https:\/\/www.semiaridos.org\/pt-br\/wp-json\/wp\/v2\/types\/post"}],"author":[{"embeddable":true,"href":"https:\/\/www.semiaridos.org\/pt-br\/wp-json\/wp\/v2\/users\/4"}],"replies":[{"embeddable":true,"href":"https:\/\/www.semiaridos.org\/pt-br\/wp-json\/wp\/v2\/comments?post=2678"}],"version-history":[{"count":1,"href":"https:\/\/www.semiaridos.org\/pt-br\/wp-json\/wp\/v2\/posts\/2678\/revisions"}],"predecessor-version":[{"id":2679,"href":"https:\/\/www.semiaridos.org\/pt-br\/wp-json\/wp\/v2\/posts\/2678\/revisions\/2679"}],"wp:featuredmedia":[{"embeddable":true,"href":"https:\/\/www.semiaridos.org\/pt-br\/wp-json\/wp\/v2\/media\/1728"}],"wp:attachment":[{"href":"https:\/\/www.semiaridos.org\/pt-br\/wp-json\/wp\/v2\/media?parent=2678"}],"wp:term":[{"taxonomy":"category","embeddable":true,"href":"https:\/\/www.semiaridos.org\/pt-br\/wp-json\/wp\/v2\/categories?post=2678"},{"taxonomy":"post_tag","embeddable":true,"href":"https:\/\/www.semiaridos.org\/pt-br\/wp-json\/wp\/v2\/tags?post=2678"}],"curies":[{"name":"wp","href":"https:\/\/api.w.org\/{rel}","templated":true}]}}