{"id":2865,"date":"2022-11-04T08:00:15","date_gmt":"2022-11-04T11:00:15","guid":{"rendered":"https:\/\/www.semiaridos.org\/?p=2865"},"modified":"2022-11-04T10:29:57","modified_gmt":"2022-11-04T13:29:57","slug":"contribuicoes-dos-semiaridos-da-america-latina-para-os-debates-sobre-mudancas-climaticas","status":"publish","type":"post","link":"https:\/\/www.semiaridos.org\/pt-br\/noticias\/contribuicoes-dos-semiaridos-da-america-latina-para-os-debates-sobre-mudancas-climaticas\/","title":{"rendered":"Contribui\u00e7\u00f5es dos Semi\u00e1ridos da Am\u00e9rica Latina para os debates sobre mudan\u00e7as clim\u00e1ticas"},"content":{"rendered":"<div class=\"wpb-content-wrapper\"><p>[vc_row css_animation=&#8221;&#8221; row_type=&#8221;row&#8221; use_row_as_full_screen_section=&#8221;no&#8221; type=&#8221;full_width&#8221; angled_section=&#8221;no&#8221; text_align=&#8221;left&#8221; background_image_as_pattern=&#8221;without_pattern&#8221;][vc_column][vc_column_text]De 6 a 18 de novembro se realiza no Egito a 27\u00ba Confer\u00eancia das Partes (COP, na sigla em ingl\u00eas para Conference of the Parties) da Conven\u00e7\u00e3o-Quadro das Na\u00e7\u00f5es Unidas sobre Mudan\u00e7a do Clima (UNFCCC), da Organiza\u00e7\u00e3o das Na\u00e7\u00f5es Unidas (ONU). Um evento que busca mobilizar a consci\u00eancia e solidariedade dos pa\u00edses para cumprir o Acordo de Paris frente a emerg\u00eancia clim\u00e1tica.<\/p>\n<p>Diante de uma realidade mundial que requer a urgente redu\u00e7\u00e3o da emiss\u00e3o de gases que provocam o efeito estufa, a resili\u00eancia aos fen\u00f4menos meteorol\u00f3gicos extremos, a mudan\u00e7a clim\u00e1tica e a crise energ\u00e9tica, os povos das regi\u00f5es semi\u00e1ridas da Am\u00e9rica Latina demonstram ter ricas experi\u00eancias de conviv\u00eancia com seu entorno e territ\u00f3rio, que podem ser replicadas e aprendidas por outras comunidades que vivem em regi\u00f5es similares em todo o mundo.<\/p>\n<p>O trabalho em rede e o interc\u00e2mbio dessas experi\u00eancias se concretizaram a partir de iniciativas como a Plataforma Semi\u00e1ridos da Am\u00e9rica Latina (PS AL) e o projeto DAKI Semi\u00e1rido Vivo (DAKI SV). Hoje, frente a COP 27, qual o aporte que as popula\u00e7\u00f5es das regi\u00f5es semi\u00e1ridas da Am\u00e9rica Latina, que participam do projeto de forma\u00e7\u00e3o DAKI SV, podem fazer ao debate sobre emerg\u00eancia clim\u00e1tica?<\/p>\n<p><b>Projeto DAKI &#8211; Semi\u00e1rido Vivo<\/b><\/p>\n<p>O projeto DAKI Semi\u00e1rido Vivo \u00e9 um programa de gest\u00e3o do conhecimento de boas pr\u00e1ticas resilientes \u00e0 mudan\u00e7a clim\u00e1tica que divulga saberes e experi\u00eancias da Am\u00e9rica Latina desde o Corredor Seco Centroamericano (CSC), o Gran Chaco Americano (GCA) e o Semi\u00e1rido Brasileiro (SAB). \u00c9 uma iniciativa apoiada pelo Fundo Internacional de Desenvolvimento Agr\u00e1rio (FIDA) impulsionada por duas redes de organiza\u00e7\u00f5es da sociedade civil que operam nas regi\u00f5es semi\u00e1ridas: a Articula\u00e7\u00e3o Semi\u00e1rido Brasileiro (ASA) e a Plataforma Semi\u00e1ridos da Am\u00e9rica Latina (PS AL).<\/p>\n<p>O projeto identifica e sistematiza experi\u00eancias, processos de capacita\u00e7\u00e3o e interc\u00e2mbios que contribuem com as agricultoras e agricultores, t\u00e9cnicos e t\u00e9cnicas, e com suas respectivas institui\u00e7\u00f5es, nas pr\u00e1ticas e estrat\u00e9gias da chamada Agricultura Resiliente ao Clima (ARC).<\/p>\n<p>&#8220;Este programa gere conhecimentos que est\u00e3o no cora\u00e7\u00e3o dos objetivos propostos para trabalhar a mitiga\u00e7\u00e3o das mudan\u00e7as clim\u00e1ticas, j\u00e1 que podem ajudar a entender outra forma de produzir alimentos. Al\u00e9m de que, o projeto DAKI SV est\u00e1 atravessado pelas regi\u00f5es semi\u00e1ridas da Am\u00e9rica Latina e suas estrat\u00e9gias de adapta\u00e7\u00e3o e mitiga\u00e7\u00e3o \u00e0s mudan\u00e7as clim\u00e1ticas est\u00e3o focadas nas regi\u00f5es semi\u00e1ridas porque no mundo se veem zonas que cada vez mais tem problemas de produ\u00e7\u00e3o por conta das secas. Portanto, todas as pr\u00e1ticas de adapta\u00e7\u00e3o que tenham a ver com a conserva\u00e7\u00e3o de sementes e tipos de cultivos, manejo dos ciclos produtivos e manejo da \u00e1gua, v\u00e3o ser centrais nas pr\u00f3ximas d\u00e9cadas&#8221;, afirma Gabriel Seghezzo, coordenador do DAKI pela Argentina\/FUNDAPAZ.[\/vc_column_text][vc_empty_space][vc_single_image image=&#8221;2856&#8243; img_size=&#8221;full&#8221; alignment=&#8221;center&#8221; qode_css_animation=&#8221;&#8221;][vc_empty_space][vc_column_text]<b>Aportes para a COP 27<\/b><\/p>\n<p>Durante a COP 27, as experi\u00eancias de Agricultura Resiliente ao Clima, sistematizadas no \u00e2mbito do projeto DAKI &#8211; Semi\u00e1rido Vivo, estar\u00e3o dispon\u00edveis para discuss\u00e3o a partir de v\u00eddeos e fotos. Tr\u00eas document\u00e1rios ir\u00e3o representar os tr\u00eas semi\u00e1ridos latinoamericanos:<\/p>\n<p>\u25cf A iniciativa de manejo silvipastoril da floresta do Chaco, a partir da produ\u00e7\u00e3o sustent\u00e1vel de madeira, carne e mel;<\/p>\n<p>\u25cf A experi\u00eancia com recupera\u00e7\u00e3o de \u00e1reas degradadas do Assentamento Modelo, no munic\u00edpio de Canind\u00e9 de S\u00e3o Francisco, no Sergipe, Brasil;<\/p>\n<p>\u25cf E o uso dos Sistemas Agroflorestais como solu\u00e7\u00f5es para enfrentar secas reincidentes e severas, tempestades e furac\u00f5es associados \u00e0s mudan\u00e7as clim\u00e1ticas na Serra Tecapa, El Salvador.<\/p>\n<p>Estes e outros mini document\u00e1rios fazem parte da\u00a0<a href=\"https:\/\/webserie.semiaridovivo.org\/pt\/inicio-pt\/\" target=\"_blank\" rel=\"noopener noreferrer\">Webs\u00e9rie Semi\u00e1rido Vivo<\/a>\u00a0e est\u00e3o dispon\u00edveis no Youtube em portugu\u00eas e espanhol.<\/p>\n<p><a href=\"https:\/\/youtube.com\/playlist?list=PLEGZh4jLpSMNdk82g0tBGdtJVoZQyWLc5\" target=\"_blank\"  rel=\"wpdevart_lightbox_video noopener noreferrer\" >https:\/\/youtube.com\/playlist?list=PLEGZh4jLpSMNdk82g0tBGdtJVoZQyWLc5<\/a><\/p>\n<p>Em suas p\u00e1ginas do Instagram, o projeto DAKI SV e a Plataforma Semi\u00e1ridos est\u00e3o publicando uma s\u00e9rie de fotos sobre resili\u00eancia clim\u00e1tica nos semi\u00e1ridos. Acompanhe!<\/p>\n<p><a href=\"https:\/\/www.instagram.com\/dakisemiaridovivo\/\" target=\"_blank\" rel=\"noopener noreferrer\">https:\/\/www.instagram.com\/dakisemiaridovivo\/<\/a><br \/>\n<a href=\"https:\/\/www.instagram.com\/semiaridos\/\" target=\"_blank\" rel=\"noopener noreferrer\">https:\/\/www.instagram.com\/semiaridos\/<\/a>[\/vc_column_text][\/vc_column][\/vc_row]<\/p>\n<\/div>","protected":false},"excerpt":{"rendered":"<p>De 6 a 18 de novembro se realiza no Egito a 27\u00ba Confer\u00eancia das Partes (COP, na sigla em ingl\u00eas para Conference of the Parties) da Conven\u00e7\u00e3o-Quadro das Na\u00e7\u00f5es Unidas sobre Mudan\u00e7a do Clima (UNFCCC), da Organiza\u00e7\u00e3o das Na\u00e7\u00f5es Unidas (ONU). Um evento que busca mobilizar a consci\u00eancia e solidariedade dos pa\u00edses para cumprir o Acordo de Paris frente a emerg\u00eancia clim\u00e1tica.<\/p>\n","protected":false},"author":4,"featured_media":2871,"comment_status":"open","ping_status":"open","sticky":false,"template":"","format":"standard","meta":{"footnotes":""},"categories":[256],"tags":[700,776,777,778,481,779,780,781,732],"class_list":["post-2865","post","type-post","status-publish","format-standard","has-post-thumbnail","hentry","category-noticias","tag-america-latina-pt-br","tag-cambio-climatico-pt-br","tag-cop27-pt-br","tag-daki-semiarido-vivo-pt-br","tag-fundapaz-pt-br","tag-manejo-del-agua-pt-br","tag-naciones-unidas-pt-br","tag-onu-pt-br","tag-plataforma-semiaridos-pt-br"],"yoast_head":"<!-- This site is optimized with the Yoast SEO plugin v26.3 - https:\/\/yoast.com\/wordpress\/plugins\/seo\/ -->\n<title>Contribui\u00e7\u00f5es dos Semi\u00e1ridos da Am\u00e9rica Latina para os debates sobre mudan\u00e7as clim\u00e1ticas - Semi\u00e1ridos<\/title>\n<meta name=\"robots\" content=\"index, follow, max-snippet:-1, max-image-preview:large, max-video-preview:-1\" \/>\n<link rel=\"canonical\" href=\"https:\/\/www.semiaridos.org\/pt-br\/noticias\/contribuicoes-dos-semiaridos-da-america-latina-para-os-debates-sobre-mudancas-climaticas\/\" \/>\n<meta property=\"og:locale\" content=\"pt_BR\" \/>\n<meta property=\"og:type\" content=\"article\" \/>\n<meta property=\"og:title\" content=\"Contribui\u00e7\u00f5es dos Semi\u00e1ridos da Am\u00e9rica Latina para os debates sobre mudan\u00e7as clim\u00e1ticas - Semi\u00e1ridos\" \/>\n<meta property=\"og:description\" content=\"De 6 a 18 de novembro se realiza no Egito a 27\u00ba Confer\u00eancia das Partes (COP, na sigla em ingl\u00eas para Conference of the Parties) da Conven\u00e7\u00e3o-Quadro das Na\u00e7\u00f5es Unidas sobre Mudan\u00e7a do Clima (UNFCCC), da Organiza\u00e7\u00e3o das Na\u00e7\u00f5es Unidas (ONU). Um evento que busca mobilizar a consci\u00eancia e solidariedade dos pa\u00edses para cumprir o Acordo de Paris frente a emerg\u00eancia clim\u00e1tica.\" \/>\n<meta property=\"og:url\" content=\"https:\/\/www.semiaridos.org\/pt-br\/noticias\/contribuicoes-dos-semiaridos-da-america-latina-para-os-debates-sobre-mudancas-climaticas\/\" \/>\n<meta property=\"og:site_name\" content=\"Semi\u00e1ridos\" \/>\n<meta property=\"article:published_time\" content=\"2022-11-04T11:00:15+00:00\" \/>\n<meta property=\"article:modified_time\" content=\"2022-11-04T13:29:57+00:00\" \/>\n<meta property=\"og:image\" content=\"https:\/\/www.semiaridos.org\/\/files\/2022\/11\/7-1.png\" \/>\n\t<meta property=\"og:image:width\" content=\"1080\" \/>\n\t<meta property=\"og:image:height\" content=\"1080\" \/>\n\t<meta property=\"og:image:type\" content=\"image\/png\" \/>\n<meta name=\"author\" content=\"Semi\u00e1ridos Plataforma\" \/>\n<meta name=\"twitter:card\" content=\"summary_large_image\" \/>\n<meta name=\"twitter:label1\" content=\"Escrito por\" \/>\n\t<meta name=\"twitter:data1\" content=\"Semi\u00e1ridos Plataforma\" \/>\n\t<meta name=\"twitter:label2\" content=\"Est. tempo de leitura\" \/>\n\t<meta name=\"twitter:data2\" content=\"3 minutos\" \/>\n<script type=\"application\/ld+json\" class=\"yoast-schema-graph\">{\"@context\":\"https:\/\/schema.org\",\"@graph\":[{\"@type\":\"WebPage\",\"@id\":\"https:\/\/www.semiaridos.org\/pt-br\/noticias\/contribuicoes-dos-semiaridos-da-america-latina-para-os-debates-sobre-mudancas-climaticas\/\",\"url\":\"https:\/\/www.semiaridos.org\/pt-br\/noticias\/contribuicoes-dos-semiaridos-da-america-latina-para-os-debates-sobre-mudancas-climaticas\/\",\"name\":\"Contribui\u00e7\u00f5es dos Semi\u00e1ridos da Am\u00e9rica Latina para os debates sobre mudan\u00e7as clim\u00e1ticas - Semi\u00e1ridos\",\"isPartOf\":{\"@id\":\"https:\/\/www.semiaridos.org\/#website\"},\"primaryImageOfPage\":{\"@id\":\"https:\/\/www.semiaridos.org\/pt-br\/noticias\/contribuicoes-dos-semiaridos-da-america-latina-para-os-debates-sobre-mudancas-climaticas\/#primaryimage\"},\"image\":{\"@id\":\"https:\/\/www.semiaridos.org\/pt-br\/noticias\/contribuicoes-dos-semiaridos-da-america-latina-para-os-debates-sobre-mudancas-climaticas\/#primaryimage\"},\"thumbnailUrl\":\"https:\/\/www.semiaridos.org\/\/files\/2022\/11\/7-1.png\",\"datePublished\":\"2022-11-04T11:00:15+00:00\",\"dateModified\":\"2022-11-04T13:29:57+00:00\",\"author\":{\"@id\":\"https:\/\/www.semiaridos.org\/#\/schema\/person\/4c4cf6a3a8d1bd0c98c84259a5db4998\"},\"breadcrumb\":{\"@id\":\"https:\/\/www.semiaridos.org\/pt-br\/noticias\/contribuicoes-dos-semiaridos-da-america-latina-para-os-debates-sobre-mudancas-climaticas\/#breadcrumb\"},\"inLanguage\":\"pt-BR\",\"potentialAction\":[{\"@type\":\"ReadAction\",\"target\":[\"https:\/\/www.semiaridos.org\/pt-br\/noticias\/contribuicoes-dos-semiaridos-da-america-latina-para-os-debates-sobre-mudancas-climaticas\/\"]}]},{\"@type\":\"ImageObject\",\"inLanguage\":\"pt-BR\",\"@id\":\"https:\/\/www.semiaridos.org\/pt-br\/noticias\/contribuicoes-dos-semiaridos-da-america-latina-para-os-debates-sobre-mudancas-climaticas\/#primaryimage\",\"url\":\"https:\/\/www.semiaridos.org\/\/files\/2022\/11\/7-1.png\",\"contentUrl\":\"https:\/\/www.semiaridos.org\/\/files\/2022\/11\/7-1.png\",\"width\":1080,\"height\":1080,\"caption\":\"DAKI semiaridos\"},{\"@type\":\"BreadcrumbList\",\"@id\":\"https:\/\/www.semiaridos.org\/pt-br\/noticias\/contribuicoes-dos-semiaridos-da-america-latina-para-os-debates-sobre-mudancas-climaticas\/#breadcrumb\",\"itemListElement\":[{\"@type\":\"ListItem\",\"position\":1,\"name\":\"Portada\",\"item\":\"https:\/\/www.semiaridos.org\/pt-br\/\"},{\"@type\":\"ListItem\",\"position\":2,\"name\":\"Contribui\u00e7\u00f5es dos Semi\u00e1ridos da Am\u00e9rica Latina para os debates sobre mudan\u00e7as clim\u00e1ticas\"}]},{\"@type\":\"WebSite\",\"@id\":\"https:\/\/www.semiaridos.org\/#website\",\"url\":\"https:\/\/www.semiaridos.org\/\",\"name\":\"Semi\u00e1ridos\",\"description\":\"Otro sitio realizado con WordPress\",\"potentialAction\":[{\"@type\":\"SearchAction\",\"target\":{\"@type\":\"EntryPoint\",\"urlTemplate\":\"https:\/\/www.semiaridos.org\/?s={search_term_string}\"},\"query-input\":{\"@type\":\"PropertyValueSpecification\",\"valueRequired\":true,\"valueName\":\"search_term_string\"}}],\"inLanguage\":\"pt-BR\"},{\"@type\":\"Person\",\"@id\":\"https:\/\/www.semiaridos.org\/#\/schema\/person\/4c4cf6a3a8d1bd0c98c84259a5db4998\",\"name\":\"Semi\u00e1ridos Plataforma\",\"image\":{\"@type\":\"ImageObject\",\"inLanguage\":\"pt-BR\",\"@id\":\"https:\/\/www.semiaridos.org\/#\/schema\/person\/image\/\",\"url\":\"https:\/\/secure.gravatar.com\/avatar\/5ebd2905bbcce14afe1f3d0b167c53a55585123b9a8ebca5a6aa909278711be1?s=96&d=identicon&r=g\",\"contentUrl\":\"https:\/\/secure.gravatar.com\/avatar\/5ebd2905bbcce14afe1f3d0b167c53a55585123b9a8ebca5a6aa909278711be1?s=96&d=identicon&r=g\",\"caption\":\"Semi\u00e1ridos Plataforma\"},\"description\":\"Semi\u00e1ridos, iniciativa desarrollada en el marco de la International Land Coalition. Busca atender las problem\u00e1ticas de las zonas semi\u00e1ridas de Am\u00e9ricaLatina\",\"sameAs\":[\"http:\/\/www.semiaridos.org\"]}]}<\/script>\n<!-- \/ Yoast SEO plugin. -->","yoast_head_json":{"title":"Contribui\u00e7\u00f5es dos Semi\u00e1ridos da Am\u00e9rica Latina para os debates sobre mudan\u00e7as clim\u00e1ticas - Semi\u00e1ridos","robots":{"index":"index","follow":"follow","max-snippet":"max-snippet:-1","max-image-preview":"max-image-preview:large","max-video-preview":"max-video-preview:-1"},"canonical":"https:\/\/www.semiaridos.org\/pt-br\/noticias\/contribuicoes-dos-semiaridos-da-america-latina-para-os-debates-sobre-mudancas-climaticas\/","og_locale":"pt_BR","og_type":"article","og_title":"Contribui\u00e7\u00f5es dos Semi\u00e1ridos da Am\u00e9rica Latina para os debates sobre mudan\u00e7as clim\u00e1ticas - Semi\u00e1ridos","og_description":"De 6 a 18 de novembro se realiza no Egito a 27\u00ba Confer\u00eancia das Partes (COP, na sigla em ingl\u00eas para Conference of the Parties) da Conven\u00e7\u00e3o-Quadro das Na\u00e7\u00f5es Unidas sobre Mudan\u00e7a do Clima (UNFCCC), da Organiza\u00e7\u00e3o das Na\u00e7\u00f5es Unidas (ONU). Um evento que busca mobilizar a consci\u00eancia e solidariedade dos pa\u00edses para cumprir o Acordo de Paris frente a emerg\u00eancia clim\u00e1tica.","og_url":"https:\/\/www.semiaridos.org\/pt-br\/noticias\/contribuicoes-dos-semiaridos-da-america-latina-para-os-debates-sobre-mudancas-climaticas\/","og_site_name":"Semi\u00e1ridos","article_published_time":"2022-11-04T11:00:15+00:00","article_modified_time":"2022-11-04T13:29:57+00:00","og_image":[{"width":1080,"height":1080,"url":"https:\/\/www.semiaridos.org\/\/files\/2022\/11\/7-1.png","type":"image\/png"}],"author":"Semi\u00e1ridos Plataforma","twitter_card":"summary_large_image","twitter_misc":{"Escrito por":"Semi\u00e1ridos Plataforma","Est. tempo de leitura":"3 minutos"},"schema":{"@context":"https:\/\/schema.org","@graph":[{"@type":"WebPage","@id":"https:\/\/www.semiaridos.org\/pt-br\/noticias\/contribuicoes-dos-semiaridos-da-america-latina-para-os-debates-sobre-mudancas-climaticas\/","url":"https:\/\/www.semiaridos.org\/pt-br\/noticias\/contribuicoes-dos-semiaridos-da-america-latina-para-os-debates-sobre-mudancas-climaticas\/","name":"Contribui\u00e7\u00f5es dos Semi\u00e1ridos da Am\u00e9rica Latina para os debates sobre mudan\u00e7as clim\u00e1ticas - Semi\u00e1ridos","isPartOf":{"@id":"https:\/\/www.semiaridos.org\/#website"},"primaryImageOfPage":{"@id":"https:\/\/www.semiaridos.org\/pt-br\/noticias\/contribuicoes-dos-semiaridos-da-america-latina-para-os-debates-sobre-mudancas-climaticas\/#primaryimage"},"image":{"@id":"https:\/\/www.semiaridos.org\/pt-br\/noticias\/contribuicoes-dos-semiaridos-da-america-latina-para-os-debates-sobre-mudancas-climaticas\/#primaryimage"},"thumbnailUrl":"https:\/\/www.semiaridos.org\/\/files\/2022\/11\/7-1.png","datePublished":"2022-11-04T11:00:15+00:00","dateModified":"2022-11-04T13:29:57+00:00","author":{"@id":"https:\/\/www.semiaridos.org\/#\/schema\/person\/4c4cf6a3a8d1bd0c98c84259a5db4998"},"breadcrumb":{"@id":"https:\/\/www.semiaridos.org\/pt-br\/noticias\/contribuicoes-dos-semiaridos-da-america-latina-para-os-debates-sobre-mudancas-climaticas\/#breadcrumb"},"inLanguage":"pt-BR","potentialAction":[{"@type":"ReadAction","target":["https:\/\/www.semiaridos.org\/pt-br\/noticias\/contribuicoes-dos-semiaridos-da-america-latina-para-os-debates-sobre-mudancas-climaticas\/"]}]},{"@type":"ImageObject","inLanguage":"pt-BR","@id":"https:\/\/www.semiaridos.org\/pt-br\/noticias\/contribuicoes-dos-semiaridos-da-america-latina-para-os-debates-sobre-mudancas-climaticas\/#primaryimage","url":"https:\/\/www.semiaridos.org\/\/files\/2022\/11\/7-1.png","contentUrl":"https:\/\/www.semiaridos.org\/\/files\/2022\/11\/7-1.png","width":1080,"height":1080,"caption":"DAKI semiaridos"},{"@type":"BreadcrumbList","@id":"https:\/\/www.semiaridos.org\/pt-br\/noticias\/contribuicoes-dos-semiaridos-da-america-latina-para-os-debates-sobre-mudancas-climaticas\/#breadcrumb","itemListElement":[{"@type":"ListItem","position":1,"name":"Portada","item":"https:\/\/www.semiaridos.org\/pt-br\/"},{"@type":"ListItem","position":2,"name":"Contribui\u00e7\u00f5es dos Semi\u00e1ridos da Am\u00e9rica Latina para os debates sobre mudan\u00e7as clim\u00e1ticas"}]},{"@type":"WebSite","@id":"https:\/\/www.semiaridos.org\/#website","url":"https:\/\/www.semiaridos.org\/","name":"Semi\u00e1ridos","description":"Otro sitio realizado con WordPress","potentialAction":[{"@type":"SearchAction","target":{"@type":"EntryPoint","urlTemplate":"https:\/\/www.semiaridos.org\/?s={search_term_string}"},"query-input":{"@type":"PropertyValueSpecification","valueRequired":true,"valueName":"search_term_string"}}],"inLanguage":"pt-BR"},{"@type":"Person","@id":"https:\/\/www.semiaridos.org\/#\/schema\/person\/4c4cf6a3a8d1bd0c98c84259a5db4998","name":"Semi\u00e1ridos Plataforma","image":{"@type":"ImageObject","inLanguage":"pt-BR","@id":"https:\/\/www.semiaridos.org\/#\/schema\/person\/image\/","url":"https:\/\/secure.gravatar.com\/avatar\/5ebd2905bbcce14afe1f3d0b167c53a55585123b9a8ebca5a6aa909278711be1?s=96&d=identicon&r=g","contentUrl":"https:\/\/secure.gravatar.com\/avatar\/5ebd2905bbcce14afe1f3d0b167c53a55585123b9a8ebca5a6aa909278711be1?s=96&d=identicon&r=g","caption":"Semi\u00e1ridos Plataforma"},"description":"Semi\u00e1ridos, iniciativa desarrollada en el marco de la International Land Coalition. Busca atender las problem\u00e1ticas de las zonas semi\u00e1ridas de Am\u00e9ricaLatina","sameAs":["http:\/\/www.semiaridos.org"]}]}},"_links":{"self":[{"href":"https:\/\/www.semiaridos.org\/pt-br\/wp-json\/wp\/v2\/posts\/2865","targetHints":{"allow":["GET"]}}],"collection":[{"href":"https:\/\/www.semiaridos.org\/pt-br\/wp-json\/wp\/v2\/posts"}],"about":[{"href":"https:\/\/www.semiaridos.org\/pt-br\/wp-json\/wp\/v2\/types\/post"}],"author":[{"embeddable":true,"href":"https:\/\/www.semiaridos.org\/pt-br\/wp-json\/wp\/v2\/users\/4"}],"replies":[{"embeddable":true,"href":"https:\/\/www.semiaridos.org\/pt-br\/wp-json\/wp\/v2\/comments?post=2865"}],"version-history":[{"count":5,"href":"https:\/\/www.semiaridos.org\/pt-br\/wp-json\/wp\/v2\/posts\/2865\/revisions"}],"predecessor-version":[{"id":2877,"href":"https:\/\/www.semiaridos.org\/pt-br\/wp-json\/wp\/v2\/posts\/2865\/revisions\/2877"}],"wp:featuredmedia":[{"embeddable":true,"href":"https:\/\/www.semiaridos.org\/pt-br\/wp-json\/wp\/v2\/media\/2871"}],"wp:attachment":[{"href":"https:\/\/www.semiaridos.org\/pt-br\/wp-json\/wp\/v2\/media?parent=2865"}],"wp:term":[{"taxonomy":"category","embeddable":true,"href":"https:\/\/www.semiaridos.org\/pt-br\/wp-json\/wp\/v2\/categories?post=2865"},{"taxonomy":"post_tag","embeddable":true,"href":"https:\/\/www.semiaridos.org\/pt-br\/wp-json\/wp\/v2\/tags?post=2865"}],"curies":[{"name":"wp","href":"https:\/\/api.w.org\/{rel}","templated":true}]}}