{"id":3041,"date":"2023-11-30T12:50:10","date_gmt":"2023-11-30T15:50:10","guid":{"rendered":"https:\/\/www.semiaridos.org\/noticias\/jovens-dos-semiaridos-latino-americanos-comprometidos-com-a-mudanca-e-o-desenvolvimento-sustentavel-reuniram-se-na-argentina\/"},"modified":"2023-11-30T13:07:43","modified_gmt":"2023-11-30T16:07:43","slug":"jovens-dos-semiaridos-latino-americanos-comprometidos-com-a-mudanca-e-o-desenvolvimento-sustentavel-reuniram-se-na-argentina","status":"publish","type":"post","link":"https:\/\/www.semiaridos.org\/pt-br\/noticias\/jovens-dos-semiaridos-latino-americanos-comprometidos-com-a-mudanca-e-o-desenvolvimento-sustentavel-reuniram-se-na-argentina\/","title":{"rendered":"Jovens dos Semi\u00e1ridos latino-americanos, comprometidos com a mudan\u00e7a e o desenvolvimento sustent\u00e1vel, reuniram-se na Argentina"},"content":{"rendered":"<div class=\"wpb-content-wrapper\"><p>[vc_row css_animation=&#8221;&#8221; row_type=&#8221;row&#8221; use_row_as_full_screen_section=&#8221;no&#8221; type=&#8221;full_width&#8221; angled_section=&#8221;no&#8221; text_align=&#8221;left&#8221; background_image_as_pattern=&#8221;without_pattern&#8221;][vc_column][vc_column_text]De 5 a 11 de novembro de 2023, foi realizada a segunda edi\u00e7\u00e3o do Interc\u00e2mbio de jovens do semi\u00e1rido da Am\u00e9rica Latina no \u00e2mbito do 3\u00ba Programa de Forma\u00e7\u00e3o em Agricultura Resiliente ao Clima do projeto DAKI \u2013 Semi\u00e1rido Vivo. O encontro aconteceu no norte de Santa F\u00e9, Argentina, oferecendo aos participantes uma semana repleta de experi\u00eancias enriquecedoras.<br \/>\nDurante esse per\u00edodo, 27 jovens estrangeiros (23 da delega\u00e7\u00e3o do Brasil, 3 de El Salvador e 1 de Honduras), reuniram-se com outros 15 jovens de diferentes partes da Argentina, para compartilhar com os mais de 300 jovens locais anfitri\u00f5es do encontro. A troca de experi\u00eancias abordou diversos temas: desde agroecologia, produ\u00e7\u00e3o animal, sistemas de colheita e armazenamento de \u00e1gua at\u00e9 temas como identidade, arte, cultura e tradi\u00e7\u00f5es camponesas, educa\u00e7\u00e3o rural, estrat\u00e9gias de financiamento coletivo e muito mais.[\/vc_column_text][vc_empty_space][vc_single_image image=&#8221;3034&#8243; img_size=&#8221;full&#8221; alignment=&#8221;center&#8221; qode_css_animation=&#8221;&#8221;][vc_empty_space][vc_column_text]As experi\u00eancias visitadas durante este interc\u00e2mbio foram diversas e muito valiosas nas suas particularidades:<\/p>\n<ol>\n<li><strong> Associa\u00e7\u00e3o Civil UOCB:<\/strong>A UOCB, formada por mais de 600 fam\u00edlias do meio rural do departamento de Vera, no norte da prov\u00edncia de Santa F\u00e9, compartilhou sua valiosa experi\u00eancia camponesa.<\/li>\n<li><strong> Educa\u00e7\u00e3o em altern\u00e2ncia na Cu\u00f1a Boscosa Santafesina:<\/strong>O interc\u00e2mbio incluiu visitas a tr\u00eas EFAs: \u201cLa Uni\u00f3n de las Familias\u201d, \u201cIntiyaco\u201d e a EFA de Esp\u00edn, onde foram exploradas ferramentas e particularidades da pedagogia da altern\u00e2ncia.<\/li>\n<li><strong> Centro de Observa\u00e7\u00e3o \u201cS\u00e3o Francisco de As\u00eds\u201d \u2013 Conserva\u00e7\u00e3o e Manejo Florestal:\u00a0<\/strong>Abel e Leandro Menapace, produtores agr\u00edcolas e profissionais da agronomia, orientaram os jovens a reconhecer a diversidade da flora nativa, aves silvestres e refletiram sobre a conserva\u00e7\u00e3o da floresta.<\/li>\n<li><strong> Manejo Silvipastoril com Produ\u00e7\u00e3o de Mel:\u00a0<\/strong>A experi\u00eancia de Fabi\u00e1n Peralta, jovem apicultor, ofereceu perspectivas sobre a apicultura e a produ\u00e7\u00e3o de mel em harmonia com a natureza.<\/li>\n<li><strong> Grupo de Jovens Esp\u00edn:<\/strong>Este grupo, comprometido com a recupera\u00e7\u00e3o e regulariza\u00e7\u00e3o da posse da terra e do acesso \u00e0 \u00e1gua, compartilhou seus desafios e conquistas.<\/li>\n<li><strong> Grupo de Costumes Camponeses:<\/strong>Os jovens de Esp\u00edn organizaram-se num grupo tradicionalista denominado \u201cCostumbres Camperas\u201d, defendendo e valorizando as tradi\u00e7\u00f5es crioulas da vida rural.<\/li>\n<li><strong> Centro Cultural La Quinta:\u00a0<\/strong>Foram exploradas experi\u00eancias de inclus\u00e3o infantil e juvenil, dispositivos pedag\u00f3gicos e ferramentas para promover a inclus\u00e3o e o empoderamento.<\/li>\n<li><strong> Esta\u00e7\u00e3o Toba Sports Club:<\/strong>Um momento esportivo na cidade de Estaci\u00f3n Toba celebrou a troca de conhecimento, a paz e a integra\u00e7\u00e3o da juventude da Am\u00e9rica Latina.<\/li>\n<li><strong> Manejo Silvipastoril com Produ\u00e7\u00e3o de Carne:\u00a0<\/strong>Iv\u00e1n Hilguero, jovem produtor de caprinos, ovinos e bovinos, compartilhou detalhes de seu empreendimento na produ\u00e7\u00e3o e comercializa\u00e7\u00e3o de caprinos.<\/li>\n<\/ol>\n<p>[\/vc_column_text][vc_empty_space][vc_single_image image=&#8221;3037&#8243; img_size=&#8221;full&#8221; alignment=&#8221;center&#8221; qode_css_animation=&#8221;&#8221;][vc_empty_space][vc_column_text]<strong>A EFAS, uma experi\u00eancia especialmente importante para Argentina e Brasil<\/strong><\/p>\n<p>Uma das experi\u00eancias mais significativas partilhadas no encontro foi a da \u201cEduca\u00e7\u00e3o por Altern\u00e2ncia na Cu\u00f1a Boscosa Santafesina\u201d. Esse tipo de pedagogia tem como diretriz fundadora favorecer o enraizamento do adolescente no meio rural, proporcionando-lhe uma forma\u00e7\u00e3o integral, com a participa\u00e7\u00e3o da fam\u00edlia.<br \/>\nO interc\u00e2mbio de jovens incluiu visitas a tr\u00eas Escolas Familiares Agr\u00edcolas (EFAs): \u201cLa Uni\u00f3n de las Familias\u201d, \u201cIntiyaco\u201d e a EFA de Esp\u00edn, onde conheceram e exploraram ferramentas desta pedagogia particular.<br \/>\nJuliana Ib\u00e1\u00f1ez, que mora em Gancedo Chaco, Argentina, comenta:<br \/>\n\u201cFoi muito interessante poder conhecer os irm\u00e3os do Brasil e eles tamb\u00e9m nos contarem como vivem l\u00e1. Durante o interc\u00e2mbio conhecemos um jovem em Santa F\u00e9 que se dedica \u00e0 produ\u00e7\u00e3o de caprinos e ele nos contou como faz isso. Na Escola Familiar Agr\u00edcola (EFA) vimos como abatem galinhas, como fazem p\u00e3o e tamb\u00e9m como poupam \u00e1gua da chuva. Tudo \u00e9 muito interessante e vivemos isso de forma feliz.\u201d<br \/>\nQuem patrocinou os \u201clocais\u201d tamb\u00e9m se entusiasmou com a visita estrangeira: \u201cConhecer quem vem de outras EFAS do Brasil foi uma experi\u00eancia muito bacana porque trocamos ideias e conhecimentos. Quando tentamos nos comunicar aprendemos novas palavras\u201d, diz Jimena Robledo, aluna do 4\u00ba ano EFA do KM 38 em Vera.<br \/>\nDe El Salvador essa modalidade de ensino n\u00e3o \u00e9 realizada e Sof\u00eda Sibrian, surpresa, comenta:<br \/>\n\u201cVivemos uma experi\u00eancia incr\u00edvel. Compartilhamos a energia que todos t\u00eam. Aprendemos muito com cada experi\u00eancia que vivenciamos em cada EFA e centro educacional. Foi um desafio superar a barreira do idioma para poder se comunicar com quem veio do Brasil. Vimos o orgulho que todos os jovens t\u00eam da sua origem e de serem produtores, apicultores. Juntamos tudo, conquistas e desafios.\u201d<br \/>\nPor sua vez, do Brasil, Jos\u00e9, aluno de uma EFA de Minas Gerais, acrescentou: \u201cGostei muito de vivenciar a experi\u00eancia de outra EFA de outro pa\u00eds, ver a experi\u00eancia da pedagogia de altern\u00e2ncia. Viva a ecologia!\u201d<\/p>\n<p>&nbsp;<\/p>\n<p><strong>Rumo a uma Rede de Jovens do Semi\u00e1rido da Am\u00e9rica Latina<\/strong><br \/>\nAs conquistas alcan\u00e7adas durante esta semana foram palp\u00e1veis: troca enriquecedora de experi\u00eancias e conhecimentos, conviv\u00eancia repleta de fraternidade e empatia, respeito \u00e0 diversidade cultural e espiritual e conex\u00e3o rec\u00edproca entre os participantes.<br \/>\nAs propostas para o futuro incluem continuar fortalecendo os la\u00e7os por meio de encontros virtuais, a cria\u00e7\u00e3o de um Instagram para consolidar redes de jovens nos Semi\u00e1ridos latino-americanos e a replica\u00e7\u00e3o de tudo o que aprenderam em suas comunidades locais. Para tal, os jovens est\u00e3o trabalhando numa carta elaborada por todas as delega\u00e7\u00f5es que d\u00e1 continuidade a todos os processos de interc\u00e2mbio juvenil que t\u00eam sido realizados ao longo dos anos, onde se come\u00e7am a lan\u00e7ar as bases para a cria\u00e7\u00e3o de uma Rede de Jovens do Semi\u00e1rido da Am\u00e9rica Latina, sob a premissa de que sem juventude n\u00e3o h\u00e1 agroecologia!<br \/>\nEste interc\u00e2mbio n\u00e3o foi apenas uma semana de aprendizagem, mas a continuidade de uma rede de jovens comprometidos com a mudan\u00e7a e o desenvolvimento sustent\u00e1vel nas suas comunidades. O projeto DAKI Semi\u00e1rido Vivo continua gerando espa\u00e7os para repensarmos em um futuro mais unido e resiliente na Am\u00e9rica Latina.[\/vc_column_text][\/vc_column][\/vc_row]<\/p>\n<\/div>","protected":false},"excerpt":{"rendered":"<p>De 5 a 11 de novembro de 2023, foi realizada a segunda edi\u00e7\u00e3o do Interc\u00e2mbio de jovens do semi\u00e1rido da Am\u00e9rica Latina no \u00e2mbito do 3\u00ba Programa de Forma\u00e7\u00e3o em Agricultura Resiliente ao Clima do projeto DAKI \u2013 Semi\u00e1rido Vivo. O encontro aconteceu no norte de Santa F\u00e9, Argentina, oferecendo aos participantes uma semana repleta de experi\u00eancias enriquecedoras.<\/p>\n","protected":false},"author":4,"featured_media":3033,"comment_status":"open","ping_status":"open","sticky":false,"template":"","format":"standard","meta":{"footnotes":""},"categories":[256],"tags":[880,548,480,482,884,778,879,886,885,883,881,887,882,877,878],"class_list":["post-3041","post","type-post","status-publish","format-standard","has-post-thumbnail","hentry","category-noticias","tag-agricultura-resiliente-pt-br","tag-agroecologia-pt-br","tag-argentina-pt-br","tag-brasil-pt-br","tag-costumbres-camperas-pt-br","tag-daki-semiarido-vivo-pt-br","tag-desarrollo-sostenible-pt-br","tag-efas-pt-br","tag-estacion-toba-pt-br","tag-fabian-peralta-pt-br","tag-jovenes-del-semiarido-latinoamericano-pt-br","tag-juliana-ibanez-pt-br","tag-manejo-silvopastoril-pt-br","tag-santa-fe-pt-br","tag-uocb-pt-br"],"yoast_head":"<!-- This site is optimized with the Yoast SEO plugin v26.3 - https:\/\/yoast.com\/wordpress\/plugins\/seo\/ -->\n<title>Jovens dos Semi\u00e1ridos latino-americanos, comprometidos com a mudan\u00e7a e o desenvolvimento sustent\u00e1vel, reuniram-se na Argentina - Semi\u00e1ridos<\/title>\n<meta name=\"robots\" content=\"index, follow, max-snippet:-1, max-image-preview:large, max-video-preview:-1\" \/>\n<link rel=\"canonical\" href=\"https:\/\/www.semiaridos.org\/pt-br\/noticias\/jovens-dos-semiaridos-latino-americanos-comprometidos-com-a-mudanca-e-o-desenvolvimento-sustentavel-reuniram-se-na-argentina\/\" \/>\n<meta property=\"og:locale\" content=\"pt_BR\" \/>\n<meta property=\"og:type\" content=\"article\" \/>\n<meta property=\"og:title\" content=\"Jovens dos Semi\u00e1ridos latino-americanos, comprometidos com a mudan\u00e7a e o desenvolvimento sustent\u00e1vel, reuniram-se na Argentina - Semi\u00e1ridos\" \/>\n<meta property=\"og:description\" content=\"De 5 a 11 de novembro de 2023, foi realizada a segunda edi\u00e7\u00e3o do Interc\u00e2mbio de jovens do semi\u00e1rido da Am\u00e9rica Latina no \u00e2mbito do 3\u00ba Programa de Forma\u00e7\u00e3o em Agricultura Resiliente ao Clima do projeto DAKI \u2013 Semi\u00e1rido Vivo. O encontro aconteceu no norte de Santa F\u00e9, Argentina, oferecendo aos participantes uma semana repleta de experi\u00eancias enriquecedoras.\" \/>\n<meta property=\"og:url\" content=\"https:\/\/www.semiaridos.org\/pt-br\/noticias\/jovens-dos-semiaridos-latino-americanos-comprometidos-com-a-mudanca-e-o-desenvolvimento-sustentavel-reuniram-se-na-argentina\/\" \/>\n<meta property=\"og:site_name\" content=\"Semi\u00e1ridos\" \/>\n<meta property=\"article:published_time\" content=\"2023-11-30T15:50:10+00:00\" \/>\n<meta property=\"article:modified_time\" content=\"2023-11-30T16:07:43+00:00\" \/>\n<meta property=\"og:image\" content=\"https:\/\/www.semiaridos.org\/\/files\/2023\/11\/foto-daki.jpg\" \/>\n\t<meta property=\"og:image:width\" content=\"1025\" \/>\n\t<meta property=\"og:image:height\" content=\"461\" \/>\n\t<meta property=\"og:image:type\" content=\"image\/jpeg\" \/>\n<meta name=\"author\" content=\"Semi\u00e1ridos Plataforma\" \/>\n<meta name=\"twitter:card\" content=\"summary_large_image\" \/>\n<meta name=\"twitter:label1\" content=\"Escrito por\" \/>\n\t<meta name=\"twitter:data1\" content=\"Semi\u00e1ridos Plataforma\" \/>\n\t<meta name=\"twitter:label2\" content=\"Est. tempo de leitura\" \/>\n\t<meta name=\"twitter:data2\" content=\"6 minutos\" \/>\n<script type=\"application\/ld+json\" class=\"yoast-schema-graph\">{\"@context\":\"https:\/\/schema.org\",\"@graph\":[{\"@type\":\"WebPage\",\"@id\":\"https:\/\/www.semiaridos.org\/pt-br\/noticias\/jovens-dos-semiaridos-latino-americanos-comprometidos-com-a-mudanca-e-o-desenvolvimento-sustentavel-reuniram-se-na-argentina\/\",\"url\":\"https:\/\/www.semiaridos.org\/pt-br\/noticias\/jovens-dos-semiaridos-latino-americanos-comprometidos-com-a-mudanca-e-o-desenvolvimento-sustentavel-reuniram-se-na-argentina\/\",\"name\":\"Jovens dos Semi\u00e1ridos latino-americanos, comprometidos com a mudan\u00e7a e o desenvolvimento sustent\u00e1vel, reuniram-se na Argentina - Semi\u00e1ridos\",\"isPartOf\":{\"@id\":\"https:\/\/www.semiaridos.org\/#website\"},\"primaryImageOfPage\":{\"@id\":\"https:\/\/www.semiaridos.org\/pt-br\/noticias\/jovens-dos-semiaridos-latino-americanos-comprometidos-com-a-mudanca-e-o-desenvolvimento-sustentavel-reuniram-se-na-argentina\/#primaryimage\"},\"image\":{\"@id\":\"https:\/\/www.semiaridos.org\/pt-br\/noticias\/jovens-dos-semiaridos-latino-americanos-comprometidos-com-a-mudanca-e-o-desenvolvimento-sustentavel-reuniram-se-na-argentina\/#primaryimage\"},\"thumbnailUrl\":\"https:\/\/www.semiaridos.org\/\/files\/2023\/11\/foto-daki.jpg\",\"datePublished\":\"2023-11-30T15:50:10+00:00\",\"dateModified\":\"2023-11-30T16:07:43+00:00\",\"author\":{\"@id\":\"https:\/\/www.semiaridos.org\/#\/schema\/person\/4c4cf6a3a8d1bd0c98c84259a5db4998\"},\"breadcrumb\":{\"@id\":\"https:\/\/www.semiaridos.org\/pt-br\/noticias\/jovens-dos-semiaridos-latino-americanos-comprometidos-com-a-mudanca-e-o-desenvolvimento-sustentavel-reuniram-se-na-argentina\/#breadcrumb\"},\"inLanguage\":\"pt-BR\",\"potentialAction\":[{\"@type\":\"ReadAction\",\"target\":[\"https:\/\/www.semiaridos.org\/pt-br\/noticias\/jovens-dos-semiaridos-latino-americanos-comprometidos-com-a-mudanca-e-o-desenvolvimento-sustentavel-reuniram-se-na-argentina\/\"]}]},{\"@type\":\"ImageObject\",\"inLanguage\":\"pt-BR\",\"@id\":\"https:\/\/www.semiaridos.org\/pt-br\/noticias\/jovens-dos-semiaridos-latino-americanos-comprometidos-com-a-mudanca-e-o-desenvolvimento-sustentavel-reuniram-se-na-argentina\/#primaryimage\",\"url\":\"https:\/\/www.semiaridos.org\/\/files\/2023\/11\/foto-daki.jpg\",\"contentUrl\":\"https:\/\/www.semiaridos.org\/\/files\/2023\/11\/foto-daki.jpg\",\"width\":1025,\"height\":461,\"caption\":\"foto daki\"},{\"@type\":\"BreadcrumbList\",\"@id\":\"https:\/\/www.semiaridos.org\/pt-br\/noticias\/jovens-dos-semiaridos-latino-americanos-comprometidos-com-a-mudanca-e-o-desenvolvimento-sustentavel-reuniram-se-na-argentina\/#breadcrumb\",\"itemListElement\":[{\"@type\":\"ListItem\",\"position\":1,\"name\":\"Portada\",\"item\":\"https:\/\/www.semiaridos.org\/pt-br\/\"},{\"@type\":\"ListItem\",\"position\":2,\"name\":\"Jovens dos Semi\u00e1ridos latino-americanos, comprometidos com a mudan\u00e7a e o desenvolvimento sustent\u00e1vel, reuniram-se na Argentina\"}]},{\"@type\":\"WebSite\",\"@id\":\"https:\/\/www.semiaridos.org\/#website\",\"url\":\"https:\/\/www.semiaridos.org\/\",\"name\":\"Semi\u00e1ridos\",\"description\":\"Otro sitio realizado con WordPress\",\"potentialAction\":[{\"@type\":\"SearchAction\",\"target\":{\"@type\":\"EntryPoint\",\"urlTemplate\":\"https:\/\/www.semiaridos.org\/?s={search_term_string}\"},\"query-input\":{\"@type\":\"PropertyValueSpecification\",\"valueRequired\":true,\"valueName\":\"search_term_string\"}}],\"inLanguage\":\"pt-BR\"},{\"@type\":\"Person\",\"@id\":\"https:\/\/www.semiaridos.org\/#\/schema\/person\/4c4cf6a3a8d1bd0c98c84259a5db4998\",\"name\":\"Semi\u00e1ridos Plataforma\",\"image\":{\"@type\":\"ImageObject\",\"inLanguage\":\"pt-BR\",\"@id\":\"https:\/\/www.semiaridos.org\/#\/schema\/person\/image\/\",\"url\":\"https:\/\/secure.gravatar.com\/avatar\/5ebd2905bbcce14afe1f3d0b167c53a55585123b9a8ebca5a6aa909278711be1?s=96&d=identicon&r=g\",\"contentUrl\":\"https:\/\/secure.gravatar.com\/avatar\/5ebd2905bbcce14afe1f3d0b167c53a55585123b9a8ebca5a6aa909278711be1?s=96&d=identicon&r=g\",\"caption\":\"Semi\u00e1ridos Plataforma\"},\"description\":\"Semi\u00e1ridos, iniciativa desarrollada en el marco de la International Land Coalition. Busca atender las problem\u00e1ticas de las zonas semi\u00e1ridas de Am\u00e9ricaLatina\",\"sameAs\":[\"http:\/\/www.semiaridos.org\"]}]}<\/script>\n<!-- \/ Yoast SEO plugin. -->","yoast_head_json":{"title":"Jovens dos Semi\u00e1ridos latino-americanos, comprometidos com a mudan\u00e7a e o desenvolvimento sustent\u00e1vel, reuniram-se na Argentina - Semi\u00e1ridos","robots":{"index":"index","follow":"follow","max-snippet":"max-snippet:-1","max-image-preview":"max-image-preview:large","max-video-preview":"max-video-preview:-1"},"canonical":"https:\/\/www.semiaridos.org\/pt-br\/noticias\/jovens-dos-semiaridos-latino-americanos-comprometidos-com-a-mudanca-e-o-desenvolvimento-sustentavel-reuniram-se-na-argentina\/","og_locale":"pt_BR","og_type":"article","og_title":"Jovens dos Semi\u00e1ridos latino-americanos, comprometidos com a mudan\u00e7a e o desenvolvimento sustent\u00e1vel, reuniram-se na Argentina - Semi\u00e1ridos","og_description":"De 5 a 11 de novembro de 2023, foi realizada a segunda edi\u00e7\u00e3o do Interc\u00e2mbio de jovens do semi\u00e1rido da Am\u00e9rica Latina no \u00e2mbito do 3\u00ba Programa de Forma\u00e7\u00e3o em Agricultura Resiliente ao Clima do projeto DAKI \u2013 Semi\u00e1rido Vivo. O encontro aconteceu no norte de Santa F\u00e9, Argentina, oferecendo aos participantes uma semana repleta de experi\u00eancias enriquecedoras.","og_url":"https:\/\/www.semiaridos.org\/pt-br\/noticias\/jovens-dos-semiaridos-latino-americanos-comprometidos-com-a-mudanca-e-o-desenvolvimento-sustentavel-reuniram-se-na-argentina\/","og_site_name":"Semi\u00e1ridos","article_published_time":"2023-11-30T15:50:10+00:00","article_modified_time":"2023-11-30T16:07:43+00:00","og_image":[{"width":1025,"height":461,"url":"https:\/\/www.semiaridos.org\/\/files\/2023\/11\/foto-daki.jpg","type":"image\/jpeg"}],"author":"Semi\u00e1ridos Plataforma","twitter_card":"summary_large_image","twitter_misc":{"Escrito por":"Semi\u00e1ridos Plataforma","Est. tempo de leitura":"6 minutos"},"schema":{"@context":"https:\/\/schema.org","@graph":[{"@type":"WebPage","@id":"https:\/\/www.semiaridos.org\/pt-br\/noticias\/jovens-dos-semiaridos-latino-americanos-comprometidos-com-a-mudanca-e-o-desenvolvimento-sustentavel-reuniram-se-na-argentina\/","url":"https:\/\/www.semiaridos.org\/pt-br\/noticias\/jovens-dos-semiaridos-latino-americanos-comprometidos-com-a-mudanca-e-o-desenvolvimento-sustentavel-reuniram-se-na-argentina\/","name":"Jovens dos Semi\u00e1ridos latino-americanos, comprometidos com a mudan\u00e7a e o desenvolvimento sustent\u00e1vel, reuniram-se na Argentina - Semi\u00e1ridos","isPartOf":{"@id":"https:\/\/www.semiaridos.org\/#website"},"primaryImageOfPage":{"@id":"https:\/\/www.semiaridos.org\/pt-br\/noticias\/jovens-dos-semiaridos-latino-americanos-comprometidos-com-a-mudanca-e-o-desenvolvimento-sustentavel-reuniram-se-na-argentina\/#primaryimage"},"image":{"@id":"https:\/\/www.semiaridos.org\/pt-br\/noticias\/jovens-dos-semiaridos-latino-americanos-comprometidos-com-a-mudanca-e-o-desenvolvimento-sustentavel-reuniram-se-na-argentina\/#primaryimage"},"thumbnailUrl":"https:\/\/www.semiaridos.org\/\/files\/2023\/11\/foto-daki.jpg","datePublished":"2023-11-30T15:50:10+00:00","dateModified":"2023-11-30T16:07:43+00:00","author":{"@id":"https:\/\/www.semiaridos.org\/#\/schema\/person\/4c4cf6a3a8d1bd0c98c84259a5db4998"},"breadcrumb":{"@id":"https:\/\/www.semiaridos.org\/pt-br\/noticias\/jovens-dos-semiaridos-latino-americanos-comprometidos-com-a-mudanca-e-o-desenvolvimento-sustentavel-reuniram-se-na-argentina\/#breadcrumb"},"inLanguage":"pt-BR","potentialAction":[{"@type":"ReadAction","target":["https:\/\/www.semiaridos.org\/pt-br\/noticias\/jovens-dos-semiaridos-latino-americanos-comprometidos-com-a-mudanca-e-o-desenvolvimento-sustentavel-reuniram-se-na-argentina\/"]}]},{"@type":"ImageObject","inLanguage":"pt-BR","@id":"https:\/\/www.semiaridos.org\/pt-br\/noticias\/jovens-dos-semiaridos-latino-americanos-comprometidos-com-a-mudanca-e-o-desenvolvimento-sustentavel-reuniram-se-na-argentina\/#primaryimage","url":"https:\/\/www.semiaridos.org\/\/files\/2023\/11\/foto-daki.jpg","contentUrl":"https:\/\/www.semiaridos.org\/\/files\/2023\/11\/foto-daki.jpg","width":1025,"height":461,"caption":"foto daki"},{"@type":"BreadcrumbList","@id":"https:\/\/www.semiaridos.org\/pt-br\/noticias\/jovens-dos-semiaridos-latino-americanos-comprometidos-com-a-mudanca-e-o-desenvolvimento-sustentavel-reuniram-se-na-argentina\/#breadcrumb","itemListElement":[{"@type":"ListItem","position":1,"name":"Portada","item":"https:\/\/www.semiaridos.org\/pt-br\/"},{"@type":"ListItem","position":2,"name":"Jovens dos Semi\u00e1ridos latino-americanos, comprometidos com a mudan\u00e7a e o desenvolvimento sustent\u00e1vel, reuniram-se na Argentina"}]},{"@type":"WebSite","@id":"https:\/\/www.semiaridos.org\/#website","url":"https:\/\/www.semiaridos.org\/","name":"Semi\u00e1ridos","description":"Otro sitio realizado con WordPress","potentialAction":[{"@type":"SearchAction","target":{"@type":"EntryPoint","urlTemplate":"https:\/\/www.semiaridos.org\/?s={search_term_string}"},"query-input":{"@type":"PropertyValueSpecification","valueRequired":true,"valueName":"search_term_string"}}],"inLanguage":"pt-BR"},{"@type":"Person","@id":"https:\/\/www.semiaridos.org\/#\/schema\/person\/4c4cf6a3a8d1bd0c98c84259a5db4998","name":"Semi\u00e1ridos Plataforma","image":{"@type":"ImageObject","inLanguage":"pt-BR","@id":"https:\/\/www.semiaridos.org\/#\/schema\/person\/image\/","url":"https:\/\/secure.gravatar.com\/avatar\/5ebd2905bbcce14afe1f3d0b167c53a55585123b9a8ebca5a6aa909278711be1?s=96&d=identicon&r=g","contentUrl":"https:\/\/secure.gravatar.com\/avatar\/5ebd2905bbcce14afe1f3d0b167c53a55585123b9a8ebca5a6aa909278711be1?s=96&d=identicon&r=g","caption":"Semi\u00e1ridos Plataforma"},"description":"Semi\u00e1ridos, iniciativa desarrollada en el marco de la International Land Coalition. Busca atender las problem\u00e1ticas de las zonas semi\u00e1ridas de Am\u00e9ricaLatina","sameAs":["http:\/\/www.semiaridos.org"]}]}},"_links":{"self":[{"href":"https:\/\/www.semiaridos.org\/pt-br\/wp-json\/wp\/v2\/posts\/3041","targetHints":{"allow":["GET"]}}],"collection":[{"href":"https:\/\/www.semiaridos.org\/pt-br\/wp-json\/wp\/v2\/posts"}],"about":[{"href":"https:\/\/www.semiaridos.org\/pt-br\/wp-json\/wp\/v2\/types\/post"}],"author":[{"embeddable":true,"href":"https:\/\/www.semiaridos.org\/pt-br\/wp-json\/wp\/v2\/users\/4"}],"replies":[{"embeddable":true,"href":"https:\/\/www.semiaridos.org\/pt-br\/wp-json\/wp\/v2\/comments?post=3041"}],"version-history":[{"count":4,"href":"https:\/\/www.semiaridos.org\/pt-br\/wp-json\/wp\/v2\/posts\/3041\/revisions"}],"predecessor-version":[{"id":3048,"href":"https:\/\/www.semiaridos.org\/pt-br\/wp-json\/wp\/v2\/posts\/3041\/revisions\/3048"}],"wp:featuredmedia":[{"embeddable":true,"href":"https:\/\/www.semiaridos.org\/pt-br\/wp-json\/wp\/v2\/media\/3033"}],"wp:attachment":[{"href":"https:\/\/www.semiaridos.org\/pt-br\/wp-json\/wp\/v2\/media?parent=3041"}],"wp:term":[{"taxonomy":"category","embeddable":true,"href":"https:\/\/www.semiaridos.org\/pt-br\/wp-json\/wp\/v2\/categories?post=3041"},{"taxonomy":"post_tag","embeddable":true,"href":"https:\/\/www.semiaridos.org\/pt-br\/wp-json\/wp\/v2\/tags?post=3041"}],"curies":[{"name":"wp","href":"https:\/\/api.w.org\/{rel}","templated":true}]}}