{"id":3339,"date":"2025-02-06T08:00:57","date_gmt":"2025-02-06T11:00:57","guid":{"rendered":"https:\/\/www.semiaridos.org\/?p=3339"},"modified":"2025-02-06T08:03:36","modified_gmt":"2025-02-06T11:03:36","slug":"construyendo-resiliencia-desde-los-semiaridos-logros-y-desafios-en-la-cop16-unccd","status":"publish","type":"post","link":"https:\/\/www.semiaridos.org\/pt-br\/noticias\/construyendo-resiliencia-desde-los-semiaridos-logros-y-desafios-en-la-cop16-unccd\/","title":{"rendered":"Construyendo resiliencia desde los semi\u00e1ridos: Logros y desaf\u00edos en la COP16 &#8211; UNCCD"},"content":{"rendered":"<div class=\"block-text\">\n<div class=\"block block--large richtext-block\">\n<p data-block-key=\"fdiet\"><em><strong>Por Internacional Land Coalition &#8211; <a href=\"https:\/\/lac.landcoalition.org\/es\/noticias\/construyendo-resiliencia-desde-los-semiaridos\/?ct=t(EMAIL_CAMPAIGN_10_7_2022_10_39_COPY_01)\">LAC<\/a><\/strong><\/em><\/p>\n<p data-block-key=\"fdiet\">La 16\u00b0 Conferencia de las Partes de la Convenci\u00f3n de las Naciones Unidas para la Lucha contra la Desertificaci\u00f3n (COP16 UNCCD) fue un momento desafiante y muy productivo para el establecimiento de compromisos multilaterales para la gesti\u00f3n de la tierra y la lucha contra la desertificaci\u00f3n en todo el mundo.<\/p>\n<p data-block-key=\"fdcdo\">Realizada en Riad, Arabia Saudita, cont\u00f3 con m\u00e1s de 20 mil participantes, m\u00e1s de 3.500 de la sociedad civil y representaci\u00f3n de aproximadamente 200 pa\u00edses. M\u00e1s de 600 eventos formaron parte de la agenda oficial, en un esfuerzo por incluir a actores no estatales en las definiciones y debates de la Convenci\u00f3n.<\/p>\n<p data-block-key=\"8vor8\">La Plataforma Semi\u00e1ridos de Am\u00e9rica Latina y el Centro de Desarrollo Agroecol\u00f3gico Sabi\u00e1 (este \u00faltimo organizaci\u00f3n observadora de la sociedad civil acreditada ante la UNCCD) estuvieron presentes, buscando resaltar el debate en torno a las tierras \u00e1ridas y semi\u00e1ridas de Am\u00e9rica Latina y visibilizar los esfuerzos de convivencia y restauraci\u00f3n ambiental que las poblaciones ind\u00edgenas, comunidades quilombolas, campesinas, pescadoras y de agricultura familiar vienen desarrollando desde hace generaciones en estos territorios.<\/p>\n<p data-block-key=\"8vor8\"><img loading=\"lazy\" decoding=\"async\" src=\"https:\/\/d3o3cb4w253x5q.cloudfront.net\/media\/images\/IMG-20241204-WA0048.width-1000.jpg\" alt=\"\" width=\"1000\" height=\"674\" \/><\/p>\n<\/div>\n<\/div>\n<div class=\"block-two_column\">\n<div class=\"two-column-block bg_light\">\n<div class=\"block block--large two-column-block__wrapper\">\n<div class=\"left\">\n<div class=\"block-image\">\n<div class=\"image-block  \">\n<p>&nbsp;<\/p>\n<\/div>\n<\/div>\n<\/div>\n<\/div>\n<\/div>\n<\/div>\n<div class=\"block-highlight_header_block\">\n<h3 class=\"block block--large highlight-header highlight-header--green\"><span class=\"highlight-header__underline\">Nuevos compromisos y un desaf<\/span><span class=\"highlight-header__underline\">\u00edo constante<\/span><\/h3>\n<p><img loading=\"lazy\" decoding=\"async\" class=\"aligncenter\" src=\"https:\/\/d3o3cb4w253x5q.cloudfront.net\/media\/images\/IMG-20241207-WA0095_2.width-1000.jpg\" alt=\"\" width=\"338\" height=\"525\" \/><\/div>\n<div class=\"block-text\">\n<div class=\"block block--large richtext-block\">\n<p data-block-key=\"8mjhi\">La COP16 &#8211; UNCCD concluy\u00f3 con la aprobaci\u00f3n, por parte de los Estados parte, de 39 decisiones para avanzar en la restauraci\u00f3n de tierras y promover la resiliencia a las sequ\u00edas.<\/p>\n<p data-block-key=\"9bben\">Entre ellas, se destaca la creaci\u00f3n de un\u00a0<b>Caucus de Pueblos Ind\u00edgenas<\/b>\u00a0y de un\u00a0<b>Caucus de Comunidades Locales<\/b>, proceso que cont\u00f3 con la participaci\u00f3n protagonista de la delegaci\u00f3n brasile\u00f1a, lo que convierte a la UNCCD en el primero de los Convenios de R\u00edo en establecer caucus separados para estos sectores. Esta decisi\u00f3n es importante para fortalecer la participaci\u00f3n plena y efectiva de los Pueblos Ind\u00edgenas y las Comunidades Locales que habitan las regiones semi\u00e1ridas de Am\u00e9rica Latina en la lucha contra la desertificaci\u00f3n y la degradaci\u00f3n de la tierra a trav\u00e9s de los instrumentos de la UNCCD.<\/p>\n<p data-block-key=\"7bm4u\">Por otro lado, se comprometi\u00f3 un monto de 12.000 millones de d\u00f3lares para combatir la degradaci\u00f3n y mitigar los efectos de la sequ\u00eda, y para ayudar a los pa\u00edses m\u00e1s vulnerables a prepararse para el empeoramiento de las condiciones de sequ\u00eda.<\/p>\n<p data-block-key=\"6gl1j\">M\u00e1s all\u00e1 de los acuerdos alcanzados,\u00a0<b>resulta crucial subrayar el desaf\u00edo persistente de visibilizar y posicionar los biomas secos de Am\u00e9rica Latina y su rica sociobiodiversidad en el centro de este debate<\/b>. Es notorio que las decisiones e inversiones est\u00e1n mayormente orientadas hacia el continente africano, relegando las necesidades y oportunidades espec\u00edficas de los semi\u00e1ridos latinoamericanos. En este sentido, la participaci\u00f3n activa de la Plataforma Semi\u00e1ridos en la Convenci\u00f3n de las Partes adquiere una relevancia estrat\u00e9gica, no solo para abogar por estas regiones, sino tambi\u00e9n para fomentar el intercambio de conocimientos, movilizar recursos y fortalecer alianzas que impulsen su conservaci\u00f3n y desarrollo sostenible.<\/p>\n<p data-block-key=\"6gl1j\">\n<\/div>\n<\/div>\n<div class=\"block-highlight_header_block\">\n<h3 class=\"block block--large highlight-header highlight-header--green\"><span class=\"highlight-header__underline\">Semi\u00e1ridos resilientes<\/span><\/h3>\n<p>&nbsp;<\/p>\n<\/div>\n<div class=\"block-image\">\n<div class=\"image-block  \">\n<figure><img loading=\"lazy\" decoding=\"async\" src=\"https:\/\/d3o3cb4w253x5q.cloudfront.net\/media\/images\/semiaridos_resilientes_-_placa_1.width-1000.png\" alt=\"\" width=\"1000\" height=\"468\" \/><\/figure>\n<\/div>\n<\/div>\n<div class=\"block-text\">\n<div class=\"block block--large richtext-block\">\n<p data-block-key=\"6tdti\">En las regiones semi\u00e1ridas de Am\u00e9rica Latina, donde viven unos 55 millones de personas, los desaf\u00edos relacionados con el agua y la desertificaci\u00f3n tienen profundos impactos en la seguridad alimentaria, la seguridad h\u00eddrica y las condiciones de vida. Caracterizadas por una rica biodiversidad y reservas nativas, estas regiones son habitadas por comunidades tradicionales, pueblos ind\u00edgenas y agricultores familiares que acumulan conocimientos y pr\u00e1cticas de adaptaci\u00f3n para convivir con la sequ\u00eda.<\/p>\n<p data-block-key=\"3cc9j\">En el marco de la COP16 &#8211; UNCCD, y de cara a la COP30 de Cambio Clim\u00e1tico, la Plataforma Semi\u00e1ridos AL lanz\u00f3 la campa\u00f1a &#8220;Semi\u00e1ridos Resilientes&#8221; para\u00a0<b>sensibilizar a la sociedad sobre los impactos de la desertificaci\u00f3n y el cambio clim\u00e1tico que amenazan estos territorios<\/b>, que a menudo son relegados en las discusiones globales que priorizan los bosques tropicales pese a ser igualmente esenciales.<\/p>\n<p data-block-key=\"2o8iq\">La campa\u00f1a &#8211; que seguir\u00e1 en marcha en 2025 &#8211; destaca la importancia de asegurar la permanencia de las comunidades en sus tierras, promover el equilibrio con la naturaleza y preservar los conocimientos tradicionales que son fundamentales para la resiliencia local.<\/p>\n<\/div>\n<\/div>\n","protected":false},"excerpt":{"rendered":"<p>Por Internacional Land Coalition &#8211; LAC La 16\u00b0 Conferencia de las Partes de la Convenci\u00f3n de las Naciones Unidas para la Lucha contra la Desertificaci\u00f3n (COP16 UNCCD) fue un momento desafiante y muy productivo para el establecimiento de compromisos multilaterales para la gesti\u00f3n de la&#8230;<\/p>\n","protected":false},"author":4,"featured_media":3323,"comment_status":"open","ping_status":"open","sticky":false,"template":"","format":"standard","meta":{"footnotes":""},"categories":[256],"tags":[],"class_list":["post-3339","post","type-post","status-publish","format-standard","has-post-thumbnail","hentry","category-noticias"],"yoast_head":"<!-- This site is optimized with the Yoast SEO plugin v26.3 - https:\/\/yoast.com\/wordpress\/plugins\/seo\/ -->\n<title>Construyendo resiliencia desde los semi\u00e1ridos: Logros y desaf\u00edos en la COP16 - UNCCD - Semi\u00e1ridos<\/title>\n<meta name=\"robots\" content=\"index, follow, max-snippet:-1, max-image-preview:large, max-video-preview:-1\" \/>\n<link rel=\"canonical\" href=\"https:\/\/www.semiaridos.org\/pt-br\/noticias\/construyendo-resiliencia-desde-los-semiaridos-logros-y-desafios-en-la-cop16-unccd\/\" \/>\n<meta property=\"og:locale\" content=\"pt_BR\" \/>\n<meta property=\"og:type\" content=\"article\" \/>\n<meta property=\"og:title\" content=\"Construyendo resiliencia desde los semi\u00e1ridos: Logros y desaf\u00edos en la COP16 - UNCCD - Semi\u00e1ridos\" \/>\n<meta property=\"og:description\" content=\"Por Internacional Land Coalition &#8211; LAC La 16\u00b0 Conferencia de las Partes de la Convenci\u00f3n de las Naciones Unidas para la Lucha contra la Desertificaci\u00f3n (COP16 UNCCD) fue un momento desafiante y muy productivo para el establecimiento de compromisos multilaterales para la gesti\u00f3n de la...\" \/>\n<meta property=\"og:url\" content=\"https:\/\/www.semiaridos.org\/pt-br\/noticias\/construyendo-resiliencia-desde-los-semiaridos-logros-y-desafios-en-la-cop16-unccd\/\" \/>\n<meta property=\"og:site_name\" content=\"Semi\u00e1ridos\" \/>\n<meta property=\"article:published_time\" content=\"2025-02-06T11:00:57+00:00\" \/>\n<meta property=\"article:modified_time\" content=\"2025-02-06T11:03:36+00:00\" \/>\n<meta property=\"og:image\" content=\"https:\/\/www.semiaridos.org\/\/files\/2025\/01\/semiaridos_-_COP16_UNCCD.2e16d0ba.fill-1200x500-c100.jpg\" \/>\n\t<meta property=\"og:image:width\" content=\"1200\" \/>\n\t<meta property=\"og:image:height\" content=\"500\" \/>\n\t<meta property=\"og:image:type\" content=\"image\/jpeg\" \/>\n<meta name=\"author\" content=\"Semi\u00e1ridos Plataforma\" \/>\n<meta name=\"twitter:card\" content=\"summary_large_image\" \/>\n<meta name=\"twitter:label1\" content=\"Escrito por\" \/>\n\t<meta name=\"twitter:data1\" content=\"Semi\u00e1ridos Plataforma\" \/>\n\t<meta name=\"twitter:label2\" content=\"Est. tempo de leitura\" \/>\n\t<meta name=\"twitter:data2\" content=\"4 minutos\" \/>\n<script type=\"application\/ld+json\" class=\"yoast-schema-graph\">{\"@context\":\"https:\/\/schema.org\",\"@graph\":[{\"@type\":\"WebPage\",\"@id\":\"https:\/\/www.semiaridos.org\/pt-br\/noticias\/construyendo-resiliencia-desde-los-semiaridos-logros-y-desafios-en-la-cop16-unccd\/\",\"url\":\"https:\/\/www.semiaridos.org\/pt-br\/noticias\/construyendo-resiliencia-desde-los-semiaridos-logros-y-desafios-en-la-cop16-unccd\/\",\"name\":\"Construyendo resiliencia desde los semi\u00e1ridos: Logros y desaf\u00edos en la COP16 - UNCCD - Semi\u00e1ridos\",\"isPartOf\":{\"@id\":\"https:\/\/www.semiaridos.org\/#website\"},\"primaryImageOfPage\":{\"@id\":\"https:\/\/www.semiaridos.org\/pt-br\/noticias\/construyendo-resiliencia-desde-los-semiaridos-logros-y-desafios-en-la-cop16-unccd\/#primaryimage\"},\"image\":{\"@id\":\"https:\/\/www.semiaridos.org\/pt-br\/noticias\/construyendo-resiliencia-desde-los-semiaridos-logros-y-desafios-en-la-cop16-unccd\/#primaryimage\"},\"thumbnailUrl\":\"https:\/\/www.semiaridos.org\/\/files\/2025\/01\/semiaridos_-_COP16_UNCCD.2e16d0ba.fill-1200x500-c100.jpg\",\"datePublished\":\"2025-02-06T11:00:57+00:00\",\"dateModified\":\"2025-02-06T11:03:36+00:00\",\"author\":{\"@id\":\"https:\/\/www.semiaridos.org\/#\/schema\/person\/4c4cf6a3a8d1bd0c98c84259a5db4998\"},\"breadcrumb\":{\"@id\":\"https:\/\/www.semiaridos.org\/pt-br\/noticias\/construyendo-resiliencia-desde-los-semiaridos-logros-y-desafios-en-la-cop16-unccd\/#breadcrumb\"},\"inLanguage\":\"pt-BR\",\"potentialAction\":[{\"@type\":\"ReadAction\",\"target\":[\"https:\/\/www.semiaridos.org\/pt-br\/noticias\/construyendo-resiliencia-desde-los-semiaridos-logros-y-desafios-en-la-cop16-unccd\/\"]}]},{\"@type\":\"ImageObject\",\"inLanguage\":\"pt-BR\",\"@id\":\"https:\/\/www.semiaridos.org\/pt-br\/noticias\/construyendo-resiliencia-desde-los-semiaridos-logros-y-desafios-en-la-cop16-unccd\/#primaryimage\",\"url\":\"https:\/\/www.semiaridos.org\/\/files\/2025\/01\/semiaridos_-_COP16_UNCCD.2e16d0ba.fill-1200x500-c100.jpg\",\"contentUrl\":\"https:\/\/www.semiaridos.org\/\/files\/2025\/01\/semiaridos_-_COP16_UNCCD.2e16d0ba.fill-1200x500-c100.jpg\",\"width\":1200,\"height\":500},{\"@type\":\"BreadcrumbList\",\"@id\":\"https:\/\/www.semiaridos.org\/pt-br\/noticias\/construyendo-resiliencia-desde-los-semiaridos-logros-y-desafios-en-la-cop16-unccd\/#breadcrumb\",\"itemListElement\":[{\"@type\":\"ListItem\",\"position\":1,\"name\":\"Portada\",\"item\":\"https:\/\/www.semiaridos.org\/pt-br\/\"},{\"@type\":\"ListItem\",\"position\":2,\"name\":\"Construyendo resiliencia desde los semi\u00e1ridos: Logros y desaf\u00edos en la COP16 &#8211; UNCCD\"}]},{\"@type\":\"WebSite\",\"@id\":\"https:\/\/www.semiaridos.org\/#website\",\"url\":\"https:\/\/www.semiaridos.org\/\",\"name\":\"Semi\u00e1ridos\",\"description\":\"Otro sitio realizado con WordPress\",\"potentialAction\":[{\"@type\":\"SearchAction\",\"target\":{\"@type\":\"EntryPoint\",\"urlTemplate\":\"https:\/\/www.semiaridos.org\/?s={search_term_string}\"},\"query-input\":{\"@type\":\"PropertyValueSpecification\",\"valueRequired\":true,\"valueName\":\"search_term_string\"}}],\"inLanguage\":\"pt-BR\"},{\"@type\":\"Person\",\"@id\":\"https:\/\/www.semiaridos.org\/#\/schema\/person\/4c4cf6a3a8d1bd0c98c84259a5db4998\",\"name\":\"Semi\u00e1ridos Plataforma\",\"image\":{\"@type\":\"ImageObject\",\"inLanguage\":\"pt-BR\",\"@id\":\"https:\/\/www.semiaridos.org\/#\/schema\/person\/image\/\",\"url\":\"https:\/\/secure.gravatar.com\/avatar\/5ebd2905bbcce14afe1f3d0b167c53a55585123b9a8ebca5a6aa909278711be1?s=96&d=identicon&r=g\",\"contentUrl\":\"https:\/\/secure.gravatar.com\/avatar\/5ebd2905bbcce14afe1f3d0b167c53a55585123b9a8ebca5a6aa909278711be1?s=96&d=identicon&r=g\",\"caption\":\"Semi\u00e1ridos Plataforma\"},\"description\":\"Semi\u00e1ridos, iniciativa desarrollada en el marco de la International Land Coalition. Busca atender las problem\u00e1ticas de las zonas semi\u00e1ridas de Am\u00e9ricaLatina\",\"sameAs\":[\"http:\/\/www.semiaridos.org\"]}]}<\/script>\n<!-- \/ Yoast SEO plugin. -->","yoast_head_json":{"title":"Construyendo resiliencia desde los semi\u00e1ridos: Logros y desaf\u00edos en la COP16 - UNCCD - Semi\u00e1ridos","robots":{"index":"index","follow":"follow","max-snippet":"max-snippet:-1","max-image-preview":"max-image-preview:large","max-video-preview":"max-video-preview:-1"},"canonical":"https:\/\/www.semiaridos.org\/pt-br\/noticias\/construyendo-resiliencia-desde-los-semiaridos-logros-y-desafios-en-la-cop16-unccd\/","og_locale":"pt_BR","og_type":"article","og_title":"Construyendo resiliencia desde los semi\u00e1ridos: Logros y desaf\u00edos en la COP16 - UNCCD - Semi\u00e1ridos","og_description":"Por Internacional Land Coalition &#8211; LAC La 16\u00b0 Conferencia de las Partes de la Convenci\u00f3n de las Naciones Unidas para la Lucha contra la Desertificaci\u00f3n (COP16 UNCCD) fue un momento desafiante y muy productivo para el establecimiento de compromisos multilaterales para la gesti\u00f3n de la...","og_url":"https:\/\/www.semiaridos.org\/pt-br\/noticias\/construyendo-resiliencia-desde-los-semiaridos-logros-y-desafios-en-la-cop16-unccd\/","og_site_name":"Semi\u00e1ridos","article_published_time":"2025-02-06T11:00:57+00:00","article_modified_time":"2025-02-06T11:03:36+00:00","og_image":[{"width":1200,"height":500,"url":"https:\/\/www.semiaridos.org\/\/files\/2025\/01\/semiaridos_-_COP16_UNCCD.2e16d0ba.fill-1200x500-c100.jpg","type":"image\/jpeg"}],"author":"Semi\u00e1ridos Plataforma","twitter_card":"summary_large_image","twitter_misc":{"Escrito por":"Semi\u00e1ridos Plataforma","Est. tempo de leitura":"4 minutos"},"schema":{"@context":"https:\/\/schema.org","@graph":[{"@type":"WebPage","@id":"https:\/\/www.semiaridos.org\/pt-br\/noticias\/construyendo-resiliencia-desde-los-semiaridos-logros-y-desafios-en-la-cop16-unccd\/","url":"https:\/\/www.semiaridos.org\/pt-br\/noticias\/construyendo-resiliencia-desde-los-semiaridos-logros-y-desafios-en-la-cop16-unccd\/","name":"Construyendo resiliencia desde los semi\u00e1ridos: Logros y desaf\u00edos en la COP16 - UNCCD - Semi\u00e1ridos","isPartOf":{"@id":"https:\/\/www.semiaridos.org\/#website"},"primaryImageOfPage":{"@id":"https:\/\/www.semiaridos.org\/pt-br\/noticias\/construyendo-resiliencia-desde-los-semiaridos-logros-y-desafios-en-la-cop16-unccd\/#primaryimage"},"image":{"@id":"https:\/\/www.semiaridos.org\/pt-br\/noticias\/construyendo-resiliencia-desde-los-semiaridos-logros-y-desafios-en-la-cop16-unccd\/#primaryimage"},"thumbnailUrl":"https:\/\/www.semiaridos.org\/\/files\/2025\/01\/semiaridos_-_COP16_UNCCD.2e16d0ba.fill-1200x500-c100.jpg","datePublished":"2025-02-06T11:00:57+00:00","dateModified":"2025-02-06T11:03:36+00:00","author":{"@id":"https:\/\/www.semiaridos.org\/#\/schema\/person\/4c4cf6a3a8d1bd0c98c84259a5db4998"},"breadcrumb":{"@id":"https:\/\/www.semiaridos.org\/pt-br\/noticias\/construyendo-resiliencia-desde-los-semiaridos-logros-y-desafios-en-la-cop16-unccd\/#breadcrumb"},"inLanguage":"pt-BR","potentialAction":[{"@type":"ReadAction","target":["https:\/\/www.semiaridos.org\/pt-br\/noticias\/construyendo-resiliencia-desde-los-semiaridos-logros-y-desafios-en-la-cop16-unccd\/"]}]},{"@type":"ImageObject","inLanguage":"pt-BR","@id":"https:\/\/www.semiaridos.org\/pt-br\/noticias\/construyendo-resiliencia-desde-los-semiaridos-logros-y-desafios-en-la-cop16-unccd\/#primaryimage","url":"https:\/\/www.semiaridos.org\/\/files\/2025\/01\/semiaridos_-_COP16_UNCCD.2e16d0ba.fill-1200x500-c100.jpg","contentUrl":"https:\/\/www.semiaridos.org\/\/files\/2025\/01\/semiaridos_-_COP16_UNCCD.2e16d0ba.fill-1200x500-c100.jpg","width":1200,"height":500},{"@type":"BreadcrumbList","@id":"https:\/\/www.semiaridos.org\/pt-br\/noticias\/construyendo-resiliencia-desde-los-semiaridos-logros-y-desafios-en-la-cop16-unccd\/#breadcrumb","itemListElement":[{"@type":"ListItem","position":1,"name":"Portada","item":"https:\/\/www.semiaridos.org\/pt-br\/"},{"@type":"ListItem","position":2,"name":"Construyendo resiliencia desde los semi\u00e1ridos: Logros y desaf\u00edos en la COP16 &#8211; UNCCD"}]},{"@type":"WebSite","@id":"https:\/\/www.semiaridos.org\/#website","url":"https:\/\/www.semiaridos.org\/","name":"Semi\u00e1ridos","description":"Otro sitio realizado con WordPress","potentialAction":[{"@type":"SearchAction","target":{"@type":"EntryPoint","urlTemplate":"https:\/\/www.semiaridos.org\/?s={search_term_string}"},"query-input":{"@type":"PropertyValueSpecification","valueRequired":true,"valueName":"search_term_string"}}],"inLanguage":"pt-BR"},{"@type":"Person","@id":"https:\/\/www.semiaridos.org\/#\/schema\/person\/4c4cf6a3a8d1bd0c98c84259a5db4998","name":"Semi\u00e1ridos Plataforma","image":{"@type":"ImageObject","inLanguage":"pt-BR","@id":"https:\/\/www.semiaridos.org\/#\/schema\/person\/image\/","url":"https:\/\/secure.gravatar.com\/avatar\/5ebd2905bbcce14afe1f3d0b167c53a55585123b9a8ebca5a6aa909278711be1?s=96&d=identicon&r=g","contentUrl":"https:\/\/secure.gravatar.com\/avatar\/5ebd2905bbcce14afe1f3d0b167c53a55585123b9a8ebca5a6aa909278711be1?s=96&d=identicon&r=g","caption":"Semi\u00e1ridos Plataforma"},"description":"Semi\u00e1ridos, iniciativa desarrollada en el marco de la International Land Coalition. Busca atender las problem\u00e1ticas de las zonas semi\u00e1ridas de Am\u00e9ricaLatina","sameAs":["http:\/\/www.semiaridos.org"]}]}},"_links":{"self":[{"href":"https:\/\/www.semiaridos.org\/pt-br\/wp-json\/wp\/v2\/posts\/3339","targetHints":{"allow":["GET"]}}],"collection":[{"href":"https:\/\/www.semiaridos.org\/pt-br\/wp-json\/wp\/v2\/posts"}],"about":[{"href":"https:\/\/www.semiaridos.org\/pt-br\/wp-json\/wp\/v2\/types\/post"}],"author":[{"embeddable":true,"href":"https:\/\/www.semiaridos.org\/pt-br\/wp-json\/wp\/v2\/users\/4"}],"replies":[{"embeddable":true,"href":"https:\/\/www.semiaridos.org\/pt-br\/wp-json\/wp\/v2\/comments?post=3339"}],"version-history":[{"count":1,"href":"https:\/\/www.semiaridos.org\/pt-br\/wp-json\/wp\/v2\/posts\/3339\/revisions"}],"predecessor-version":[{"id":3341,"href":"https:\/\/www.semiaridos.org\/pt-br\/wp-json\/wp\/v2\/posts\/3339\/revisions\/3341"}],"wp:featuredmedia":[{"embeddable":true,"href":"https:\/\/www.semiaridos.org\/pt-br\/wp-json\/wp\/v2\/media\/3323"}],"wp:attachment":[{"href":"https:\/\/www.semiaridos.org\/pt-br\/wp-json\/wp\/v2\/media?parent=3339"}],"wp:term":[{"taxonomy":"category","embeddable":true,"href":"https:\/\/www.semiaridos.org\/pt-br\/wp-json\/wp\/v2\/categories?post=3339"},{"taxonomy":"post_tag","embeddable":true,"href":"https:\/\/www.semiaridos.org\/pt-br\/wp-json\/wp\/v2\/tags?post=3339"}],"curies":[{"name":"wp","href":"https:\/\/api.w.org\/{rel}","templated":true}]}}