{"id":819,"date":"2016-09-23T13:10:16","date_gmt":"2016-09-23T16:10:16","guid":{"rendered":"http:\/\/www.semiaridos.org\/?p=819"},"modified":"2016-09-23T13:10:16","modified_gmt":"2016-09-23T16:10:16","slug":"primeros-pasos-la-mesa-gestion-agua-chaco-salteno","status":"publish","type":"post","link":"https:\/\/www.semiaridos.org\/pt-br\/noticias\/primeros-pasos-la-mesa-gestion-agua-chaco-salteno\/","title":{"rendered":"Primeros pasos de la Mesa de gesti\u00f3n de Agua para el Chaco Salte\u00f1o"},"content":{"rendered":"<p>En el marco del convenio de cooperaci\u00f3n firmado en julio \u00faltimo en Salta, entre el Ministerio de Asuntos Ind\u00edgenas y Desarrollo Comunitario de Salta, la Plataforma Semi\u00e1ridos, la International Land Coalition (ILC-ALC), el Programa Integrado Trinacional (PIT) y el Church World Service (CW), la Mesa de acceso y gesti\u00f3n de agua para el Chaco Salte\u00f1o tuvo su primera reuni\u00f3n de trabajo.<\/p>\n<p>Durante la misma se avanz\u00f3 en el dise\u00f1o de un sistema de an\u00e1lisis t\u00e9cnico y social que permita relevar la situaci\u00f3n de las familias y comunidades referida al acceso al agua, a fin de tener una base de datos para elaborar un mapa donde est\u00e9n identificadas las obras ya realizadas y las proyectadas; el nivel de requerimiento de agua para consumo humano y productivo; la inversi\u00f3n necesaria, la obra p\u00fablica requerida y la capacitaci\u00f3n a realizarse.<\/p>\n<p>En esta ocasi\u00f3n el Ministerio de Asuntos Ind\u00edgenas, que coordina la Mesa, convoc\u00f3 a los representantes de organismos oficiales de la provincia y nacionales a fin de consolidar este espacio entre las instituciones p\u00fablicas. En las pr\u00f3ximas reuniones convocar\u00e1 a miembros de la sociedad civil.<\/p>\n<p>Participaron de la reuni\u00f3n, Gabriel Seghezzo ,por FUNDAPAZ, junto con representantes del ministerio de Asuntos Ind\u00edgenas de Salta, de la Secretar\u00eda de Agricultura Familiar, del Instituto Nacional de Tecnolog\u00eda Agropecuaria, del Instituto Nacional de Tecnolog\u00eda Industrial, del Programa Prosofa, del Programa Bosques y su Comunidad; de la Subsecretar\u00eda de Desarrollo Rural, y de la Secretar\u00eda de Recursos H\u00eddricos.<\/p>\n","protected":false},"excerpt":{"rendered":"<p>En el marco del convenio de cooperaci\u00f3n firmado en julio \u00faltimo en Salta, entre el Ministerio de Asuntos Ind\u00edgenas y Desarrollo Comunitario de Salta, la Plataforma Semi\u00e1ridos, la International Land Coalition (ILC-ALC)<\/p>\n","protected":false},"author":4,"featured_media":820,"comment_status":"open","ping_status":"open","sticky":false,"template":"","format":"standard","meta":{"footnotes":""},"categories":[256],"tags":[26,81,184,481,785,186,187,79],"class_list":["post-819","post","type-post","status-publish","format-standard","has-post-thumbnail","hentry","category-noticias","tag-agua","tag-chaco-salteno","tag-cw","tag-fundapaz-pt-br","tag-gabriel-seghezzo-pt-br","tag-ilc-alc","tag-mesa-de-gestion","tag-pit"],"yoast_head":"<!-- This site is optimized with the Yoast SEO plugin v26.3 - https:\/\/yoast.com\/wordpress\/plugins\/seo\/ -->\n<title>Primeros pasos de la Mesa de gesti\u00f3n de Agua para el Chaco Salte\u00f1o - Semi\u00e1ridos<\/title>\n<meta name=\"robots\" content=\"index, follow, max-snippet:-1, max-image-preview:large, max-video-preview:-1\" \/>\n<link rel=\"canonical\" href=\"https:\/\/www.semiaridos.org\/noticias\/primeros-pasos-la-mesa-gestion-agua-chaco-salteno\/\" \/>\n<meta property=\"og:locale\" content=\"pt_BR\" \/>\n<meta property=\"og:type\" content=\"article\" \/>\n<meta property=\"og:title\" content=\"Primeros pasos de la Mesa de gesti\u00f3n de Agua para el Chaco Salte\u00f1o - Semi\u00e1ridos\" \/>\n<meta property=\"og:description\" content=\"En el marco del convenio de cooperaci\u00f3n firmado en julio \u00faltimo en Salta, entre el Ministerio de Asuntos Ind\u00edgenas y Desarrollo Comunitario de Salta, la Plataforma Semi\u00e1ridos, la International Land Coalition (ILC-ALC)\" \/>\n<meta property=\"og:url\" content=\"https:\/\/www.semiaridos.org\/noticias\/primeros-pasos-la-mesa-gestion-agua-chaco-salteno\/\" \/>\n<meta property=\"og:site_name\" content=\"Semi\u00e1ridos\" \/>\n<meta property=\"article:published_time\" content=\"2016-09-23T16:10:16+00:00\" \/>\n<meta property=\"og:image\" content=\"https:\/\/www.semiaridos.org\/\/files\/2016\/09\/20160714_110605.jpg\" \/>\n\t<meta property=\"og:image:width\" content=\"1024\" \/>\n\t<meta property=\"og:image:height\" content=\"768\" \/>\n\t<meta property=\"og:image:type\" content=\"image\/jpeg\" \/>\n<meta name=\"author\" content=\"Semi\u00e1ridos Plataforma\" \/>\n<meta name=\"twitter:card\" content=\"summary_large_image\" \/>\n<meta name=\"twitter:label1\" content=\"Escrito por\" \/>\n\t<meta name=\"twitter:data1\" content=\"Semi\u00e1ridos Plataforma\" \/>\n\t<meta name=\"twitter:label2\" content=\"Est. tempo de leitura\" \/>\n\t<meta name=\"twitter:data2\" content=\"1 minuto\" \/>\n<script type=\"application\/ld+json\" class=\"yoast-schema-graph\">{\"@context\":\"https:\/\/schema.org\",\"@graph\":[{\"@type\":\"WebPage\",\"@id\":\"https:\/\/www.semiaridos.org\/noticias\/primeros-pasos-la-mesa-gestion-agua-chaco-salteno\/\",\"url\":\"https:\/\/www.semiaridos.org\/noticias\/primeros-pasos-la-mesa-gestion-agua-chaco-salteno\/\",\"name\":\"Primeros pasos de la Mesa de gesti\u00f3n de Agua para el Chaco Salte\u00f1o - Semi\u00e1ridos\",\"isPartOf\":{\"@id\":\"https:\/\/www.semiaridos.org\/#website\"},\"primaryImageOfPage\":{\"@id\":\"https:\/\/www.semiaridos.org\/noticias\/primeros-pasos-la-mesa-gestion-agua-chaco-salteno\/#primaryimage\"},\"image\":{\"@id\":\"https:\/\/www.semiaridos.org\/noticias\/primeros-pasos-la-mesa-gestion-agua-chaco-salteno\/#primaryimage\"},\"thumbnailUrl\":\"https:\/\/www.semiaridos.org\/\/files\/2016\/09\/20160714_110605.jpg\",\"datePublished\":\"2016-09-23T16:10:16+00:00\",\"author\":{\"@id\":\"https:\/\/www.semiaridos.org\/#\/schema\/person\/4c4cf6a3a8d1bd0c98c84259a5db4998\"},\"breadcrumb\":{\"@id\":\"https:\/\/www.semiaridos.org\/noticias\/primeros-pasos-la-mesa-gestion-agua-chaco-salteno\/#breadcrumb\"},\"inLanguage\":\"pt-BR\",\"potentialAction\":[{\"@type\":\"ReadAction\",\"target\":[\"https:\/\/www.semiaridos.org\/noticias\/primeros-pasos-la-mesa-gestion-agua-chaco-salteno\/\"]}]},{\"@type\":\"ImageObject\",\"inLanguage\":\"pt-BR\",\"@id\":\"https:\/\/www.semiaridos.org\/noticias\/primeros-pasos-la-mesa-gestion-agua-chaco-salteno\/#primaryimage\",\"url\":\"https:\/\/www.semiaridos.org\/\/files\/2016\/09\/20160714_110605.jpg\",\"contentUrl\":\"https:\/\/www.semiaridos.org\/\/files\/2016\/09\/20160714_110605.jpg\",\"width\":1024,\"height\":768},{\"@type\":\"BreadcrumbList\",\"@id\":\"https:\/\/www.semiaridos.org\/noticias\/primeros-pasos-la-mesa-gestion-agua-chaco-salteno\/#breadcrumb\",\"itemListElement\":[{\"@type\":\"ListItem\",\"position\":1,\"name\":\"Portada\",\"item\":\"https:\/\/www.semiaridos.org\/pt-br\/\"},{\"@type\":\"ListItem\",\"position\":2,\"name\":\"Primeros pasos de la Mesa de gesti\u00f3n de Agua para el Chaco Salte\u00f1o\"}]},{\"@type\":\"WebSite\",\"@id\":\"https:\/\/www.semiaridos.org\/#website\",\"url\":\"https:\/\/www.semiaridos.org\/\",\"name\":\"Semi\u00e1ridos\",\"description\":\"Otro sitio realizado con WordPress\",\"potentialAction\":[{\"@type\":\"SearchAction\",\"target\":{\"@type\":\"EntryPoint\",\"urlTemplate\":\"https:\/\/www.semiaridos.org\/?s={search_term_string}\"},\"query-input\":{\"@type\":\"PropertyValueSpecification\",\"valueRequired\":true,\"valueName\":\"search_term_string\"}}],\"inLanguage\":\"pt-BR\"},{\"@type\":\"Person\",\"@id\":\"https:\/\/www.semiaridos.org\/#\/schema\/person\/4c4cf6a3a8d1bd0c98c84259a5db4998\",\"name\":\"Semi\u00e1ridos Plataforma\",\"image\":{\"@type\":\"ImageObject\",\"inLanguage\":\"pt-BR\",\"@id\":\"https:\/\/www.semiaridos.org\/#\/schema\/person\/image\/\",\"url\":\"https:\/\/secure.gravatar.com\/avatar\/5ebd2905bbcce14afe1f3d0b167c53a55585123b9a8ebca5a6aa909278711be1?s=96&d=identicon&r=g\",\"contentUrl\":\"https:\/\/secure.gravatar.com\/avatar\/5ebd2905bbcce14afe1f3d0b167c53a55585123b9a8ebca5a6aa909278711be1?s=96&d=identicon&r=g\",\"caption\":\"Semi\u00e1ridos Plataforma\"},\"description\":\"Semi\u00e1ridos, iniciativa desarrollada en el marco de la International Land Coalition. Busca atender las problem\u00e1ticas de las zonas semi\u00e1ridas de Am\u00e9ricaLatina\",\"sameAs\":[\"http:\/\/www.semiaridos.org\"]}]}<\/script>\n<!-- \/ Yoast SEO plugin. -->","yoast_head_json":{"title":"Primeros pasos de la Mesa de gesti\u00f3n de Agua para el Chaco Salte\u00f1o - Semi\u00e1ridos","robots":{"index":"index","follow":"follow","max-snippet":"max-snippet:-1","max-image-preview":"max-image-preview:large","max-video-preview":"max-video-preview:-1"},"canonical":"https:\/\/www.semiaridos.org\/noticias\/primeros-pasos-la-mesa-gestion-agua-chaco-salteno\/","og_locale":"pt_BR","og_type":"article","og_title":"Primeros pasos de la Mesa de gesti\u00f3n de Agua para el Chaco Salte\u00f1o - Semi\u00e1ridos","og_description":"En el marco del convenio de cooperaci\u00f3n firmado en julio \u00faltimo en Salta, entre el Ministerio de Asuntos Ind\u00edgenas y Desarrollo Comunitario de Salta, la Plataforma Semi\u00e1ridos, la International Land Coalition (ILC-ALC)","og_url":"https:\/\/www.semiaridos.org\/noticias\/primeros-pasos-la-mesa-gestion-agua-chaco-salteno\/","og_site_name":"Semi\u00e1ridos","article_published_time":"2016-09-23T16:10:16+00:00","og_image":[{"width":1024,"height":768,"url":"https:\/\/www.semiaridos.org\/\/files\/2016\/09\/20160714_110605.jpg","type":"image\/jpeg"}],"author":"Semi\u00e1ridos Plataforma","twitter_card":"summary_large_image","twitter_misc":{"Escrito por":"Semi\u00e1ridos Plataforma","Est. tempo de leitura":"1 minuto"},"schema":{"@context":"https:\/\/schema.org","@graph":[{"@type":"WebPage","@id":"https:\/\/www.semiaridos.org\/noticias\/primeros-pasos-la-mesa-gestion-agua-chaco-salteno\/","url":"https:\/\/www.semiaridos.org\/noticias\/primeros-pasos-la-mesa-gestion-agua-chaco-salteno\/","name":"Primeros pasos de la Mesa de gesti\u00f3n de Agua para el Chaco Salte\u00f1o - Semi\u00e1ridos","isPartOf":{"@id":"https:\/\/www.semiaridos.org\/#website"},"primaryImageOfPage":{"@id":"https:\/\/www.semiaridos.org\/noticias\/primeros-pasos-la-mesa-gestion-agua-chaco-salteno\/#primaryimage"},"image":{"@id":"https:\/\/www.semiaridos.org\/noticias\/primeros-pasos-la-mesa-gestion-agua-chaco-salteno\/#primaryimage"},"thumbnailUrl":"https:\/\/www.semiaridos.org\/\/files\/2016\/09\/20160714_110605.jpg","datePublished":"2016-09-23T16:10:16+00:00","author":{"@id":"https:\/\/www.semiaridos.org\/#\/schema\/person\/4c4cf6a3a8d1bd0c98c84259a5db4998"},"breadcrumb":{"@id":"https:\/\/www.semiaridos.org\/noticias\/primeros-pasos-la-mesa-gestion-agua-chaco-salteno\/#breadcrumb"},"inLanguage":"pt-BR","potentialAction":[{"@type":"ReadAction","target":["https:\/\/www.semiaridos.org\/noticias\/primeros-pasos-la-mesa-gestion-agua-chaco-salteno\/"]}]},{"@type":"ImageObject","inLanguage":"pt-BR","@id":"https:\/\/www.semiaridos.org\/noticias\/primeros-pasos-la-mesa-gestion-agua-chaco-salteno\/#primaryimage","url":"https:\/\/www.semiaridos.org\/\/files\/2016\/09\/20160714_110605.jpg","contentUrl":"https:\/\/www.semiaridos.org\/\/files\/2016\/09\/20160714_110605.jpg","width":1024,"height":768},{"@type":"BreadcrumbList","@id":"https:\/\/www.semiaridos.org\/noticias\/primeros-pasos-la-mesa-gestion-agua-chaco-salteno\/#breadcrumb","itemListElement":[{"@type":"ListItem","position":1,"name":"Portada","item":"https:\/\/www.semiaridos.org\/pt-br\/"},{"@type":"ListItem","position":2,"name":"Primeros pasos de la Mesa de gesti\u00f3n de Agua para el Chaco Salte\u00f1o"}]},{"@type":"WebSite","@id":"https:\/\/www.semiaridos.org\/#website","url":"https:\/\/www.semiaridos.org\/","name":"Semi\u00e1ridos","description":"Otro sitio realizado con WordPress","potentialAction":[{"@type":"SearchAction","target":{"@type":"EntryPoint","urlTemplate":"https:\/\/www.semiaridos.org\/?s={search_term_string}"},"query-input":{"@type":"PropertyValueSpecification","valueRequired":true,"valueName":"search_term_string"}}],"inLanguage":"pt-BR"},{"@type":"Person","@id":"https:\/\/www.semiaridos.org\/#\/schema\/person\/4c4cf6a3a8d1bd0c98c84259a5db4998","name":"Semi\u00e1ridos Plataforma","image":{"@type":"ImageObject","inLanguage":"pt-BR","@id":"https:\/\/www.semiaridos.org\/#\/schema\/person\/image\/","url":"https:\/\/secure.gravatar.com\/avatar\/5ebd2905bbcce14afe1f3d0b167c53a55585123b9a8ebca5a6aa909278711be1?s=96&d=identicon&r=g","contentUrl":"https:\/\/secure.gravatar.com\/avatar\/5ebd2905bbcce14afe1f3d0b167c53a55585123b9a8ebca5a6aa909278711be1?s=96&d=identicon&r=g","caption":"Semi\u00e1ridos Plataforma"},"description":"Semi\u00e1ridos, iniciativa desarrollada en el marco de la International Land Coalition. Busca atender las problem\u00e1ticas de las zonas semi\u00e1ridas de Am\u00e9ricaLatina","sameAs":["http:\/\/www.semiaridos.org"]}]}},"_links":{"self":[{"href":"https:\/\/www.semiaridos.org\/pt-br\/wp-json\/wp\/v2\/posts\/819","targetHints":{"allow":["GET"]}}],"collection":[{"href":"https:\/\/www.semiaridos.org\/pt-br\/wp-json\/wp\/v2\/posts"}],"about":[{"href":"https:\/\/www.semiaridos.org\/pt-br\/wp-json\/wp\/v2\/types\/post"}],"author":[{"embeddable":true,"href":"https:\/\/www.semiaridos.org\/pt-br\/wp-json\/wp\/v2\/users\/4"}],"replies":[{"embeddable":true,"href":"https:\/\/www.semiaridos.org\/pt-br\/wp-json\/wp\/v2\/comments?post=819"}],"version-history":[{"count":1,"href":"https:\/\/www.semiaridos.org\/pt-br\/wp-json\/wp\/v2\/posts\/819\/revisions"}],"predecessor-version":[{"id":821,"href":"https:\/\/www.semiaridos.org\/pt-br\/wp-json\/wp\/v2\/posts\/819\/revisions\/821"}],"wp:featuredmedia":[{"embeddable":true,"href":"https:\/\/www.semiaridos.org\/pt-br\/wp-json\/wp\/v2\/media\/820"}],"wp:attachment":[{"href":"https:\/\/www.semiaridos.org\/pt-br\/wp-json\/wp\/v2\/media?parent=819"}],"wp:term":[{"taxonomy":"category","embeddable":true,"href":"https:\/\/www.semiaridos.org\/pt-br\/wp-json\/wp\/v2\/categories?post=819"},{"taxonomy":"post_tag","embeddable":true,"href":"https:\/\/www.semiaridos.org\/pt-br\/wp-json\/wp\/v2\/tags?post=819"}],"curies":[{"name":"wp","href":"https:\/\/api.w.org\/{rel}","templated":true}]}}